{"id":98664,"date":"2026-08-30T21:18:16","date_gmt":"2026-08-31T03:18:16","guid":{"rendered":"https:\/\/medianews.mx\/?p=98664"},"modified":"2026-08-30T21:18:16","modified_gmt":"2026-08-31T03:18:16","slug":"la-transformacion-se-traduce-en-bienestar-para-42-millones-de-mexicanas-y-mexicanos-fabiola-alanis","status":"publish","type":"post","link":"https:\/\/medianews.mx\/index.php\/2026\/08\/30\/la-transformacion-se-traduce-en-bienestar-para-42-millones-de-mexicanas-y-mexicanos-fabiola-alanis\/","title":{"rendered":"La transformaci\u00f3n se traduce en bienestar para 42 millones de mexicanas y mexicanos: Fabiola Alan\u00eds"},"content":{"rendered":"<p>La presidenta Claudia Sheinbaum ha consolidado durante su segundo a\u00f1o de gobierno una pol\u00edtica de bienestar que coloca a las personas en el centro de las decisiones p\u00fablicas, con una inversi\u00f3n de un bill\u00f3n de pesos que permite que 42 millones de mexicanas y mexicanos reciban al menos un Programa para el Bienestar, destac\u00f3 Fabiola Alan\u00eds.<\/p>\n<p>La doctora en Ciencias Sociales se\u00f1al\u00f3 que la dimensi\u00f3n de esta pol\u00edtica demuestra que la Cuarta Transformaci\u00f3n no concibe el bienestar como una ayuda temporal, sino como un derecho y una herramienta para reducir desigualdades y ampliar oportunidades.<\/p>\n<p>En Michoac\u00e1n, esta inversi\u00f3n para garant\u00eda de derechos sociales es de 39.8 mil millones de pesos, que garantizan al menos un apoyo directo para 1 mill\u00f3n 680 mil personas, desde adultas y adultos mayores hasta estudiantes y productoras y productores.<\/p>\n<p><img loading=\"lazy\" decoding=\"async\" class=\"alignnone size-medium wp-image-98667\" src=\"https:\/\/medianews.mx\/wp-content\/uploads\/2026\/08\/c30b219e-c656-456f-9de1-2f506edb5ef6-300x200.jpeg\" alt=\"\" width=\"300\" height=\"200\" srcset=\"https:\/\/medianews.mx\/wp-content\/uploads\/2026\/08\/c30b219e-c656-456f-9de1-2f506edb5ef6-300x200.jpeg 300w, https:\/\/medianews.mx\/wp-content\/uploads\/2026\/08\/c30b219e-c656-456f-9de1-2f506edb5ef6-1024x683.jpeg 1024w, https:\/\/medianews.mx\/wp-content\/uploads\/2026\/08\/c30b219e-c656-456f-9de1-2f506edb5ef6-768x512.jpeg 768w, https:\/\/medianews.mx\/wp-content\/uploads\/2026\/08\/c30b219e-c656-456f-9de1-2f506edb5ef6-150x100.jpeg 150w, https:\/\/medianews.mx\/wp-content\/uploads\/2026\/08\/c30b219e-c656-456f-9de1-2f506edb5ef6-696x464.jpeg 696w, https:\/\/medianews.mx\/wp-content\/uploads\/2026\/08\/c30b219e-c656-456f-9de1-2f506edb5ef6-1068x712.jpeg 1068w, https:\/\/medianews.mx\/wp-content\/uploads\/2026\/08\/c30b219e-c656-456f-9de1-2f506edb5ef6.jpeg 1125w\" sizes=\"auto, (max-width: 300px) 100vw, 300px\" \/><\/p>\n<p>A nivel nacional, quienes reciben estos apoyos son m\u00e1s de14.1 millones de personas adultas mayores, 3 millones de mujeres de 60 a 64 a\u00f1os y 1.8 millones de personas con discapacidad, adem\u00e1s de 500 mil j\u00f3venes incorporados a J\u00f3venes Construyendo el Futuro y 300 mil ni\u00f1as y ni\u00f1os de familias vulnerables que reciben atenci\u00f3n y cuidado.<\/p>\n<p>Fabiola Alan\u00eds destac\u00f3 tambi\u00e9n la dimensi\u00f3n productiva de la pol\u00edtica social en todo el pa\u00eds: 1.9 millones de productoras y productores reciben Producci\u00f3n para el Bienestar; 423 mil participan en Sembrando Vida; 2.16 millones de trabajadores del campo reciben Fertilizantes para el Bienestar y 190 mil pescadores cuentan con Bienpesca.<\/p>\n<p>\u201cEl bienestar no es solamente entregar un apoyo; es reconocer derechos, fortalecer a las familias y darle herramientas a quienes producen y trabajan para que puedan salir adelante. Ese es el sentido profundo de la Transformaci\u00f3n\u201d, afirm\u00f3.<br \/>\nY en particular, en nuestro estado se impulsa la justica social, con el Plan Michoac\u00e1n, por la Paz y la Justicia y los planes de justicia de los pueblos Purh\u00e9pecha, Mazahua, Otom\u00ed, Matlatzinca y Nahua de la Costa de Michoac\u00e1n.<\/p>\n<p>La fundadora de Morena reconoci\u00f3 el liderazgo de Claudia Sheinbaum y sostuvo que estos resultados son una raz\u00f3n concreta para continuar consolidando el proyecto iniciado por Andr\u00e9s Manuel L\u00f3pez Obrador.<\/p>\n<p>\u201cNuestra Presidenta est\u00e1 demostrando que cuando el gobierno pone en el centro a la gente, los recursos p\u00fablicos se convierten en bienestar, oportunidades y justicia social. Claudia Sheinbaum est\u00e1 haciendo realidad la prosperidad compartida y desde Michoac\u00e1n vamos a seguir respaldando esta transformaci\u00f3n\u201d, concluy\u00f3.<\/p>\n","protected":false},"excerpt":{"rendered":"<p>La presidenta Claudia Sheinbaum ha consolidado durante su segundo a\u00f1o de gobierno una pol\u00edtica de bienestar que coloca a las personas en el centro de las decisiones p\u00fablicas, con una inversi\u00f3n de un bill\u00f3n de pesos que permite que 42 millones de mexicanas y mexicanos reciban al menos un Programa para el Bienestar, destac\u00f3 Fabiola [&hellip;]<\/p>\n","protected":false},"author":2,"featured_media":98667,"comment_status":"closed","ping_status":"closed","sticky":false,"template":"","format":"standard","meta":{"om_disable_all_campaigns":false,"_monsterinsights_skip_tracking":false,"_uf_show_specific_survey":0,"_uf_disable_surveys":false,"_jetpack_memberships_contains_paid_content":false,"footnotes":"","jetpack_publicize_message":"La transformaci\u00f3n se traduce en bienestar para 42 millones de mexicanas y mexicanos: Fabiola Alan\u00eds","jetpack_publicize_feature_enabled":true,"jetpack_social_post_already_shared":true,"jetpack_social_options":{"image_generator_settings":{"template":"highway","default_image_id":0,"enabled":false},"version":2}},"categories":[63,1],"tags":[],"class_list":["post-98664","post","type-post","status-publish","format-standard","has-post-thumbnail","category-politica","category-uncategorized"],"aioseo_notices":[],"jetpack_publicize_connections":[],"jetpack_featured_media_url":"https:\/\/medianews.mx\/wp-content\/uploads\/2026\/08\/c30b219e-c656-456f-9de1-2f506edb5ef6.jpeg","jetpack_sharing_enabled":true,"_links":{"self":[{"href":"https:\/\/medianews.mx\/index.php\/wp-json\/wp\/v2\/posts\/98664","targetHints":{"allow":["GET"]}}],"collection":[{"href":"https:\/\/medianews.mx\/index.php\/wp-json\/wp\/v2\/posts"}],"about":[{"href":"https:\/\/medianews.mx\/index.php\/wp-json\/wp\/v2\/types\/post"}],"author":[{"embeddable":true,"href":"https:\/\/medianews.mx\/index.php\/wp-json\/wp\/v2\/users\/2"}],"replies":[{"embeddable":true,"href":"https:\/\/medianews.mx\/index.php\/wp-json\/wp\/v2\/comments?post=98664"}],"version-history":[{"count":2,"href":"https:\/\/medianews.mx\/index.php\/wp-json\/wp\/v2\/posts\/98664\/revisions"}],"predecessor-version":[{"id":98668,"href":"https:\/\/medianews.mx\/index.php\/wp-json\/wp\/v2\/posts\/98664\/revisions\/98668"}],"wp:featuredmedia":[{"embeddable":true,"href":"https:\/\/medianews.mx\/index.php\/wp-json\/wp\/v2\/media\/98667"}],"wp:attachment":[{"href":"https:\/\/medianews.mx\/index.php\/wp-json\/wp\/v2\/media?parent=98664"}],"wp:term":[{"taxonomy":"category","embeddable":true,"href":"https:\/\/medianews.mx\/index.php\/wp-json\/wp\/v2\/categories?post=98664"},{"taxonomy":"post_tag","embeddable":true,"href":"https:\/\/medianews.mx\/index.php\/wp-json\/wp\/v2\/tags?post=98664"}],"curies":[{"name":"wp","href":"https:\/\/api.w.org\/{rel}","templated":true}]}}