{"id":98669,"date":"2026-08-31T08:15:19","date_gmt":"2026-08-31T14:15:19","guid":{"rendered":"https:\/\/medianews.mx\/?p=98669"},"modified":"2026-08-31T08:15:19","modified_gmt":"2026-08-31T14:15:19","slug":"torres-pina-encarna-en-territorio-los-resultados-del-plan-michoacan","status":"publish","type":"post","link":"https:\/\/medianews.mx\/index.php\/2026\/08\/31\/torres-pina-encarna-en-territorio-los-resultados-del-plan-michoacan\/","title":{"rendered":"Torres Pi\u00f1a encarna en territorio los resultados del plan Michoac\u00e1n"},"content":{"rendered":"<p>Morelia, Michoac\u00e1n, 30 de agosto de 2026.\u2014 A unos d\u00edas del Segundo Informe de Gobierno de la presidenta Claudia Sheinbaum Pardo, Carlos Torres Pi\u00f1a se ha consolidado como uno de los perfiles que mejor representa en Michoac\u00e1n la l\u00f3gica del nuevo modelo de gobierno: presencia territorial permanente, coordinaci\u00f3n entre instituciones y resultados concretos en materia de seguridad.<\/p>\n<p>Durante las \u00faltimas semanas, Torres Pi\u00f1a ha intensificado sus recorridos por distintas regiones de Michoac\u00e1n y el di\u00e1logo con militantes, j\u00f3venes, mujeres, pueblos originarios, sindicatos, trabajadores de la educaci\u00f3n, artesanas y artesanos, colectivos de la diversidad sexual, animalistas, adultos mayores y sectores productivos. Esa presencia en territorio coincide con uno de los pilares centrales del Plan Michoac\u00e1n por la Paz y la Justicia impulsado por la presidenta Claudia Sheinbaum: conocer las regiones, atender sus particularidades y construir soluciones desde el contacto directo con la poblaci\u00f3n.<\/p>\n<p>El segundo elemento es la coordinaci\u00f3n. La estrategia federal para Michoac\u00e1n ha colocado como ejes la presencia territorial, la inteligencia y la investigaci\u00f3n, la coordinaci\u00f3n institucional y la protecci\u00f3n de los sectores productivos. Los resultados comienzan a reflejar ese cambio: el promedio diario de homicidios dolosos en Michoac\u00e1n se redujo 41.8 por ciento y el estado pas\u00f3 del tercer lugar nacional en este delito en 2021 al lugar 12 en 2026.<\/p>\n<p>Esta nueva l\u00f3gica tambi\u00e9n se observa en el combate directo a los generadores de violencia y a las estructuras dedicadas a la extorsi\u00f3n. En el marco del Plan Michoac\u00e1n se reportan 950 personas detenidas, entre ellas objetivos prioritarios relacionados con el cobro de cuotas a productores, comerciantes, transportistas y empacadoras; adem\u00e1s, este 30 de agosto se inform\u00f3 que durante 2026 han sido detenidas 52 personas relacionadas con extorsi\u00f3n en la entidad.<\/p>\n<p>Torres Pi\u00f1a ha sostenido que estos resultados muestran que la seguridad no se transforma con discursos aislados ni con estrategias improvisadas, sino con instituciones que investiguen, autoridades que se coordinen y presencia permanente en las regiones. A unos d\u00edas del Segundo Informe de Gobierno, Michoac\u00e1n ofrece un ejemplo concreto de la visi\u00f3n de la presidenta Claudia Sheinbaum: atender las causas, recuperar territorio, usar inteligencia y fortalecer la coordinaci\u00f3n para construir paz con resultados.<\/p>\n<p>El reto, ha se\u00f1alado, es profundizar esa ruta. Michoac\u00e1n necesita que la transformaci\u00f3n siga teniendo territorio, capacidad de di\u00e1logo y resultados. Esa es tambi\u00e9n la definici\u00f3n pol\u00edtica de esta etapa: gobernar cerca de la gente, coordinar esfuerzos y demostrar con hechos que una nueva pol\u00edtica de seguridad s\u00ed puede cambiar la realidad del estado.<\/p>\n<p><img loading=\"lazy\" decoding=\"async\" class=\"alignnone size-medium wp-image-98670\" src=\"https:\/\/medianews.mx\/wp-content\/uploads\/2026\/08\/WhatsApp-Image-2026-08-31-at-5.14.55-AM-300x200.jpeg\" alt=\"\" width=\"300\" height=\"200\" srcset=\"https:\/\/medianews.mx\/wp-content\/uploads\/2026\/08\/WhatsApp-Image-2026-08-31-at-5.14.55-AM-300x200.jpeg 300w, https:\/\/medianews.mx\/wp-content\/uploads\/2026\/08\/WhatsApp-Image-2026-08-31-at-5.14.55-AM-1024x683.jpeg 1024w, https:\/\/medianews.mx\/wp-content\/uploads\/2026\/08\/WhatsApp-Image-2026-08-31-at-5.14.55-AM-768x512.jpeg 768w, https:\/\/medianews.mx\/wp-content\/uploads\/2026\/08\/WhatsApp-Image-2026-08-31-at-5.14.55-AM-1536x1024.jpeg 1536w, https:\/\/medianews.mx\/wp-content\/uploads\/2026\/08\/WhatsApp-Image-2026-08-31-at-5.14.55-AM-2048x1365.jpeg 2048w, https:\/\/medianews.mx\/wp-content\/uploads\/2026\/08\/WhatsApp-Image-2026-08-31-at-5.14.55-AM-150x100.jpeg 150w, https:\/\/medianews.mx\/wp-content\/uploads\/2026\/08\/WhatsApp-Image-2026-08-31-at-5.14.55-AM-696x464.jpeg 696w, https:\/\/medianews.mx\/wp-content\/uploads\/2026\/08\/WhatsApp-Image-2026-08-31-at-5.14.55-AM-1068x712.jpeg 1068w, https:\/\/medianews.mx\/wp-content\/uploads\/2026\/08\/WhatsApp-Image-2026-08-31-at-5.14.55-AM-1920x1280.jpeg 1920w\" sizes=\"auto, (max-width: 300px) 100vw, 300px\" \/><\/p>\n","protected":false},"excerpt":{"rendered":"<p>Morelia, Michoac\u00e1n, 30 de agosto de 2026.\u2014 A unos d\u00edas del Segundo Informe de Gobierno de la presidenta Claudia Sheinbaum Pardo, Carlos Torres Pi\u00f1a se ha consolidado como uno de los perfiles que mejor representa en Michoac\u00e1n la l\u00f3gica del nuevo modelo de gobierno: presencia territorial permanente, coordinaci\u00f3n entre instituciones y resultados concretos en materia [&hellip;]<\/p>\n","protected":false},"author":2,"featured_media":98670,"comment_status":"closed","ping_status":"closed","sticky":false,"template":"","format":"standard","meta":{"om_disable_all_campaigns":false,"_monsterinsights_skip_tracking":false,"_uf_show_specific_survey":0,"_uf_disable_surveys":false,"_jetpack_memberships_contains_paid_content":false,"footnotes":"","jetpack_publicize_message":"","jetpack_publicize_feature_enabled":true,"jetpack_social_post_already_shared":true,"jetpack_social_options":{"image_generator_settings":{"template":"highway","default_image_id":0,"enabled":false},"version":2}},"categories":[15],"tags":[1539,1540,1740,90],"class_list":["post-98669","post","type-post","status-publish","format-standard","has-post-thumbnail","category-michoacan","tag-plan-michoacan","tag-resultados","tag-territorio","tag-torres-pina"],"aioseo_notices":[],"jetpack_publicize_connections":[],"jetpack_featured_media_url":"https:\/\/medianews.mx\/wp-content\/uploads\/2026\/08\/WhatsApp-Image-2026-08-31-at-5.14.55-AM-scaled.jpeg","jetpack_sharing_enabled":true,"_links":{"self":[{"href":"https:\/\/medianews.mx\/index.php\/wp-json\/wp\/v2\/posts\/98669","targetHints":{"allow":["GET"]}}],"collection":[{"href":"https:\/\/medianews.mx\/index.php\/wp-json\/wp\/v2\/posts"}],"about":[{"href":"https:\/\/medianews.mx\/index.php\/wp-json\/wp\/v2\/types\/post"}],"author":[{"embeddable":true,"href":"https:\/\/medianews.mx\/index.php\/wp-json\/wp\/v2\/users\/2"}],"replies":[{"embeddable":true,"href":"https:\/\/medianews.mx\/index.php\/wp-json\/wp\/v2\/comments?post=98669"}],"version-history":[{"count":1,"href":"https:\/\/medianews.mx\/index.php\/wp-json\/wp\/v2\/posts\/98669\/revisions"}],"predecessor-version":[{"id":98671,"href":"https:\/\/medianews.mx\/index.php\/wp-json\/wp\/v2\/posts\/98669\/revisions\/98671"}],"wp:featuredmedia":[{"embeddable":true,"href":"https:\/\/medianews.mx\/index.php\/wp-json\/wp\/v2\/media\/98670"}],"wp:attachment":[{"href":"https:\/\/medianews.mx\/index.php\/wp-json\/wp\/v2\/media?parent=98669"}],"wp:term":[{"taxonomy":"category","embeddable":true,"href":"https:\/\/medianews.mx\/index.php\/wp-json\/wp\/v2\/categories?post=98669"},{"taxonomy":"post_tag","embeddable":true,"href":"https:\/\/medianews.mx\/index.php\/wp-json\/wp\/v2\/tags?post=98669"}],"curies":[{"name":"wp","href":"https:\/\/api.w.org\/{rel}","templated":true}]}}