{"id":98672,"date":"2026-08-31T08:17:44","date_gmt":"2026-08-31T14:17:44","guid":{"rendered":"https:\/\/medianews.mx\/?p=98672"},"modified":"2026-08-31T08:17:44","modified_gmt":"2026-08-31T14:17:44","slug":"conmemoran-en-morelia-y-patzcuaro-dia-internacional-de-las-victimas-de-desapariciones-forzadas","status":"publish","type":"post","link":"https:\/\/medianews.mx\/index.php\/2026\/08\/31\/conmemoran-en-morelia-y-patzcuaro-dia-internacional-de-las-victimas-de-desapariciones-forzadas\/","title":{"rendered":"Conmemoran en Morelia y P\u00e1tzcuaro D\u00eda Internacional de las V\u00edctimas de Desapariciones Forzadas"},"content":{"rendered":"<p>RED 113 MICHOAC\u00c1N\/Redacci\u00f3n<\/p>\n<p>Morelia, Mich.- 30 de agosto de 2026.- Bajo la consigna \u201c\u00a1Hasta encontrarlos!\u201d, familiares de personas desaparecidas, madres buscadoras y colectivos realizaron este domingo diversas actividades en Morelia y P\u00e1tzcuaro, en el marco del D\u00eda Internacional de las V\u00edctimas de Desapariciones Forzadas.<\/p>\n<p>En la capital michoacana, familiares y buscadores se concentraron en las plazas de Armas y Melchor Ocampo, donde colocaron mantas con fotograf\u00edas, nombres e informaci\u00f3n de sus seres queridos, con el prop\u00f3sito de mantener visibles los casos y exigir avances en su localizaci\u00f3n.<\/p>\n<p>De manera paralela, en P\u00e1tzcuaro se llev\u00f3 a cabo una marcha pac\u00edfica encabezada por familiares de personas desaparecidas y el colectivo Buscando Tus Pasos, como parte de las actividades de conmemoraci\u00f3n, difusi\u00f3n y prevenci\u00f3n frente al fen\u00f3meno de la desaparici\u00f3n.<\/p>\n<p>Las actividades desarrolladas este domingo en Morelia y P\u00e1tzcuaro tuvieron como eje com\u00fan la exigencia de localizar a las personas desaparecidas y mantener vigente la demanda de verdad, justicia y atenci\u00f3n para sus familias.<\/p>\n<p><img loading=\"lazy\" decoding=\"async\" class=\"alignnone size-medium wp-image-98673\" src=\"https:\/\/medianews.mx\/wp-content\/uploads\/2026\/08\/WhatsApp-Image-2026-08-30-at-11.30.13-PM-300x200.jpeg\" alt=\"\" width=\"300\" height=\"200\" srcset=\"https:\/\/medianews.mx\/wp-content\/uploads\/2026\/08\/WhatsApp-Image-2026-08-30-at-11.30.13-PM-300x200.jpeg 300w, https:\/\/medianews.mx\/wp-content\/uploads\/2026\/08\/WhatsApp-Image-2026-08-30-at-11.30.13-PM-1024x682.jpeg 1024w, https:\/\/medianews.mx\/wp-content\/uploads\/2026\/08\/WhatsApp-Image-2026-08-30-at-11.30.13-PM-768x512.jpeg 768w, https:\/\/medianews.mx\/wp-content\/uploads\/2026\/08\/WhatsApp-Image-2026-08-30-at-11.30.13-PM-150x100.jpeg 150w, https:\/\/medianews.mx\/wp-content\/uploads\/2026\/08\/WhatsApp-Image-2026-08-30-at-11.30.13-PM-696x464.jpeg 696w, https:\/\/medianews.mx\/wp-content\/uploads\/2026\/08\/WhatsApp-Image-2026-08-30-at-11.30.13-PM-1068x712.jpeg 1068w, https:\/\/medianews.mx\/wp-content\/uploads\/2026\/08\/WhatsApp-Image-2026-08-30-at-11.30.13-PM.jpeg 1280w\" sizes=\"auto, (max-width: 300px) 100vw, 300px\" \/><\/p>\n","protected":false},"excerpt":{"rendered":"<p>RED 113 MICHOAC\u00c1N\/Redacci\u00f3n Morelia, Mich.- 30 de agosto de 2026.- Bajo la consigna \u201c\u00a1Hasta encontrarlos!\u201d, familiares de personas desaparecidas, madres buscadoras y colectivos realizaron este domingo diversas actividades en Morelia y P\u00e1tzcuaro, en el marco del D\u00eda Internacional de las V\u00edctimas de Desapariciones Forzadas. En la capital michoacana, familiares y buscadores se concentraron en las [&hellip;]<\/p>\n","protected":false},"author":2,"featured_media":98673,"comment_status":"closed","ping_status":"closed","sticky":false,"template":"","format":"standard","meta":{"om_disable_all_campaigns":false,"_monsterinsights_skip_tracking":false,"_uf_show_specific_survey":0,"_uf_disable_surveys":false,"_jetpack_memberships_contains_paid_content":false,"footnotes":"","jetpack_publicize_message":"Conmemoran en Morelia y P\u00e1tzcuaro D\u00eda Internacional de las V\u00edctimas de Desapariciones Forzadas\r\n\r\n+Familiares y colectivos realizaron concentraciones y una marcha para visibilizar la b\u00fasqueda de personas desaparecidas en Michoac\u00e1n.","jetpack_publicize_feature_enabled":true,"jetpack_social_post_already_shared":true,"jetpack_social_options":{"image_generator_settings":{"template":"highway","default_image_id":0,"enabled":false},"version":2}},"categories":[15,17],"tags":[1743,1741,51,270,1742],"class_list":["post-98672","post","type-post","status-publish","format-standard","has-post-thumbnail","category-michoacan","category-morelia","tag-conmemoran","tag-desapariciones-forzadas","tag-morelia","tag-patzcuaro","tag-victimas"],"aioseo_notices":[],"jetpack_publicize_connections":[],"jetpack_featured_media_url":"https:\/\/medianews.mx\/wp-content\/uploads\/2026\/08\/WhatsApp-Image-2026-08-30-at-11.30.13-PM.jpeg","jetpack_sharing_enabled":true,"_links":{"self":[{"href":"https:\/\/medianews.mx\/index.php\/wp-json\/wp\/v2\/posts\/98672","targetHints":{"allow":["GET"]}}],"collection":[{"href":"https:\/\/medianews.mx\/index.php\/wp-json\/wp\/v2\/posts"}],"about":[{"href":"https:\/\/medianews.mx\/index.php\/wp-json\/wp\/v2\/types\/post"}],"author":[{"embeddable":true,"href":"https:\/\/medianews.mx\/index.php\/wp-json\/wp\/v2\/users\/2"}],"replies":[{"embeddable":true,"href":"https:\/\/medianews.mx\/index.php\/wp-json\/wp\/v2\/comments?post=98672"}],"version-history":[{"count":1,"href":"https:\/\/medianews.mx\/index.php\/wp-json\/wp\/v2\/posts\/98672\/revisions"}],"predecessor-version":[{"id":98674,"href":"https:\/\/medianews.mx\/index.php\/wp-json\/wp\/v2\/posts\/98672\/revisions\/98674"}],"wp:featuredmedia":[{"embeddable":true,"href":"https:\/\/medianews.mx\/index.php\/wp-json\/wp\/v2\/media\/98673"}],"wp:attachment":[{"href":"https:\/\/medianews.mx\/index.php\/wp-json\/wp\/v2\/media?parent=98672"}],"wp:term":[{"taxonomy":"category","embeddable":true,"href":"https:\/\/medianews.mx\/index.php\/wp-json\/wp\/v2\/categories?post=98672"},{"taxonomy":"post_tag","embeddable":true,"href":"https:\/\/medianews.mx\/index.php\/wp-json\/wp\/v2\/tags?post=98672"}],"curies":[{"name":"wp","href":"https:\/\/api.w.org\/{rel}","templated":true}]}}