{"id":98675,"date":"2026-08-31T08:19:17","date_gmt":"2026-08-31T14:19:17","guid":{"rendered":"https:\/\/medianews.mx\/?p=98675"},"modified":"2026-08-31T08:19:17","modified_gmt":"2026-08-31T14:19:17","slug":"localizan-a-cazador-sin-vida-dentro-de-barranco-en-periban","status":"publish","type":"post","link":"https:\/\/medianews.mx\/index.php\/2026\/08\/31\/localizan-a-cazador-sin-vida-dentro-de-barranco-en-periban\/","title":{"rendered":"Localizan a cazador sin vida dentro de barranco en Perib\u00e1n"},"content":{"rendered":"<p>RED 113 MICHOAC\u00c1N\/Redacci\u00f3n<\/p>\n<p>Perib\u00e1n, Mich.- 30 de agosto de 2026.- La tarde de este domingo, fue localizado dentro de un barranco, junto a un r\u00edo de la comunidad de Corona, perteneciente a este municipio de Perib\u00e1n, el cuerpo sin vida de un hombre que desapareci\u00f3 desde la tarde del pasado s\u00e1bado cuando realizaba labores de caza silvestre en el cerro El Rinc\u00f3n.<\/p>\n<p>De acuerdo a la informaci\u00f3n dada a conocer a las autoridades por parte de los familiares del ahora finado, se pudo establecer que respond\u00eda en vida a nombre de Jes\u00fas E., de 53 a\u00f1os de edad, con domicilio en la tenencia de Corona.<\/p>\n<p>Se supo que el hombre sali\u00f3 de su hogar con rumbo a la zona donde hab\u00eda colocado trampas para atrapar animales.<\/p>\n<p>Parientes de Jes\u00fas al no saber de \u00e9l, salieron a buscarlo con amigos, elementos de Protecci\u00f3n Civil y polic\u00edas locales, y por la tarde fue que hallaron su cuerpo con diversas lesiones.<\/p>\n<p>En el sitio se aperson\u00f3 gente de la Fiscal\u00eda General de Estado para efectuar las primeras investigaciones y ordenaron llevar el cuerpo a una funeraria de Los Reyes para efectuar ah\u00ed la necropsia de ley y conocer las causas del fallecimiento.<\/p>\n<p><img loading=\"lazy\" decoding=\"async\" class=\"alignnone size-medium wp-image-98676\" src=\"https:\/\/medianews.mx\/wp-content\/uploads\/2026\/08\/WhatsApp-Image-2026-08-30-at-9.27.42-PM-225x300.jpeg\" alt=\"\" width=\"225\" height=\"300\" srcset=\"https:\/\/medianews.mx\/wp-content\/uploads\/2026\/08\/WhatsApp-Image-2026-08-30-at-9.27.42-PM-225x300.jpeg 225w, https:\/\/medianews.mx\/wp-content\/uploads\/2026\/08\/WhatsApp-Image-2026-08-30-at-9.27.42-PM-768x1024.jpeg 768w, https:\/\/medianews.mx\/wp-content\/uploads\/2026\/08\/WhatsApp-Image-2026-08-30-at-9.27.42-PM-150x200.jpeg 150w, https:\/\/medianews.mx\/wp-content\/uploads\/2026\/08\/WhatsApp-Image-2026-08-30-at-9.27.42-PM-300x400.jpeg 300w, https:\/\/medianews.mx\/wp-content\/uploads\/2026\/08\/WhatsApp-Image-2026-08-30-at-9.27.42-PM-696x928.jpeg 696w, https:\/\/medianews.mx\/wp-content\/uploads\/2026\/08\/WhatsApp-Image-2026-08-30-at-9.27.42-PM.jpeg 960w\" sizes=\"auto, (max-width: 225px) 100vw, 225px\" \/><\/p>\n","protected":false},"excerpt":{"rendered":"<p>RED 113 MICHOAC\u00c1N\/Redacci\u00f3n Perib\u00e1n, Mich.- 30 de agosto de 2026.- La tarde de este domingo, fue localizado dentro de un barranco, junto a un r\u00edo de la comunidad de Corona, perteneciente a este municipio de Perib\u00e1n, el cuerpo sin vida de un hombre que desapareci\u00f3 desde la tarde del pasado s\u00e1bado cuando realizaba labores de [&hellip;]<\/p>\n","protected":false},"author":2,"featured_media":98676,"comment_status":"closed","ping_status":"closed","sticky":false,"template":"","format":"standard","meta":{"om_disable_all_campaigns":false,"_monsterinsights_skip_tracking":false,"_uf_show_specific_survey":0,"_uf_disable_surveys":false,"_jetpack_memberships_contains_paid_content":false,"footnotes":"","jetpack_publicize_message":"Localizan a cazador sin vida dentro de barranco en Perib\u00e1n","jetpack_publicize_feature_enabled":true,"jetpack_social_post_already_shared":true,"jetpack_social_options":{"image_generator_settings":{"template":"highway","default_image_id":0,"enabled":false},"version":2}},"categories":[15],"tags":[922,1744,95,1471],"class_list":["post-98675","post","type-post","status-publish","format-standard","has-post-thumbnail","category-michoacan","tag-barranco","tag-cazador","tag-localizan","tag-periban"],"aioseo_notices":[],"jetpack_publicize_connections":[],"jetpack_featured_media_url":"https:\/\/medianews.mx\/wp-content\/uploads\/2026\/08\/WhatsApp-Image-2026-08-30-at-9.27.42-PM.jpeg","jetpack_sharing_enabled":true,"_links":{"self":[{"href":"https:\/\/medianews.mx\/index.php\/wp-json\/wp\/v2\/posts\/98675","targetHints":{"allow":["GET"]}}],"collection":[{"href":"https:\/\/medianews.mx\/index.php\/wp-json\/wp\/v2\/posts"}],"about":[{"href":"https:\/\/medianews.mx\/index.php\/wp-json\/wp\/v2\/types\/post"}],"author":[{"embeddable":true,"href":"https:\/\/medianews.mx\/index.php\/wp-json\/wp\/v2\/users\/2"}],"replies":[{"embeddable":true,"href":"https:\/\/medianews.mx\/index.php\/wp-json\/wp\/v2\/comments?post=98675"}],"version-history":[{"count":1,"href":"https:\/\/medianews.mx\/index.php\/wp-json\/wp\/v2\/posts\/98675\/revisions"}],"predecessor-version":[{"id":98677,"href":"https:\/\/medianews.mx\/index.php\/wp-json\/wp\/v2\/posts\/98675\/revisions\/98677"}],"wp:featuredmedia":[{"embeddable":true,"href":"https:\/\/medianews.mx\/index.php\/wp-json\/wp\/v2\/media\/98676"}],"wp:attachment":[{"href":"https:\/\/medianews.mx\/index.php\/wp-json\/wp\/v2\/media?parent=98675"}],"wp:term":[{"taxonomy":"category","embeddable":true,"href":"https:\/\/medianews.mx\/index.php\/wp-json\/wp\/v2\/categories?post=98675"},{"taxonomy":"post_tag","embeddable":true,"href":"https:\/\/medianews.mx\/index.php\/wp-json\/wp\/v2\/tags?post=98675"}],"curies":[{"name":"wp","href":"https:\/\/api.w.org\/{rel}","templated":true}]}}