{"id":98678,"date":"2026-08-31T08:20:27","date_gmt":"2026-08-31T14:20:27","guid":{"rendered":"https:\/\/medianews.mx\/?p=98678"},"modified":"2026-08-31T08:20:27","modified_gmt":"2026-08-31T14:20:27","slug":"vuelca-auto-a-la-altura-de-la-tam","status":"publish","type":"post","link":"https:\/\/medianews.mx\/index.php\/2026\/08\/31\/vuelca-auto-a-la-altura-de-la-tam\/","title":{"rendered":"Vuelca auto a la altura de la TAM"},"content":{"rendered":"<p>RED 113 MICHOAC\u00c1N\/ Redacci\u00f3n<\/p>\n<p>Morelia, Mich.- Domingo 30 de agosto de 2026.- Un autom\u00f3vil volc\u00f3 sobre la lateral del Libramiento Norponiente, a la altura de la Terminal de Autobuses de Morelia (TAM), accidente en el que tambi\u00e9n result\u00f3 afectado otro veh\u00edculo, informaron fuentes allegadas al tema, las cuales agregaron que \u00fanicamente hubo da\u00f1os materiales.<\/p>\n<p>Lo anterior ocurri\u00f3 durante la noche de este domingo, en el sentido del Estadio Morelos hacia la Macroplaza, y fue reportado por varias personas al n\u00famero de emergencias 911.<\/p>\n<p>En el sitio se observ\u00f3 que la unidad volcada es un Volkswagen Caribe de color verde, mientras que el otro automotor siniestrado es uno de color azul, al parecer un Chevrolet Beat.<\/p>\n<p>Param\u00e9dicos y bomberos acudieron para valorar a los ocupantes de ambas unidades. Asimismo, elementos de Tr\u00e1nsito se presentaron en el lugar y realizaron el peritaje respectivo para determinar la mec\u00e1nica de los hechos y deslindar responsabilidades.<\/p>\n<p><img loading=\"lazy\" decoding=\"async\" class=\"alignnone size-medium wp-image-98679\" src=\"https:\/\/medianews.mx\/wp-content\/uploads\/2026\/08\/WhatsApp-Image-2026-08-30-at-10.46.27-PM-300x225.jpeg\" alt=\"\" width=\"300\" height=\"225\" srcset=\"https:\/\/medianews.mx\/wp-content\/uploads\/2026\/08\/WhatsApp-Image-2026-08-30-at-10.46.27-PM-300x225.jpeg 300w, https:\/\/medianews.mx\/wp-content\/uploads\/2026\/08\/WhatsApp-Image-2026-08-30-at-10.46.27-PM-1024x768.jpeg 1024w, https:\/\/medianews.mx\/wp-content\/uploads\/2026\/08\/WhatsApp-Image-2026-08-30-at-10.46.27-PM-768x576.jpeg 768w, https:\/\/medianews.mx\/wp-content\/uploads\/2026\/08\/WhatsApp-Image-2026-08-30-at-10.46.27-PM-150x113.jpeg 150w, https:\/\/medianews.mx\/wp-content\/uploads\/2026\/08\/WhatsApp-Image-2026-08-30-at-10.46.27-PM-696x522.jpeg 696w, https:\/\/medianews.mx\/wp-content\/uploads\/2026\/08\/WhatsApp-Image-2026-08-30-at-10.46.27-PM-1068x801.jpeg 1068w, https:\/\/medianews.mx\/wp-content\/uploads\/2026\/08\/WhatsApp-Image-2026-08-30-at-10.46.27-PM.jpeg 1280w\" sizes=\"auto, (max-width: 300px) 100vw, 300px\" \/><\/p>\n","protected":false},"excerpt":{"rendered":"<p>RED 113 MICHOAC\u00c1N\/ Redacci\u00f3n Morelia, Mich.- Domingo 30 de agosto de 2026.- Un autom\u00f3vil volc\u00f3 sobre la lateral del Libramiento Norponiente, a la altura de la Terminal de Autobuses de Morelia (TAM), accidente en el que tambi\u00e9n result\u00f3 afectado otro veh\u00edculo, informaron fuentes allegadas al tema, las cuales agregaron que \u00fanicamente hubo da\u00f1os materiales. Lo [&hellip;]<\/p>\n","protected":false},"author":2,"featured_media":98679,"comment_status":"closed","ping_status":"closed","sticky":false,"template":"","format":"standard","meta":{"om_disable_all_campaigns":false,"_monsterinsights_skip_tracking":false,"_uf_show_specific_survey":0,"_uf_disable_surveys":false,"_jetpack_memberships_contains_paid_content":false,"footnotes":"","jetpack_publicize_message":"Vuelca auto a la altura de la TAM \r\n\r\n  + Otro veh\u00edculo tambi\u00e9n result\u00f3 afectado.","jetpack_publicize_feature_enabled":true,"jetpack_social_post_already_shared":true,"jetpack_social_options":{"image_generator_settings":{"template":"highway","default_image_id":0,"enabled":false},"version":2}},"categories":[17],"tags":[1747,1745,1746],"class_list":["post-98678","post","type-post","status-publish","format-standard","has-post-thumbnail","category-morelia","tag-altura","tag-tam","tag-vuelca-auto"],"aioseo_notices":[],"jetpack_publicize_connections":[],"jetpack_featured_media_url":"https:\/\/medianews.mx\/wp-content\/uploads\/2026\/08\/WhatsApp-Image-2026-08-30-at-10.46.27-PM.jpeg","jetpack_sharing_enabled":true,"_links":{"self":[{"href":"https:\/\/medianews.mx\/index.php\/wp-json\/wp\/v2\/posts\/98678","targetHints":{"allow":["GET"]}}],"collection":[{"href":"https:\/\/medianews.mx\/index.php\/wp-json\/wp\/v2\/posts"}],"about":[{"href":"https:\/\/medianews.mx\/index.php\/wp-json\/wp\/v2\/types\/post"}],"author":[{"embeddable":true,"href":"https:\/\/medianews.mx\/index.php\/wp-json\/wp\/v2\/users\/2"}],"replies":[{"embeddable":true,"href":"https:\/\/medianews.mx\/index.php\/wp-json\/wp\/v2\/comments?post=98678"}],"version-history":[{"count":1,"href":"https:\/\/medianews.mx\/index.php\/wp-json\/wp\/v2\/posts\/98678\/revisions"}],"predecessor-version":[{"id":98680,"href":"https:\/\/medianews.mx\/index.php\/wp-json\/wp\/v2\/posts\/98678\/revisions\/98680"}],"wp:featuredmedia":[{"embeddable":true,"href":"https:\/\/medianews.mx\/index.php\/wp-json\/wp\/v2\/media\/98679"}],"wp:attachment":[{"href":"https:\/\/medianews.mx\/index.php\/wp-json\/wp\/v2\/media?parent=98678"}],"wp:term":[{"taxonomy":"category","embeddable":true,"href":"https:\/\/medianews.mx\/index.php\/wp-json\/wp\/v2\/categories?post=98678"},{"taxonomy":"post_tag","embeddable":true,"href":"https:\/\/medianews.mx\/index.php\/wp-json\/wp\/v2\/tags?post=98678"}],"curies":[{"name":"wp","href":"https:\/\/api.w.org\/{rel}","templated":true}]}}