{"id":98681,"date":"2026-08-31T08:22:18","date_gmt":"2026-08-31T14:22:18","guid":{"rendered":"https:\/\/medianews.mx\/?p=98681"},"modified":"2026-08-31T08:22:18","modified_gmt":"2026-08-31T14:22:18","slug":"atacan-a-balazos-a-dos-transeuntes-en-tarimbaro-uno-resulta-herido","status":"publish","type":"post","link":"https:\/\/medianews.mx\/index.php\/2026\/08\/31\/atacan-a-balazos-a-dos-transeuntes-en-tarimbaro-uno-resulta-herido\/","title":{"rendered":"Atacan a balazos a dos transe\u00fantes en Tar\u00edmbaro; uno resulta herido"},"content":{"rendered":"<p>RED 113 MICHOAC\u00c1N\/ Redacci\u00f3n<\/p>\n<p>Tar\u00edmbaro, Mich.- Lunes 31 de agosto de 2026.- Dos transe\u00fantes fueron atacados a balazos a la altura de Plaza Comercial El Prado, en el municipio de Tar\u00edmbaro. Uno de los ofendidos result\u00f3 herido y su acompa\u00f1ante sali\u00f3 ileso, informaron fuentes policiales.<\/p>\n<p>El hecho de violencia ocurri\u00f3 durante la \u00faltima hora de ayer domingo, a un costado de la carretera Morelia-\u00c1lvaro Obreg\u00f3n. Algunas personas reportaron las detonaciones al n\u00famero de emergencias 911 y solicitaron apoyo de las corporaciones de auxilio.<\/p>\n<p>Posteriormente, al sitio acudieron patrulleros y param\u00e9dicos, quienes ayudaron al lesionado, el cual presentaba un impacto de proyectil en una pierna. El afectado fue trasladado a un hospital para recibir atenci\u00f3n m\u00e9dica especializada.<\/p>\n<p>La identidad del paciente no fue revelada por la Polic\u00eda. En la escena quedaron regados al menos cuatro casquillos percutidos calibre .45 mil\u00edmetros. Los uniformados acordonaron el \u00e1rea para resguardar los indicios.<\/p>\n<p>Despu\u00e9s llegaron los elementos de la Fiscal\u00eda Regional, quienes realizaron las averiguaciones respectivas para esclarecer los hechos y dar con el paradero del o de los responsables. Hasta el momento se desconoce el m\u00f3vil de la agresi\u00f3n.<\/p>\n<p><img loading=\"lazy\" decoding=\"async\" class=\"alignnone size-medium wp-image-98682\" src=\"https:\/\/medianews.mx\/wp-content\/uploads\/2026\/08\/WhatsApp-Image-2026-08-31-at-6.12.35-AM-300x225.jpeg\" alt=\"\" width=\"300\" height=\"225\" srcset=\"https:\/\/medianews.mx\/wp-content\/uploads\/2026\/08\/WhatsApp-Image-2026-08-31-at-6.12.35-AM-300x225.jpeg 300w, https:\/\/medianews.mx\/wp-content\/uploads\/2026\/08\/WhatsApp-Image-2026-08-31-at-6.12.35-AM-1024x768.jpeg 1024w, https:\/\/medianews.mx\/wp-content\/uploads\/2026\/08\/WhatsApp-Image-2026-08-31-at-6.12.35-AM-768x576.jpeg 768w, https:\/\/medianews.mx\/wp-content\/uploads\/2026\/08\/WhatsApp-Image-2026-08-31-at-6.12.35-AM-1536x1152.jpeg 1536w, https:\/\/medianews.mx\/wp-content\/uploads\/2026\/08\/WhatsApp-Image-2026-08-31-at-6.12.35-AM-150x113.jpeg 150w, https:\/\/medianews.mx\/wp-content\/uploads\/2026\/08\/WhatsApp-Image-2026-08-31-at-6.12.35-AM-696x522.jpeg 696w, https:\/\/medianews.mx\/wp-content\/uploads\/2026\/08\/WhatsApp-Image-2026-08-31-at-6.12.35-AM-1068x801.jpeg 1068w, https:\/\/medianews.mx\/wp-content\/uploads\/2026\/08\/WhatsApp-Image-2026-08-31-at-6.12.35-AM.jpeg 1600w\" sizes=\"auto, (max-width: 300px) 100vw, 300px\" \/><\/p>\n","protected":false},"excerpt":{"rendered":"<p>RED 113 MICHOAC\u00c1N\/ Redacci\u00f3n Tar\u00edmbaro, Mich.- Lunes 31 de agosto de 2026.- Dos transe\u00fantes fueron atacados a balazos a la altura de Plaza Comercial El Prado, en el municipio de Tar\u00edmbaro. Uno de los ofendidos result\u00f3 herido y su acompa\u00f1ante sali\u00f3 ileso, informaron fuentes policiales. El hecho de violencia ocurri\u00f3 durante la \u00faltima hora de [&hellip;]<\/p>\n","protected":false},"author":2,"featured_media":98682,"comment_status":"closed","ping_status":"closed","sticky":false,"template":"","format":"standard","meta":{"om_disable_all_campaigns":false,"_monsterinsights_skip_tracking":false,"_uf_show_specific_survey":0,"_uf_disable_surveys":false,"_jetpack_memberships_contains_paid_content":false,"footnotes":"","jetpack_publicize_message":"Atacan a balazos a dos transe\u00fantes en Tar\u00edmbaro; uno resulta herido\r\n\r\n + Sucedi\u00f3 a la altura de la Plaza Comercial El Prado. \r\n\r\n + El m\u00f3vil de la agresi\u00f3n es desconocido.","jetpack_publicize_feature_enabled":true,"jetpack_social_post_already_shared":true,"jetpack_social_options":{"image_generator_settings":{"template":"highway","default_image_id":0,"enabled":false},"version":2}},"categories":[17],"tags":[1026,314,1748,1749,208],"class_list":["post-98681","post","type-post","status-publish","format-standard","has-post-thumbnail","category-morelia","tag-atacan","tag-balazos","tag-dos-transeuntes","tag-resulta-herido","tag-tarimbaro"],"aioseo_notices":[],"jetpack_publicize_connections":[],"jetpack_featured_media_url":"https:\/\/medianews.mx\/wp-content\/uploads\/2026\/08\/WhatsApp-Image-2026-08-31-at-6.12.35-AM.jpeg","jetpack_sharing_enabled":true,"_links":{"self":[{"href":"https:\/\/medianews.mx\/index.php\/wp-json\/wp\/v2\/posts\/98681","targetHints":{"allow":["GET"]}}],"collection":[{"href":"https:\/\/medianews.mx\/index.php\/wp-json\/wp\/v2\/posts"}],"about":[{"href":"https:\/\/medianews.mx\/index.php\/wp-json\/wp\/v2\/types\/post"}],"author":[{"embeddable":true,"href":"https:\/\/medianews.mx\/index.php\/wp-json\/wp\/v2\/users\/2"}],"replies":[{"embeddable":true,"href":"https:\/\/medianews.mx\/index.php\/wp-json\/wp\/v2\/comments?post=98681"}],"version-history":[{"count":1,"href":"https:\/\/medianews.mx\/index.php\/wp-json\/wp\/v2\/posts\/98681\/revisions"}],"predecessor-version":[{"id":98683,"href":"https:\/\/medianews.mx\/index.php\/wp-json\/wp\/v2\/posts\/98681\/revisions\/98683"}],"wp:featuredmedia":[{"embeddable":true,"href":"https:\/\/medianews.mx\/index.php\/wp-json\/wp\/v2\/media\/98682"}],"wp:attachment":[{"href":"https:\/\/medianews.mx\/index.php\/wp-json\/wp\/v2\/media?parent=98681"}],"wp:term":[{"taxonomy":"category","embeddable":true,"href":"https:\/\/medianews.mx\/index.php\/wp-json\/wp\/v2\/categories?post=98681"},{"taxonomy":"post_tag","embeddable":true,"href":"https:\/\/medianews.mx\/index.php\/wp-json\/wp\/v2\/tags?post=98681"}],"curies":[{"name":"wp","href":"https:\/\/api.w.org\/{rel}","templated":true}]}}