{"id":98684,"date":"2026-08-31T10:50:49","date_gmt":"2026-08-31T16:50:49","guid":{"rendered":"https:\/\/medianews.mx\/?p=98684"},"modified":"2026-08-31T10:50:49","modified_gmt":"2026-08-31T16:50:49","slug":"dos-lesionados-deja-volcadura-sobre-la-carretera-uruapan-san-juan-nuevo","status":"publish","type":"post","link":"https:\/\/medianews.mx\/index.php\/2026\/08\/31\/dos-lesionados-deja-volcadura-sobre-la-carretera-uruapan-san-juan-nuevo\/","title":{"rendered":"Dos lesionados deja volcadura sobre la carretera Uruapan-San Juan Nuevo"},"content":{"rendered":"<p>RED 113 MICHOAC\u00c1N\/Redacci\u00f3n<\/p>\n<p>Uruapan, Mich.- 31 de agosto de 2026.- Dos personas que viajaban en un veh\u00edculo compacto resultaron con lesiones de consideraci\u00f3n al volcar sobre la carretera Uruapan-San Juan Nuevo, a unos metros del motel Dal\u00ed.<\/p>\n<p>Trascendi\u00f3 que dichas personas viajaban en en un autom\u00f3vil Volkswagen Jetta, de color azul y circulaban con rumbo a esta ciudad de Uruapan, cuando el conductor perdi\u00f3 el control aparentemente debido al exceso de velocidad y sobrevino el accidente, esto alrededor de las 23:00 horas.<\/p>\n<p>Tras el reporte, param\u00e9dicos de Rescate Michoac\u00e1n Delegaci\u00f3n Uruapan, as\u00ed como Bomberos Voluntarios acudieron al sitio para auxiliar a las v\u00edctimas, una de las cuales estaba prensada en la unidad, por lo que fue necesario el uso de equipo hidr\u00e1ulico para liberarla, posteriormente las trasladaron a un hospital a bordo de una ambulancia.<\/p>\n<p>En tanto, personal de Tr\u00e1nsito y Vialidad Municipal realiz\u00f3 el peritaje correspondiente y se encarg\u00f3 de retirar la unidad siniestrada que fue llevada a un corral\u00f3n oficial.<\/p>\n<p><img loading=\"lazy\" decoding=\"async\" class=\"alignnone size-medium wp-image-98685\" src=\"https:\/\/medianews.mx\/wp-content\/uploads\/2026\/08\/WhatsApp-Image-2026-08-31-at-8.46.39-AM-300x191.jpeg\" alt=\"\" width=\"300\" height=\"191\" srcset=\"https:\/\/medianews.mx\/wp-content\/uploads\/2026\/08\/WhatsApp-Image-2026-08-31-at-8.46.39-AM-300x191.jpeg 300w, https:\/\/medianews.mx\/wp-content\/uploads\/2026\/08\/WhatsApp-Image-2026-08-31-at-8.46.39-AM-1024x652.jpeg 1024w, https:\/\/medianews.mx\/wp-content\/uploads\/2026\/08\/WhatsApp-Image-2026-08-31-at-8.46.39-AM-768x489.jpeg 768w, https:\/\/medianews.mx\/wp-content\/uploads\/2026\/08\/WhatsApp-Image-2026-08-31-at-8.46.39-AM-150x96.jpeg 150w, https:\/\/medianews.mx\/wp-content\/uploads\/2026\/08\/WhatsApp-Image-2026-08-31-at-8.46.39-AM-696x443.jpeg 696w, https:\/\/medianews.mx\/wp-content\/uploads\/2026\/08\/WhatsApp-Image-2026-08-31-at-8.46.39-AM-1068x680.jpeg 1068w, https:\/\/medianews.mx\/wp-content\/uploads\/2026\/08\/WhatsApp-Image-2026-08-31-at-8.46.39-AM.jpeg 1280w\" sizes=\"auto, (max-width: 300px) 100vw, 300px\" \/><\/p>\n","protected":false},"excerpt":{"rendered":"<p>RED 113 MICHOAC\u00c1N\/Redacci\u00f3n Uruapan, Mich.- 31 de agosto de 2026.- Dos personas que viajaban en un veh\u00edculo compacto resultaron con lesiones de consideraci\u00f3n al volcar sobre la carretera Uruapan-San Juan Nuevo, a unos metros del motel Dal\u00ed. Trascendi\u00f3 que dichas personas viajaban en en un autom\u00f3vil Volkswagen Jetta, de color azul y circulaban con rumbo [&hellip;]<\/p>\n","protected":false},"author":2,"featured_media":98685,"comment_status":"closed","ping_status":"closed","sticky":false,"template":"","format":"standard","meta":{"om_disable_all_campaigns":false,"_monsterinsights_skip_tracking":false,"_uf_show_specific_survey":0,"_uf_disable_surveys":false,"_jetpack_memberships_contains_paid_content":false,"footnotes":"","jetpack_publicize_message":"","jetpack_publicize_feature_enabled":true,"jetpack_social_post_already_shared":true,"jetpack_social_options":{"image_generator_settings":{"template":"highway","default_image_id":0,"enabled":false},"version":2}},"categories":[15],"tags":[237,1054,1750,439],"class_list":["post-98684","post","type-post","status-publish","format-standard","has-post-thumbnail","category-michoacan","tag-carretera","tag-dos-lesionados","tag-uruapan-san-juan-nuevo","tag-volcadura"],"aioseo_notices":[],"jetpack_publicize_connections":[],"jetpack_featured_media_url":"https:\/\/medianews.mx\/wp-content\/uploads\/2026\/08\/WhatsApp-Image-2026-08-31-at-8.46.39-AM.jpeg","jetpack_sharing_enabled":true,"_links":{"self":[{"href":"https:\/\/medianews.mx\/index.php\/wp-json\/wp\/v2\/posts\/98684","targetHints":{"allow":["GET"]}}],"collection":[{"href":"https:\/\/medianews.mx\/index.php\/wp-json\/wp\/v2\/posts"}],"about":[{"href":"https:\/\/medianews.mx\/index.php\/wp-json\/wp\/v2\/types\/post"}],"author":[{"embeddable":true,"href":"https:\/\/medianews.mx\/index.php\/wp-json\/wp\/v2\/users\/2"}],"replies":[{"embeddable":true,"href":"https:\/\/medianews.mx\/index.php\/wp-json\/wp\/v2\/comments?post=98684"}],"version-history":[{"count":1,"href":"https:\/\/medianews.mx\/index.php\/wp-json\/wp\/v2\/posts\/98684\/revisions"}],"predecessor-version":[{"id":98686,"href":"https:\/\/medianews.mx\/index.php\/wp-json\/wp\/v2\/posts\/98684\/revisions\/98686"}],"wp:featuredmedia":[{"embeddable":true,"href":"https:\/\/medianews.mx\/index.php\/wp-json\/wp\/v2\/media\/98685"}],"wp:attachment":[{"href":"https:\/\/medianews.mx\/index.php\/wp-json\/wp\/v2\/media?parent=98684"}],"wp:term":[{"taxonomy":"category","embeddable":true,"href":"https:\/\/medianews.mx\/index.php\/wp-json\/wp\/v2\/categories?post=98684"},{"taxonomy":"post_tag","embeddable":true,"href":"https:\/\/medianews.mx\/index.php\/wp-json\/wp\/v2\/tags?post=98684"}],"curies":[{"name":"wp","href":"https:\/\/api.w.org\/{rel}","templated":true}]}}