{"id":98687,"date":"2026-08-31T10:53:39","date_gmt":"2026-08-31T16:53:39","guid":{"rendered":"https:\/\/medianews.mx\/?p=98687"},"modified":"2026-08-31T10:53:39","modified_gmt":"2026-08-31T16:53:39","slug":"reportan-abatido-a-el-wicho-durante-enfrentamiento-contra-fuerzas-federales-en-los-reyes","status":"publish","type":"post","link":"https:\/\/medianews.mx\/index.php\/2026\/08\/31\/reportan-abatido-a-el-wicho-durante-enfrentamiento-contra-fuerzas-federales-en-los-reyes\/","title":{"rendered":"Reportan abatido a \u201cEl Wicho\u201d durante enfrentamiento contra fuerzas federales en Los Reyes"},"content":{"rendered":"<p>RED 113 MICHOAC\u00c1N\/Redacci\u00f3n<\/p>\n<p>Los Reyes, Mich.- 31 de agosto de 2026.- Luis Enrique Barrag\u00e1n Ch\u00e1vez, alias \u201cEl Wicho\u201d, \u201cG\u00fcicho\u201d o \u201cR5\u201d, identificado como uno de los principales l\u00edderes del C\u00e1rtel de Los Reyes, habr\u00eda sido abatido durante un enfrentamiento contra fuerzas federales registrado este lunes en el municipio de Los Reyes, de acuerdo con informaci\u00f3n obtenida de fuentes militares.<\/p>\n<p>El gobernador de Michoac\u00e1n, Alfredo Ram\u00edrez Bedolla, confirm\u00f3 en su rueda de prensa ma\u00f1anera la realizaci\u00f3n del operativo y que durante las acciones se registr\u00f3 un enfrentamiento, aunque se\u00f1al\u00f3 que las autoridades se encuentran a la espera del reporte oficial para precisar los resultados y la identidad de las personas involucradas.<\/p>\n<p>\u201cConfirmamos que hubo un operativo, hay un despliegue importante en la zona\u201d, se\u00f1al\u00f3 el mandatario, quien detall\u00f3 la participaci\u00f3n del personal de la Secretar\u00eda de la Defensa Nacional (Defensa), la Guardia Nacional y la Guardia Civil.<\/p>\n<p>Ram\u00edrez Bedolla inform\u00f3 adem\u00e1s que agentes de la Fiscal\u00eda General del Estado de Michoac\u00e1n (FGE) ya se encuentran en el lugar para realizar las actuaciones correspondientes y que el secretario de Seguridad P\u00fablica, Jos\u00e9 Antonio Cruz Medina, tambi\u00e9n participa en las acciones desplegadas en la regi\u00f3n.<\/p>\n<p>Fuentes militares consultadas se\u00f1alaron que durante el enfrentamiento habr\u00eda perdido la vida Barrag\u00e1n Ch\u00e1vez; sin embargo, hasta el momento ninguna autoridad ha confirmado p\u00fablicamente su identidad ni ha proporcionado mayores detalles sobre las circunstancias en las que ocurri\u00f3 el choque armado.<\/p>\n<p>Por lo anterior, se mantiene pendiente conocer el saldo total del operativo, as\u00ed como los posibles aseguramientos y dem\u00e1s resultados de las acciones desplegadas en Los Reyes.<\/p>\n<p>Barrag\u00e1n Ch\u00e1vez era identificado como uno de los principales mandos del C\u00e1rtel de Los Reyes y, junto con Alfonso Fern\u00e1ndez Magall\u00f3n, alias \u201cPoncho La Quiringua\u201d, figuraba entre los objetivos criminales de mayor relevancia de esta regi\u00f3n del occidente michoacano.<\/p>\n<p>Informes de seguridad relacionan a esta estructura delictiva con actividades de extorsi\u00f3n y cobro de piso contra productores y comerciantes, adem\u00e1s de narcotr\u00e1fico, amenazas, homicidios, privaciones de la libertad y diversos hechos de violencia registrados en la regi\u00f3n.<\/p>\n<p>Precisamente, el gobernador destac\u00f3 que en Los Reyes existe actualmente un amplio despliegue de seguridad encaminado a combatir y erradicar la extorsi\u00f3n en los municipios de Perib\u00e1n, Los Reyes, Ting\u00fcind\u00edn, Tocumbo y Cotija, en la regi\u00f3n lim\u00edtrofe con Jalisco.<\/p>\n<p>\u201cEl Wicho\u201d tambi\u00e9n figuraba entre los objetivos de las autoridades estadounidenses. El gobierno de Estados Unidos ofrec\u00eda una recompensa de hasta 3 millones de d\u00f3lares por informaci\u00f3n que condujera a su arresto o condena.<\/p>\n<p>El reporte sobre su abatimiento ocurre exactamente un mes despu\u00e9s de otro golpe relevante contra la misma estructura criminal.<\/p>\n<p>El pasado 1 de agosto, fuerzas federales capturaron en la localidad de Imbar\u00e1cuaro, municipio de Los Reyes, a Alfonso Fern\u00e1ndez Magall\u00f3n, \u201cPoncho La Quiringua\u201d, identificado como l\u00edder del C\u00e1rtel de Los Reyes y por quien Estados Unidos ofrec\u00eda una recompensa de hasta 5 millones de d\u00f3lares.<\/p>\n<p>A \u201cPoncho La Quiringua\u201d se le relaciona con actividades de extorsi\u00f3n, narcotr\u00e1fico, privaci\u00f3n ilegal de la libertad y robo de veh\u00edculos, adem\u00e1s de ataques con drones contra personal militar.<\/p>\n<p>Tras su captura se registraron bloqueos carreteros e incendios de veh\u00edculos en distintos puntos de la regi\u00f3n, acciones atribuidas a integrantes de la organizaci\u00f3n criminal que pretend\u00edan obstaculizar el traslado de los detenidos.<\/p>\n<p>Con la captura de \u201cPoncho La Quiringua\u201d y el reporte sobre el abatimiento de \u201cEl Wicho\u201d, la estructura del C\u00e1rtel de Los Reyes habr\u00eda perdido en un mes a sus dos principales l\u00edderes y objetivos criminales.<\/p>\n<p><img loading=\"lazy\" decoding=\"async\" class=\"alignnone size-medium wp-image-98688\" src=\"https:\/\/medianews.mx\/wp-content\/uploads\/2026\/08\/WhatsApp-Image-2026-08-31-at-10.20.53-AM-197x300.jpeg\" alt=\"\" width=\"197\" height=\"300\" srcset=\"https:\/\/medianews.mx\/wp-content\/uploads\/2026\/08\/WhatsApp-Image-2026-08-31-at-10.20.53-AM-197x300.jpeg 197w, https:\/\/medianews.mx\/wp-content\/uploads\/2026\/08\/WhatsApp-Image-2026-08-31-at-10.20.53-AM-674x1024.jpeg 674w, https:\/\/medianews.mx\/wp-content\/uploads\/2026\/08\/WhatsApp-Image-2026-08-31-at-10.20.53-AM-768x1167.jpeg 768w, https:\/\/medianews.mx\/wp-content\/uploads\/2026\/08\/WhatsApp-Image-2026-08-31-at-10.20.53-AM-1011x1536.jpeg 1011w, https:\/\/medianews.mx\/wp-content\/uploads\/2026\/08\/WhatsApp-Image-2026-08-31-at-10.20.53-AM-150x228.jpeg 150w, https:\/\/medianews.mx\/wp-content\/uploads\/2026\/08\/WhatsApp-Image-2026-08-31-at-10.20.53-AM-300x456.jpeg 300w, https:\/\/medianews.mx\/wp-content\/uploads\/2026\/08\/WhatsApp-Image-2026-08-31-at-10.20.53-AM-696x1058.jpeg 696w, https:\/\/medianews.mx\/wp-content\/uploads\/2026\/08\/WhatsApp-Image-2026-08-31-at-10.20.53-AM.jpeg 1053w\" sizes=\"auto, (max-width: 197px) 100vw, 197px\" \/><\/p>\n","protected":false},"excerpt":{"rendered":"<p>RED 113 MICHOAC\u00c1N\/Redacci\u00f3n Los Reyes, Mich.- 31 de agosto de 2026.- Luis Enrique Barrag\u00e1n Ch\u00e1vez, alias \u201cEl Wicho\u201d, \u201cG\u00fcicho\u201d o \u201cR5\u201d, identificado como uno de los principales l\u00edderes del C\u00e1rtel de Los Reyes, habr\u00eda sido abatido durante un enfrentamiento contra fuerzas federales registrado este lunes en el municipio de Los Reyes, de acuerdo con informaci\u00f3n [&hellip;]<\/p>\n","protected":false},"author":2,"featured_media":98688,"comment_status":"closed","ping_status":"closed","sticky":false,"template":"","format":"standard","meta":{"om_disable_all_campaigns":false,"_monsterinsights_skip_tracking":false,"_uf_show_specific_survey":0,"_uf_disable_surveys":false,"_jetpack_memberships_contains_paid_content":false,"footnotes":"","jetpack_publicize_message":"Reportan abatido a \u201cEl Wicho\u201d durante enfrentamiento contra fuerzas federales en Los Reyes\r\n\r\nEl gobernador Alfredo Ram\u00edrez Bedolla confirm\u00f3 el operativo y el enfrentamiento; autoridades est\u00e1n a la espera del reporte oficial.","jetpack_publicize_feature_enabled":true,"jetpack_social_post_already_shared":true,"jetpack_social_options":{"image_generator_settings":{"template":"highway","default_image_id":0,"enabled":false},"version":2}},"categories":[15],"tags":[1751,1472,363,633,810],"class_list":["post-98687","post","type-post","status-publish","format-standard","has-post-thumbnail","category-michoacan","tag-el-wicho","tag-abatido","tag-enfrentamiento","tag-los-reyes","tag-reportan"],"aioseo_notices":[],"jetpack_publicize_connections":[],"jetpack_featured_media_url":"https:\/\/medianews.mx\/wp-content\/uploads\/2026\/08\/WhatsApp-Image-2026-08-31-at-10.20.53-AM.jpeg","jetpack_sharing_enabled":true,"_links":{"self":[{"href":"https:\/\/medianews.mx\/index.php\/wp-json\/wp\/v2\/posts\/98687","targetHints":{"allow":["GET"]}}],"collection":[{"href":"https:\/\/medianews.mx\/index.php\/wp-json\/wp\/v2\/posts"}],"about":[{"href":"https:\/\/medianews.mx\/index.php\/wp-json\/wp\/v2\/types\/post"}],"author":[{"embeddable":true,"href":"https:\/\/medianews.mx\/index.php\/wp-json\/wp\/v2\/users\/2"}],"replies":[{"embeddable":true,"href":"https:\/\/medianews.mx\/index.php\/wp-json\/wp\/v2\/comments?post=98687"}],"version-history":[{"count":1,"href":"https:\/\/medianews.mx\/index.php\/wp-json\/wp\/v2\/posts\/98687\/revisions"}],"predecessor-version":[{"id":98689,"href":"https:\/\/medianews.mx\/index.php\/wp-json\/wp\/v2\/posts\/98687\/revisions\/98689"}],"wp:featuredmedia":[{"embeddable":true,"href":"https:\/\/medianews.mx\/index.php\/wp-json\/wp\/v2\/media\/98688"}],"wp:attachment":[{"href":"https:\/\/medianews.mx\/index.php\/wp-json\/wp\/v2\/media?parent=98687"}],"wp:term":[{"taxonomy":"category","embeddable":true,"href":"https:\/\/medianews.mx\/index.php\/wp-json\/wp\/v2\/categories?post=98687"},{"taxonomy":"post_tag","embeddable":true,"href":"https:\/\/medianews.mx\/index.php\/wp-json\/wp\/v2\/tags?post=98687"}],"curies":[{"name":"wp","href":"https:\/\/api.w.org\/{rel}","templated":true}]}}