{"id":98690,"date":"2026-08-31T11:05:11","date_gmt":"2026-08-31T17:05:11","guid":{"rendered":"https:\/\/medianews.mx\/?p=98690"},"modified":"2026-08-31T11:05:11","modified_gmt":"2026-08-31T17:05:11","slug":"paramedicos-de-imusa-auxilian-a-motociclista-accidentado-al-poniente-de-morelia","status":"publish","type":"post","link":"https:\/\/medianews.mx\/index.php\/2026\/08\/31\/paramedicos-de-imusa-auxilian-a-motociclista-accidentado-al-poniente-de-morelia\/","title":{"rendered":"Param\u00e9dicos de IMUSA auxilian a motociclista accidentado al poniente de Morelia"},"content":{"rendered":"<p>RED 113 MICHOAC\u00c1N\/ Redacci\u00f3n<\/p>\n<p>Morelia, Mich.- Lunes 31 de agosto de 2026.- Param\u00e9dicos del Instituto Municipal de Salud (IMUSA) auxiliaron a un motociclista que result\u00f3 lesionado tras chocar contra una camioneta sobre la avenida Madero Poniente de la ciudad de Morelia, informaron fuentes policiales y de rescate.<\/p>\n<p>El percance ocurri\u00f3 la ma\u00f1ana de este lunes en la esquina con la calle Idelfonso Portugal, a la altura de la colonia Tin\u00edjaro.<br \/>\nDe acuerdo con los datos obtenidos, algunas personas que observaron al motorista herido solicitaron apoyo al n\u00famero de emergencias 911.<\/p>\n<p>Minutos despu\u00e9s arribaron los socorristas, quienes le brindaron las primeras atenciones y posteriormente lo trasladaron a un hospital para su adecuada valoraci\u00f3n m\u00e9dica, ya que se presume sufri\u00f3 una fractura en una pierna.<\/p>\n<p>Agentes de Tr\u00e1nsito acudieron al sitio para realizar el peritaje correspondiente y determinar responsabilidades. Al final, los veh\u00edculos involucrados fueron retirados de la vialidad.<\/p>\n<p><img loading=\"lazy\" decoding=\"async\" class=\"alignnone size-medium wp-image-98691\" src=\"https:\/\/medianews.mx\/wp-content\/uploads\/2026\/08\/WhatsApp-Image-2026-08-31-at-10.59.09-AM-300x204.jpeg\" alt=\"\" width=\"300\" height=\"204\" srcset=\"https:\/\/medianews.mx\/wp-content\/uploads\/2026\/08\/WhatsApp-Image-2026-08-31-at-10.59.09-AM-300x204.jpeg 300w, https:\/\/medianews.mx\/wp-content\/uploads\/2026\/08\/WhatsApp-Image-2026-08-31-at-10.59.09-AM-768x523.jpeg 768w, https:\/\/medianews.mx\/wp-content\/uploads\/2026\/08\/WhatsApp-Image-2026-08-31-at-10.59.09-AM-150x102.jpeg 150w, https:\/\/medianews.mx\/wp-content\/uploads\/2026\/08\/WhatsApp-Image-2026-08-31-at-10.59.09-AM-696x474.jpeg 696w, https:\/\/medianews.mx\/wp-content\/uploads\/2026\/08\/WhatsApp-Image-2026-08-31-at-10.59.09-AM.jpeg 898w\" sizes=\"auto, (max-width: 300px) 100vw, 300px\" \/><\/p>\n","protected":false},"excerpt":{"rendered":"<p>RED 113 MICHOAC\u00c1N\/ Redacci\u00f3n Morelia, Mich.- Lunes 31 de agosto de 2026.- Param\u00e9dicos del Instituto Municipal de Salud (IMUSA) auxiliaron a un motociclista que result\u00f3 lesionado tras chocar contra una camioneta sobre la avenida Madero Poniente de la ciudad de Morelia, informaron fuentes policiales y de rescate. El percance ocurri\u00f3 la ma\u00f1ana de este lunes [&hellip;]<\/p>\n","protected":false},"author":2,"featured_media":98691,"comment_status":"closed","ping_status":"closed","sticky":false,"template":"","format":"standard","meta":{"om_disable_all_campaigns":false,"_monsterinsights_skip_tracking":false,"_uf_show_specific_survey":0,"_uf_disable_surveys":false,"_jetpack_memberships_contains_paid_content":false,"footnotes":"","jetpack_publicize_message":"Param\u00e9dicos de IMUSA auxilian a motociclista accidentado al poniente de Morelia \r\n\r\n  + El percance sucedi\u00f3 en la avenida Madero, esquina Idelfonso Portugal. \r\n  + En el hecho est\u00e1 involucrada una camioneta.","jetpack_publicize_feature_enabled":true,"jetpack_social_post_already_shared":true,"jetpack_social_options":{"image_generator_settings":{"template":"highway","default_image_id":0,"enabled":false},"version":2}},"categories":[17],"tags":[1754,1752,51,174,1753],"class_list":["post-98690","post","type-post","status-publish","format-standard","has-post-thumbnail","category-morelia","tag-auxilian","tag-imusa","tag-morelia","tag-motociclista","tag-paramedicos"],"aioseo_notices":[],"jetpack_publicize_connections":[],"jetpack_featured_media_url":"https:\/\/medianews.mx\/wp-content\/uploads\/2026\/08\/WhatsApp-Image-2026-08-31-at-10.59.09-AM.jpeg","jetpack_sharing_enabled":true,"_links":{"self":[{"href":"https:\/\/medianews.mx\/index.php\/wp-json\/wp\/v2\/posts\/98690","targetHints":{"allow":["GET"]}}],"collection":[{"href":"https:\/\/medianews.mx\/index.php\/wp-json\/wp\/v2\/posts"}],"about":[{"href":"https:\/\/medianews.mx\/index.php\/wp-json\/wp\/v2\/types\/post"}],"author":[{"embeddable":true,"href":"https:\/\/medianews.mx\/index.php\/wp-json\/wp\/v2\/users\/2"}],"replies":[{"embeddable":true,"href":"https:\/\/medianews.mx\/index.php\/wp-json\/wp\/v2\/comments?post=98690"}],"version-history":[{"count":1,"href":"https:\/\/medianews.mx\/index.php\/wp-json\/wp\/v2\/posts\/98690\/revisions"}],"predecessor-version":[{"id":98692,"href":"https:\/\/medianews.mx\/index.php\/wp-json\/wp\/v2\/posts\/98690\/revisions\/98692"}],"wp:featuredmedia":[{"embeddable":true,"href":"https:\/\/medianews.mx\/index.php\/wp-json\/wp\/v2\/media\/98691"}],"wp:attachment":[{"href":"https:\/\/medianews.mx\/index.php\/wp-json\/wp\/v2\/media?parent=98690"}],"wp:term":[{"taxonomy":"category","embeddable":true,"href":"https:\/\/medianews.mx\/index.php\/wp-json\/wp\/v2\/categories?post=98690"},{"taxonomy":"post_tag","embeddable":true,"href":"https:\/\/medianews.mx\/index.php\/wp-json\/wp\/v2\/tags?post=98690"}],"curies":[{"name":"wp","href":"https:\/\/api.w.org\/{rel}","templated":true}]}}