{"id":98693,"date":"2026-08-31T12:22:32","date_gmt":"2026-08-31T18:22:32","guid":{"rendered":"https:\/\/medianews.mx\/?p=98693"},"modified":"2026-08-31T12:22:32","modified_gmt":"2026-08-31T18:22:32","slug":"echale-una-mano-a-las-escuelas-transforma-mil-planteles-en-morelia-jc-barragan","status":"publish","type":"post","link":"https:\/\/medianews.mx\/index.php\/2026\/08\/31\/echale-una-mano-a-las-escuelas-transforma-mil-planteles-en-morelia-jc-barragan\/","title":{"rendered":"\u00c9chale una Mano a las Escuelas transforma mil planteles en Morelia: JC Barrag\u00e1n"},"content":{"rendered":"<p>Morelia, Michoac\u00e1n, 31 de agosto de 2026.- Al inaugurar el nuevo ciclo escolar en la Secundaria T\u00e9cnica 128, el diputado Juan Carlos Barrag\u00e1n inform\u00f3 que el programa \u00c9chale una Mano a las Escuelas alcanz\u00f3 ya mil planteles atendidos en Morelia, reafirmando su compromiso con la educaci\u00f3n.<\/p>\n<p>\u201cLa educaci\u00f3n es el coraz\u00f3n de la Cuarta Transformaci\u00f3n y la herramienta m\u00e1s importante para transformar Morelia y Michoac\u00e1n\u201d, afirm\u00f3.<\/p>\n<p>Barrag\u00e1n destac\u00f3 que el programa continuar\u00e1 trabajando mano a mano con las comunidades escolares y que durante este ciclo escolar se retomar\u00e1n los talleres de crianza responsable para madres, padres y tutores, con herramientas para fortalecer la convivencia familiar y acompa\u00f1ar el desarrollo de ni\u00f1as, ni\u00f1os y adolescentes.<\/p>\n<p>\u201cLlegar a mil escuelas nos llena de orgullo, pero tambi\u00e9n nos compromete a seguir. Vamos por m\u00e1s escuelas, m\u00e1s familias acompa\u00f1adas y m\u00e1s oportunidades para nuestras ni\u00f1as, ni\u00f1os y j\u00f3venes\u201d, concluy\u00f3.<\/p>\n<p><img loading=\"lazy\" decoding=\"async\" class=\"alignnone size-medium wp-image-98694\" src=\"https:\/\/medianews.mx\/wp-content\/uploads\/2026\/08\/WhatsApp-Image-2026-08-31-at-12.13.46-PM-300x225.jpeg\" alt=\"\" width=\"300\" height=\"225\" srcset=\"https:\/\/medianews.mx\/wp-content\/uploads\/2026\/08\/WhatsApp-Image-2026-08-31-at-12.13.46-PM-300x225.jpeg 300w, https:\/\/medianews.mx\/wp-content\/uploads\/2026\/08\/WhatsApp-Image-2026-08-31-at-12.13.46-PM-1024x768.jpeg 1024w, https:\/\/medianews.mx\/wp-content\/uploads\/2026\/08\/WhatsApp-Image-2026-08-31-at-12.13.46-PM-768x576.jpeg 768w, https:\/\/medianews.mx\/wp-content\/uploads\/2026\/08\/WhatsApp-Image-2026-08-31-at-12.13.46-PM-1536x1152.jpeg 1536w, https:\/\/medianews.mx\/wp-content\/uploads\/2026\/08\/WhatsApp-Image-2026-08-31-at-12.13.46-PM-150x113.jpeg 150w, https:\/\/medianews.mx\/wp-content\/uploads\/2026\/08\/WhatsApp-Image-2026-08-31-at-12.13.46-PM-696x522.jpeg 696w, https:\/\/medianews.mx\/wp-content\/uploads\/2026\/08\/WhatsApp-Image-2026-08-31-at-12.13.46-PM-1068x801.jpeg 1068w, https:\/\/medianews.mx\/wp-content\/uploads\/2026\/08\/WhatsApp-Image-2026-08-31-at-12.13.46-PM.jpeg 1600w\" sizes=\"auto, (max-width: 300px) 100vw, 300px\" \/><\/p>\n","protected":false},"excerpt":{"rendered":"<p>Morelia, Michoac\u00e1n, 31 de agosto de 2026.- Al inaugurar el nuevo ciclo escolar en la Secundaria T\u00e9cnica 128, el diputado Juan Carlos Barrag\u00e1n inform\u00f3 que el programa \u00c9chale una Mano a las Escuelas alcanz\u00f3 ya mil planteles atendidos en Morelia, reafirmando su compromiso con la educaci\u00f3n. \u201cLa educaci\u00f3n es el coraz\u00f3n de la Cuarta Transformaci\u00f3n [&hellip;]<\/p>\n","protected":false},"author":2,"featured_media":98694,"comment_status":"closed","ping_status":"closed","sticky":false,"template":"","format":"standard","meta":{"om_disable_all_campaigns":false,"_monsterinsights_skip_tracking":false,"_uf_show_specific_survey":0,"_uf_disable_surveys":false,"_jetpack_memberships_contains_paid_content":false,"footnotes":"","jetpack_publicize_message":"\u00c9chale una Mano a las Escuelas transforma mil planteles en Morelia: JC Barrag\u00e1n\r\n\r\nDurante el arranque del ciclo escolar en la Secundaria T\u00e9cnica 128, destac\u00f3 el impacto del programa que ha logrado mejorar aulas, patios c\u00edvicos, fachadas, equipar salones y dar orientaci\u00f3n a pap\u00e1s y mam\u00e1s","jetpack_publicize_feature_enabled":true,"jetpack_social_post_already_shared":true,"jetpack_social_options":{"image_generator_settings":{"template":"highway","default_image_id":0,"enabled":false},"version":2}},"categories":[17],"tags":[1755,498,1756,51,1757],"class_list":["post-98693","post","type-post","status-publish","format-standard","has-post-thumbnail","category-morelia","tag-echale-una-mano-a-las-escuelas","tag-jc-barragan","tag-mil-planteles","tag-morelia","tag-transforma"],"aioseo_notices":[],"jetpack_publicize_connections":[],"jetpack_featured_media_url":"https:\/\/medianews.mx\/wp-content\/uploads\/2026\/08\/WhatsApp-Image-2026-08-31-at-12.13.46-PM.jpeg","jetpack_sharing_enabled":true,"_links":{"self":[{"href":"https:\/\/medianews.mx\/index.php\/wp-json\/wp\/v2\/posts\/98693","targetHints":{"allow":["GET"]}}],"collection":[{"href":"https:\/\/medianews.mx\/index.php\/wp-json\/wp\/v2\/posts"}],"about":[{"href":"https:\/\/medianews.mx\/index.php\/wp-json\/wp\/v2\/types\/post"}],"author":[{"embeddable":true,"href":"https:\/\/medianews.mx\/index.php\/wp-json\/wp\/v2\/users\/2"}],"replies":[{"embeddable":true,"href":"https:\/\/medianews.mx\/index.php\/wp-json\/wp\/v2\/comments?post=98693"}],"version-history":[{"count":1,"href":"https:\/\/medianews.mx\/index.php\/wp-json\/wp\/v2\/posts\/98693\/revisions"}],"predecessor-version":[{"id":98695,"href":"https:\/\/medianews.mx\/index.php\/wp-json\/wp\/v2\/posts\/98693\/revisions\/98695"}],"wp:featuredmedia":[{"embeddable":true,"href":"https:\/\/medianews.mx\/index.php\/wp-json\/wp\/v2\/media\/98694"}],"wp:attachment":[{"href":"https:\/\/medianews.mx\/index.php\/wp-json\/wp\/v2\/media?parent=98693"}],"wp:term":[{"taxonomy":"category","embeddable":true,"href":"https:\/\/medianews.mx\/index.php\/wp-json\/wp\/v2\/categories?post=98693"},{"taxonomy":"post_tag","embeddable":true,"href":"https:\/\/medianews.mx\/index.php\/wp-json\/wp\/v2\/tags?post=98693"}],"curies":[{"name":"wp","href":"https:\/\/api.w.org\/{rel}","templated":true}]}}