{"id":98699,"date":"2026-08-31T15:15:02","date_gmt":"2026-08-31T21:15:02","guid":{"rendered":"https:\/\/medianews.mx\/?p=98699"},"modified":"2026-08-31T15:15:02","modified_gmt":"2026-08-31T21:15:02","slug":"reconoce-torres-pina-labor-altruista-de-animalistas-y-propone-politica-integral-de-proteccion-animal","status":"publish","type":"post","link":"https:\/\/medianews.mx\/index.php\/2026\/08\/31\/reconoce-torres-pina-labor-altruista-de-animalistas-y-propone-politica-integral-de-proteccion-animal\/","title":{"rendered":"Reconoce Torres Pi\u00f1a labor altruista de animalistas y propone pol\u00edtica integral de protecci\u00f3n animal"},"content":{"rendered":"<p>Morelia, Michoac\u00e1n.- El aspirante a la Coordinaci\u00f3n Estatal de Defensa de la Soberan\u00eda y la Transformaci\u00f3n, Carlos Torres Pi\u00f1a, reconoci\u00f3 la labor altruista de animalistas, rescatistas y j\u00f3venes que participan en la defensa y protecci\u00f3n de los seres sintientes en Michoac\u00e1n.<\/p>\n<p>Durante una reuni\u00f3n con representantes de diversas asociaciones, Torres Pi\u00f1a se\u00f1al\u00f3 que entre los principales retos en la entidad se encuentran la sobrepoblaci\u00f3n, el abandono y el maltrato animal, problem\u00e1ticas que, dijo, requieren una pol\u00edtica integral con la participaci\u00f3n de instituciones gubernamentales, educativas, organizaciones sociales y ciudadan\u00eda.<\/p>\n<p>Destac\u00f3 la necesidad de que las acciones de protecci\u00f3n animal tengan cobertura en todas las regiones del estado y no se concentren \u00fanicamente en Morelia.<\/p>\n<p>Para ello, plante\u00f3 fortalecer los refugios y respaldar a las personas rescatistas, quienes realizan esta labor de manera voluntaria y, en muchos casos, deben combinarla con sus empleos y responsabilidades personales.<\/p>\n<p>\u201cTodos y todas las rescatistas lo hacen de buena voluntad y por convicci\u00f3n; contribuyen a la sociedad para evitar que las situaciones de abandono pongan en riesgo a los animales y tratan de llevarlos a sus refugios\u201d, expres\u00f3.<\/p>\n<p>El morenista tambi\u00e9n consider\u00f3 necesario ampliar y fortalecer las unidades de atenci\u00f3n al maltrato animal, de manera que no solo est\u00e9n en funciones en Morelia, sino tambi\u00e9n en otros municipios como Zamora, Uruapan, Zit\u00e1cuaro y Huetamo.<\/p>\n<p>Destac\u00f3 que la atenci\u00f3n institucional no debe limitarse a actuar despu\u00e9s de que ocurre un caso de crueldad, sino que debe abordarse desde la prevenci\u00f3n y concientizaci\u00f3n.<\/p>\n<p>Para ello, propuso una mayor coordinaci\u00f3n con el sector educativo a fin de impulsar acciones sobre el cuidado, la atenci\u00f3n y la responsabilidad hacia los animales, desde los niveles de educaci\u00f3n primaria y secundaria, hasta el medio superior y superior.<\/p>\n<p>Asimismo, plante\u00f3 que en fechas como Navidad, el D\u00eda de Reyes y el D\u00eda del Ni\u00f1o se promueva la adopci\u00f3n responsable en lugar de la compra de animales como obsequio.<\/p>\n<p>El aspirante reconoci\u00f3 la importancia de brindar acompa\u00f1amiento legal a las asociaciones y rescatistas, adem\u00e1s de impulsar capacitaciones sobre los derechos y procedimientos relacionados con la protecci\u00f3n animal.<\/p>\n<p>Otro de los temas abordados fue la creaci\u00f3n de espacios para resguardos temporales, debido a que las personas rescatistas enfrentan limitaciones para atender a todos los animales que reciben.<\/p>\n<p>\u201cMuchos de quienes integran estas asociaciones tienen su trabajo y sus responsabilidades, pero contribuyen a la sociedad en el cuidado y la atenci\u00f3n de los animales\u201d, mencion\u00f3.<\/p>\n<p>Torres Pi\u00f1a destac\u00f3 tambi\u00e9n la necesidad de fortalecer las campa\u00f1as de esterilizaci\u00f3n desde las instituciones de salud, de manera que cada regi\u00f3n o jurisdicci\u00f3n sanitaria cuente con un \u00e1rea espec\u00edfica para dar este servicio.<\/p>\n<p>Adelant\u00f3 que se prev\u00e9 realizar un foro m\u00e1s amplio con asociaciones animalistas, instituciones y autoridades, con el objetivo de integrar sus inquietudes en un documento que establezca l\u00edneas de acci\u00f3n a corto, mediano y largo plazo.<\/p>\n<p>Finalmente, Torres Pi\u00f1a reiter\u00f3 su reconocimiento a la labor de animalistas, rescatistas y j\u00f3venes que participan en estas actividades, y asegur\u00f3 que mantendr\u00e1 su respaldo a las organizaciones y colaborar\u00e1 en las tareas de protecci\u00f3n animal que est\u00e9n a su alcance.<\/p>\n<p><img loading=\"lazy\" decoding=\"async\" class=\"alignnone size-medium wp-image-98700\" src=\"https:\/\/medianews.mx\/wp-content\/uploads\/2026\/08\/WhatsApp-Image-2026-08-31-at-2.47.21-PM-300x200.jpeg\" alt=\"\" width=\"300\" height=\"200\" srcset=\"https:\/\/medianews.mx\/wp-content\/uploads\/2026\/08\/WhatsApp-Image-2026-08-31-at-2.47.21-PM-300x200.jpeg 300w, https:\/\/medianews.mx\/wp-content\/uploads\/2026\/08\/WhatsApp-Image-2026-08-31-at-2.47.21-PM-1024x682.jpeg 1024w, https:\/\/medianews.mx\/wp-content\/uploads\/2026\/08\/WhatsApp-Image-2026-08-31-at-2.47.21-PM-768x512.jpeg 768w, https:\/\/medianews.mx\/wp-content\/uploads\/2026\/08\/WhatsApp-Image-2026-08-31-at-2.47.21-PM-150x100.jpeg 150w, https:\/\/medianews.mx\/wp-content\/uploads\/2026\/08\/WhatsApp-Image-2026-08-31-at-2.47.21-PM-696x464.jpeg 696w, https:\/\/medianews.mx\/wp-content\/uploads\/2026\/08\/WhatsApp-Image-2026-08-31-at-2.47.21-PM-1068x712.jpeg 1068w, https:\/\/medianews.mx\/wp-content\/uploads\/2026\/08\/WhatsApp-Image-2026-08-31-at-2.47.21-PM.jpeg 1280w\" sizes=\"auto, (max-width: 300px) 100vw, 300px\" \/><\/p>\n","protected":false},"excerpt":{"rendered":"<p>Morelia, Michoac\u00e1n.- El aspirante a la Coordinaci\u00f3n Estatal de Defensa de la Soberan\u00eda y la Transformaci\u00f3n, Carlos Torres Pi\u00f1a, reconoci\u00f3 la labor altruista de animalistas, rescatistas y j\u00f3venes que participan en la defensa y protecci\u00f3n de los seres sintientes en Michoac\u00e1n. Durante una reuni\u00f3n con representantes de diversas asociaciones, Torres Pi\u00f1a se\u00f1al\u00f3 que entre los [&hellip;]<\/p>\n","protected":false},"author":2,"featured_media":98700,"comment_status":"closed","ping_status":"closed","sticky":false,"template":"","format":"standard","meta":{"om_disable_all_campaigns":false,"_monsterinsights_skip_tracking":false,"_uf_show_specific_survey":0,"_uf_disable_surveys":false,"_jetpack_memberships_contains_paid_content":false,"footnotes":"","jetpack_publicize_message":"","jetpack_publicize_feature_enabled":true,"jetpack_social_post_already_shared":true,"jetpack_social_options":{"image_generator_settings":{"template":"highway","default_image_id":0,"enabled":false},"version":2}},"categories":[15],"tags":[1759,1760,1758,90],"class_list":["post-98699","post","type-post","status-publish","format-standard","has-post-thumbnail","category-michoacan","tag-animalista","tag-politica-integral","tag-proteccion-animal","tag-torres-pina"],"aioseo_notices":[],"jetpack_publicize_connections":[],"jetpack_featured_media_url":"https:\/\/medianews.mx\/wp-content\/uploads\/2026\/08\/WhatsApp-Image-2026-08-31-at-2.47.21-PM.jpeg","jetpack_sharing_enabled":true,"_links":{"self":[{"href":"https:\/\/medianews.mx\/index.php\/wp-json\/wp\/v2\/posts\/98699","targetHints":{"allow":["GET"]}}],"collection":[{"href":"https:\/\/medianews.mx\/index.php\/wp-json\/wp\/v2\/posts"}],"about":[{"href":"https:\/\/medianews.mx\/index.php\/wp-json\/wp\/v2\/types\/post"}],"author":[{"embeddable":true,"href":"https:\/\/medianews.mx\/index.php\/wp-json\/wp\/v2\/users\/2"}],"replies":[{"embeddable":true,"href":"https:\/\/medianews.mx\/index.php\/wp-json\/wp\/v2\/comments?post=98699"}],"version-history":[{"count":1,"href":"https:\/\/medianews.mx\/index.php\/wp-json\/wp\/v2\/posts\/98699\/revisions"}],"predecessor-version":[{"id":98701,"href":"https:\/\/medianews.mx\/index.php\/wp-json\/wp\/v2\/posts\/98699\/revisions\/98701"}],"wp:featuredmedia":[{"embeddable":true,"href":"https:\/\/medianews.mx\/index.php\/wp-json\/wp\/v2\/media\/98700"}],"wp:attachment":[{"href":"https:\/\/medianews.mx\/index.php\/wp-json\/wp\/v2\/media?parent=98699"}],"wp:term":[{"taxonomy":"category","embeddable":true,"href":"https:\/\/medianews.mx\/index.php\/wp-json\/wp\/v2\/categories?post=98699"},{"taxonomy":"post_tag","embeddable":true,"href":"https:\/\/medianews.mx\/index.php\/wp-json\/wp\/v2\/tags?post=98699"}],"curies":[{"name":"wp","href":"https:\/\/api.w.org\/{rel}","templated":true}]}}