{"id":98719,"date":"2026-09-01T07:52:08","date_gmt":"2026-09-01T13:52:08","guid":{"rendered":"https:\/\/medianews.mx\/?p=98719"},"modified":"2026-09-01T07:52:08","modified_gmt":"2026-09-01T13:52:08","slug":"confirman-abatimiento-de-el-guichoen-operativo-federal-en-tocumbo","status":"publish","type":"post","link":"https:\/\/medianews.mx\/index.php\/2026\/09\/01\/confirman-abatimiento-de-el-guichoen-operativo-federal-en-tocumbo\/","title":{"rendered":"Confirman abatimiento de \u201cEl G\u00fcicho\u201den operativo federal en Tocumbo"},"content":{"rendered":"<p>RED 113 MICHOAC\u00c1N\/Redacci\u00f3n<\/p>\n<p>Tocumbo, Mich.- 1 de septiembre de 2026.- En menos de un mes, los dos principales l\u00edderes del denominado C\u00e1rtel de Los Reyes quedaron fuera de operaci\u00f3n tras acciones encabezadas por fuerzas federales en Michoac\u00e1n: Alfonso \u201cN\u201d, alias \u201cPoncho\u201d o \u201cQuiringua\u201d, fue detenido el pasado 1 de agosto, mientras que Luis Enrique \u201cN\u201d, \u201cEl G\u00fcicho\u201d o \u201cR5\u201d, muri\u00f3 durante un enfrentamiento con fuerzas de seguridad en el municipio de Tocumbo.<\/p>\n<p>La Secretar\u00eda de la Defensa Nacional confirm\u00f3 este martes la muerte de \u201cEl G\u00fcicho\u201d, identificado como l\u00edder del C\u00e1rtel de Los Reyes y uno de los principales objetivos criminales de la regi\u00f3n occidental de Michoac\u00e1n.<\/p>\n<p>De acuerdo con informaci\u00f3n oficial, derivado de trabajos de inteligencia de la XII Regi\u00f3n Militar, la noche del 30 de agosto elementos del Ej\u00e9rcito Mexicano y de la Guardia Nacional, en coordinaci\u00f3n con la Armada de M\u00e9xico, la Secretar\u00eda de Seguridad y Protecci\u00f3n Ciudadana y la Guardia Civil de Michoac\u00e1n, desplegaron una operaci\u00f3n de precisi\u00f3n en la rancher\u00eda Rodeo del Pinal, municipio de Tocumbo, con el objetivo de detener a Luis Enrique \u201cN\u201d.<\/p>\n<p>Durante el despliegue, los efectivos militares fueron atacados con disparos de arma de fuego. Las fuerzas federales repelieron la agresi\u00f3n y, como resultado del enfrentamiento, murieron \u201cEl G\u00fcicho\u201d y otro hombre que lo acompa\u00f1aba, presunto escolta.<\/p>\n<p>En el lugar fueron asegurados dos fusiles autom\u00e1ticos, cargadores y cartuchos de diversos calibres, adem\u00e1s de una cuatrimoto. Los cuerpos y los indicios quedaron a disposici\u00f3n de la Fiscal\u00eda General del Estado de Michoac\u00e1n para las diligencias periciales y ministeriales correspondientes.<\/p>\n<p>El secretario de Seguridad y Protecci\u00f3n Ciudadana, Omar Garc\u00eda Harfuch, confirm\u00f3 tambi\u00e9n el resultado del operativo y se\u00f1al\u00f3 que \u201cEl G\u00fcicho\u201d era identificado como l\u00edder del C\u00e1rtel de Los Reyes y principal coordinador de las extorsiones contra productores de aguacate de la regi\u00f3n.<\/p>\n<p>Adem\u00e1s, Luis Enrique \u201cN\u201d contaba con una orden de detenci\u00f3n provisional con fines de extradici\u00f3n a Estados Unidos. El Departamento de Estado estadounidense ofrec\u00eda una recompensa de 3 millones de d\u00f3lares por informaci\u00f3n que permitiera su arresto, al ser requerido por delitos relacionados con tr\u00e1fico de drogas y armas hacia M\u00e9xico.<\/p>\n<p>Informaci\u00f3n de las autoridades federales refiere que \u201cR5\u201d hab\u00eda asumido el control del C\u00e1rtel de Los Reyes despu\u00e9s de la captura de Alfonso \u201cN\u201d, alias \u201cPoncho\u201d o \u201cQuiringua\u201d, quien hasta entonces encabezaba dicha estructura criminal.<\/p>\n<p>\u201cPoncho\u201d fue detenido el pasado 1 de agosto por elementos del Ej\u00e9rcito Mexicano durante otra operaci\u00f3n desplegada en el municipio de Los Reyes. Tras su captura, \u201cEl G\u00fcicho\u201d habr\u00eda quedado al frente de la organizaci\u00f3n y de sus actividades delictivas en esa regi\u00f3n.<\/p>\n<p>Las autoridades tambi\u00e9n ubican a Luis Enrique \u201cN\u201d como uno de los principales coordinadores de las extorsiones en Los Reyes y municipios aleda\u00f1os, adem\u00e1s de se\u00f1alar que manten\u00eda v\u00ednculos con Juan Jos\u00e9 \u201cN\u201d, alias \u201cEl Abuelo\u201d, identificado como dirigente del denominado C\u00e1rtel de Tepalcatepec.<\/p>\n<p>As\u00ed, en el lapso de un mes, las operaciones de las fuerzas federales permitieron detener a \u201cPoncho\u201d o \u201cQuiringua\u201d y posteriormente localizar a su sucesor, \u201cEl G\u00fcicho\u201d o \u201cR5\u201d, quien muri\u00f3 al enfrentarse con personal militar durante el operativo implementado para su captura.<\/p>\n<p>El Gabinete de Seguridad federal inform\u00f3 que las acciones coordinadas continuar\u00e1n para combatir la extorsi\u00f3n, debilitar a los grupos criminales y proteger a los sectores productivos de Michoac\u00e1n.<\/p>\n<p><img loading=\"lazy\" decoding=\"async\" class=\"alignnone size-medium wp-image-98720\" src=\"https:\/\/medianews.mx\/wp-content\/uploads\/2026\/09\/WhatsApp-Image-2026-09-01-at-7.29.50-AM-300x169.jpeg\" alt=\"\" width=\"300\" height=\"169\" srcset=\"https:\/\/medianews.mx\/wp-content\/uploads\/2026\/09\/WhatsApp-Image-2026-09-01-at-7.29.50-AM-300x169.jpeg 300w, https:\/\/medianews.mx\/wp-content\/uploads\/2026\/09\/WhatsApp-Image-2026-09-01-at-7.29.50-AM-768x432.jpeg 768w, https:\/\/medianews.mx\/wp-content\/uploads\/2026\/09\/WhatsApp-Image-2026-09-01-at-7.29.50-AM-150x84.jpeg 150w, https:\/\/medianews.mx\/wp-content\/uploads\/2026\/09\/WhatsApp-Image-2026-09-01-at-7.29.50-AM-696x392.jpeg 696w, https:\/\/medianews.mx\/wp-content\/uploads\/2026\/09\/WhatsApp-Image-2026-09-01-at-7.29.50-AM.jpeg 800w\" sizes=\"auto, (max-width: 300px) 100vw, 300px\" \/><\/p>\n","protected":false},"excerpt":{"rendered":"<p>RED 113 MICHOAC\u00c1N\/Redacci\u00f3n Tocumbo, Mich.- 1 de septiembre de 2026.- En menos de un mes, los dos principales l\u00edderes del denominado C\u00e1rtel de Los Reyes quedaron fuera de operaci\u00f3n tras acciones encabezadas por fuerzas federales en Michoac\u00e1n: Alfonso \u201cN\u201d, alias \u201cPoncho\u201d o \u201cQuiringua\u201d, fue detenido el pasado 1 de agosto, mientras que Luis Enrique \u201cN\u201d, [&hellip;]<\/p>\n","protected":false},"author":2,"featured_media":98720,"comment_status":"closed","ping_status":"closed","sticky":false,"template":"","format":"standard","meta":{"om_disable_all_campaigns":false,"_monsterinsights_skip_tracking":false,"_uf_show_specific_survey":0,"_uf_disable_surveys":false,"_jetpack_memberships_contains_paid_content":false,"footnotes":"","jetpack_publicize_message":"Confirman abatimiento de \u201cEl G\u00fcicho\u201den operativo federal en Tocumbo","jetpack_publicize_feature_enabled":true,"jetpack_social_post_already_shared":true,"jetpack_social_options":{"image_generator_settings":{"template":"highway","default_image_id":0,"enabled":false},"version":2}},"categories":[15],"tags":[1763,1762,1761,1424,1671],"class_list":["post-98719","post","type-post","status-publish","format-standard","has-post-thumbnail","category-michoacan","tag-el-guicho","tag-abatimento","tag-confirman","tag-operativo-federal","tag-tocumbo"],"aioseo_notices":[],"jetpack_publicize_connections":[],"jetpack_featured_media_url":"https:\/\/medianews.mx\/wp-content\/uploads\/2026\/09\/WhatsApp-Image-2026-09-01-at-7.29.50-AM.jpeg","jetpack_sharing_enabled":true,"_links":{"self":[{"href":"https:\/\/medianews.mx\/index.php\/wp-json\/wp\/v2\/posts\/98719","targetHints":{"allow":["GET"]}}],"collection":[{"href":"https:\/\/medianews.mx\/index.php\/wp-json\/wp\/v2\/posts"}],"about":[{"href":"https:\/\/medianews.mx\/index.php\/wp-json\/wp\/v2\/types\/post"}],"author":[{"embeddable":true,"href":"https:\/\/medianews.mx\/index.php\/wp-json\/wp\/v2\/users\/2"}],"replies":[{"embeddable":true,"href":"https:\/\/medianews.mx\/index.php\/wp-json\/wp\/v2\/comments?post=98719"}],"version-history":[{"count":1,"href":"https:\/\/medianews.mx\/index.php\/wp-json\/wp\/v2\/posts\/98719\/revisions"}],"predecessor-version":[{"id":98721,"href":"https:\/\/medianews.mx\/index.php\/wp-json\/wp\/v2\/posts\/98719\/revisions\/98721"}],"wp:featuredmedia":[{"embeddable":true,"href":"https:\/\/medianews.mx\/index.php\/wp-json\/wp\/v2\/media\/98720"}],"wp:attachment":[{"href":"https:\/\/medianews.mx\/index.php\/wp-json\/wp\/v2\/media?parent=98719"}],"wp:term":[{"taxonomy":"category","embeddable":true,"href":"https:\/\/medianews.mx\/index.php\/wp-json\/wp\/v2\/categories?post=98719"},{"taxonomy":"post_tag","embeddable":true,"href":"https:\/\/medianews.mx\/index.php\/wp-json\/wp\/v2\/tags?post=98719"}],"curies":[{"name":"wp","href":"https:\/\/api.w.org\/{rel}","templated":true}]}}