{"id":98722,"date":"2026-09-01T07:57:28","date_gmt":"2026-09-01T13:57:28","guid":{"rendered":"https:\/\/medianews.mx\/?p=98722"},"modified":"2026-09-01T07:57:28","modified_gmt":"2026-09-01T13:57:28","slug":"falta-de-oxigeno-en-un-aljibe-habria-cobrado-la-vida-de-4-albaniles-en-morelia","status":"publish","type":"post","link":"https:\/\/medianews.mx\/index.php\/2026\/09\/01\/falta-de-oxigeno-en-un-aljibe-habria-cobrado-la-vida-de-4-albaniles-en-morelia\/","title":{"rendered":"Falta de ox\u00edgeno en un aljibe habr\u00eda cobrado la vida de 4 alba\u00f1iles en Morelia"},"content":{"rendered":"<p>RED 113 MICHOAC\u00c1N\/ Redacci\u00f3n<\/p>\n<p>Morelia, Mich.- Martes 01 de septiembre de 2026.- El espacio confinado, la escasez de ox\u00edgeno y la posible presencia de gases t\u00f3xicos derivados de materiales de construcci\u00f3n habr\u00edan sido las causas que terminaron con la vida de cuatro de cinco alba\u00f1iles al interior de un aljibe reci\u00e9n descimbrado, localizado en el s\u00f3tano de un inmueble en obra negra, informaron fuentes allegadas al tema. La construcci\u00f3n se ubica sobre la calle Juan de Medina Rinc\u00f3n, en la colonia moreliana La Rinconada, aleda\u00f1a a Las Am\u00e9ricas.<\/p>\n<p>Entraron para sacar a su compa\u00f1ero y ya no salieron<\/p>\n<p>Seg\u00fan datos preliminares, las v\u00edctimas fallecieron por asfixia. Trascendi\u00f3 que, durante la tarde-noche de ayer lunes, al concluir su jornada laboral, los trabajadores se dispon\u00edan a retirarse, pero notaron la ausencia de uno de sus compa\u00f1eros. Entonces, dos de ellos regresaron a buscarlo y descendieron al aljibe; sin embargo, el esfuerzo f\u00edsico, la falta de ox\u00edgeno y posiblemente la presencia de alg\u00fan gas o sustancia qu\u00edmica les provocaron un desmayo.<\/p>\n<p>Posteriormente, otros dos hombres ingresaron al citado espacio para intentar rescatarlos, pero tambi\u00e9n perdieron el conocimiento en el interior. En el exterior permanec\u00edan trabajadores, quienes al percatarse de la situaci\u00f3n solicitaron ayuda al n\u00famero de emergencias 911.<\/p>\n<p>Polic\u00edas, bomberos y param\u00e9dicos acuden al rescate y logran salvar a una de las v\u00edctimas<\/p>\n<p>Minutos despu\u00e9s arribaron patrulleros municipales y estatales, as\u00ed como param\u00e9dicos y bomberos, quienes extrajeron a los cinco afectados y les aplicaron maniobras de reanimaci\u00f3n cardiopulmonar (RCP). No obstante, \u00fanicamente uno de ellos logr\u00f3 sobrevivir y, en estado delicado de salud, fue canalizado al Hospital del IMSS en Charo, paciente identificado como Javier C., de 25 a\u00f1os de edad. El resto de los obreros falleci\u00f3.<\/p>\n<p>Identifican a los finados<\/p>\n<p>De acuerdo con los datos obtenidos, los ahora occisos respond\u00edan a los nombres de Wilibaldo Ram\u00f3n O., de 36 a\u00f1os; David El\u00edas O., El\u00edas O., y Luis Augusto G., de 22 a\u00f1os. Los tres primeros eran familiares.<\/p>\n<p>FGE inicia las investigaciones del caso<\/p>\n<p>Personal de la Unidad de Atenci\u00f3n Inmediata, dependiente de la Fiscal\u00eda General del Estado (FGE), inici\u00f3 las investigaciones correspondientes y traslad\u00f3 los cad\u00e1veres al Servicio M\u00e9dico Forense (Semefo) para la pr\u00e1ctica de la necropsia de ley, a efecto de determinar con precisi\u00f3n la causa de las defunciones.<\/p>\n<p><img loading=\"lazy\" decoding=\"async\" class=\"alignnone size-medium wp-image-98723\" src=\"https:\/\/medianews.mx\/wp-content\/uploads\/2026\/09\/WhatsApp-Image-2026-09-01-at-6.52.22-AM-300x169.jpeg\" alt=\"\" width=\"300\" height=\"169\" srcset=\"https:\/\/medianews.mx\/wp-content\/uploads\/2026\/09\/WhatsApp-Image-2026-09-01-at-6.52.22-AM-300x169.jpeg 300w, https:\/\/medianews.mx\/wp-content\/uploads\/2026\/09\/WhatsApp-Image-2026-09-01-at-6.52.22-AM-1024x576.jpeg 1024w, https:\/\/medianews.mx\/wp-content\/uploads\/2026\/09\/WhatsApp-Image-2026-09-01-at-6.52.22-AM-768x432.jpeg 768w, https:\/\/medianews.mx\/wp-content\/uploads\/2026\/09\/WhatsApp-Image-2026-09-01-at-6.52.22-AM-150x84.jpeg 150w, https:\/\/medianews.mx\/wp-content\/uploads\/2026\/09\/WhatsApp-Image-2026-09-01-at-6.52.22-AM-696x392.jpeg 696w, https:\/\/medianews.mx\/wp-content\/uploads\/2026\/09\/WhatsApp-Image-2026-09-01-at-6.52.22-AM-1068x601.jpeg 1068w, https:\/\/medianews.mx\/wp-content\/uploads\/2026\/09\/WhatsApp-Image-2026-09-01-at-6.52.22-AM.jpeg 1280w\" sizes=\"auto, (max-width: 300px) 100vw, 300px\" \/><\/p>\n","protected":false},"excerpt":{"rendered":"<p>RED 113 MICHOAC\u00c1N\/ Redacci\u00f3n Morelia, Mich.- Martes 01 de septiembre de 2026.- El espacio confinado, la escasez de ox\u00edgeno y la posible presencia de gases t\u00f3xicos derivados de materiales de construcci\u00f3n habr\u00edan sido las causas que terminaron con la vida de cuatro de cinco alba\u00f1iles al interior de un aljibe reci\u00e9n descimbrado, localizado en el [&hellip;]<\/p>\n","protected":false},"author":2,"featured_media":98723,"comment_status":"closed","ping_status":"closed","sticky":false,"template":"","format":"standard","meta":{"om_disable_all_campaigns":false,"_monsterinsights_skip_tracking":false,"_uf_show_specific_survey":0,"_uf_disable_surveys":false,"_jetpack_memberships_contains_paid_content":false,"footnotes":"","jetpack_publicize_message":"Falta de ox\u00edgeno en un aljibe habr\u00eda cobrado la vida de 4 alba\u00f1iles en Morelia\r\n\r\n  + Sucedi\u00f3 en un inmueble en construcci\u00f3n, ubicado en la colonia La Rinconada, aleda\u00f1a a Las Am\u00e9ricas.","jetpack_publicize_feature_enabled":true,"jetpack_social_post_already_shared":true,"jetpack_social_options":{"image_generator_settings":{"template":"highway","default_image_id":0,"enabled":false},"version":2}},"categories":[17],"tags":[1764,1766,1767,1765,51],"class_list":["post-98722","post","type-post","status-publish","format-standard","has-post-thumbnail","category-morelia","tag-4-albaniles","tag-aljibe","tag-cobrado","tag-falta-de-oxigeno","tag-morelia"],"aioseo_notices":[],"jetpack_publicize_connections":[],"jetpack_featured_media_url":"https:\/\/medianews.mx\/wp-content\/uploads\/2026\/09\/WhatsApp-Image-2026-09-01-at-6.52.22-AM.jpeg","jetpack_sharing_enabled":true,"_links":{"self":[{"href":"https:\/\/medianews.mx\/index.php\/wp-json\/wp\/v2\/posts\/98722","targetHints":{"allow":["GET"]}}],"collection":[{"href":"https:\/\/medianews.mx\/index.php\/wp-json\/wp\/v2\/posts"}],"about":[{"href":"https:\/\/medianews.mx\/index.php\/wp-json\/wp\/v2\/types\/post"}],"author":[{"embeddable":true,"href":"https:\/\/medianews.mx\/index.php\/wp-json\/wp\/v2\/users\/2"}],"replies":[{"embeddable":true,"href":"https:\/\/medianews.mx\/index.php\/wp-json\/wp\/v2\/comments?post=98722"}],"version-history":[{"count":2,"href":"https:\/\/medianews.mx\/index.php\/wp-json\/wp\/v2\/posts\/98722\/revisions"}],"predecessor-version":[{"id":98725,"href":"https:\/\/medianews.mx\/index.php\/wp-json\/wp\/v2\/posts\/98722\/revisions\/98725"}],"wp:featuredmedia":[{"embeddable":true,"href":"https:\/\/medianews.mx\/index.php\/wp-json\/wp\/v2\/media\/98723"}],"wp:attachment":[{"href":"https:\/\/medianews.mx\/index.php\/wp-json\/wp\/v2\/media?parent=98722"}],"wp:term":[{"taxonomy":"category","embeddable":true,"href":"https:\/\/medianews.mx\/index.php\/wp-json\/wp\/v2\/categories?post=98722"},{"taxonomy":"post_tag","embeddable":true,"href":"https:\/\/medianews.mx\/index.php\/wp-json\/wp\/v2\/tags?post=98722"}],"curies":[{"name":"wp","href":"https:\/\/api.w.org\/{rel}","templated":true}]}}