{"id":98726,"date":"2026-09-01T08:08:09","date_gmt":"2026-09-01T14:08:09","guid":{"rendered":"https:\/\/medianews.mx\/?p=98726"},"modified":"2026-09-01T08:08:09","modified_gmt":"2026-09-01T14:08:09","slug":"localizan-ejecutados-a-4-hombres-que-portaban-ropas-tacticas-en-lazaro-cardenas","status":"publish","type":"post","link":"https:\/\/medianews.mx\/index.php\/2026\/09\/01\/localizan-ejecutados-a-4-hombres-que-portaban-ropas-tacticas-en-lazaro-cardenas\/","title":{"rendered":"Localizan ejecutados a 4 hombres que portaban ropas t\u00e1cticas, en L\u00e1zaro C\u00e1rdenas"},"content":{"rendered":"<p>RED 113 MICHOAC\u00c1N\/Redacci\u00f3n<\/p>\n<p>L\u00e1zaro C\u00e1rdenas, Mich.- 01 de septiembre de 2026.- Cuatro presuntos integrantes de una c\u00e9lula criminal fueron localizados asesinados a balazos en las inmediaciones de la comunidad de Los Coyotes, perteneciente al municipio de L\u00e1zaro C\u00e1rdenas.<\/p>\n<p>Trascendi\u00f3 en la cobertura noticiosa que, una denuncia ciudadana fue la que alert\u00f3 a las autoridades sobre el hallazgo de cuatro cad\u00e1veres con huellas de violencia en las cercan\u00edas de dicha poblaci\u00f3n, ubicada sobre la carretera libre L\u00e1zaro C\u00e1rdenas \u2013 Arteaga.<\/p>\n<p>Por lo que a la zona se movilizaron oficiales de la Guardia Civil, Guardia Nacional y de la Secretar\u00eda de la Defensa Nacional (Defensa), mismos que al revisar el \u00e1rea confirmaron el m\u00faltiple crimen. Los fallecidos no fueron identificados, todos ellos vest\u00edan ropas t\u00e1cticas negras y portaban chalecos t\u00e1cticos.<\/p>\n<p>M\u00e1s tarde un grupo multidisciplinario de la Fiscal\u00eda Regional de Justicia se present\u00f3 en el \u00e1rea de intervenci\u00f3n para realizar los respectivos actos de investigaci\u00f3n, as\u00ed como el levantamiento de los cuerpos para su posterior traslado al Servicio M\u00e9dico Forense de la regi\u00f3n.<\/p>\n<p><img loading=\"lazy\" decoding=\"async\" class=\"alignnone size-medium wp-image-98727\" src=\"https:\/\/medianews.mx\/wp-content\/uploads\/2026\/09\/WhatsApp-Image-2026-09-01-at-7.23.11-AM-300x166.jpeg\" alt=\"\" width=\"300\" height=\"166\" srcset=\"https:\/\/medianews.mx\/wp-content\/uploads\/2026\/09\/WhatsApp-Image-2026-09-01-at-7.23.11-AM-300x166.jpeg 300w, https:\/\/medianews.mx\/wp-content\/uploads\/2026\/09\/WhatsApp-Image-2026-09-01-at-7.23.11-AM-1024x565.jpeg 1024w, https:\/\/medianews.mx\/wp-content\/uploads\/2026\/09\/WhatsApp-Image-2026-09-01-at-7.23.11-AM-768x424.jpeg 768w, https:\/\/medianews.mx\/wp-content\/uploads\/2026\/09\/WhatsApp-Image-2026-09-01-at-7.23.11-AM-1536x848.jpeg 1536w, https:\/\/medianews.mx\/wp-content\/uploads\/2026\/09\/WhatsApp-Image-2026-09-01-at-7.23.11-AM-150x83.jpeg 150w, https:\/\/medianews.mx\/wp-content\/uploads\/2026\/09\/WhatsApp-Image-2026-09-01-at-7.23.11-AM-696x384.jpeg 696w, https:\/\/medianews.mx\/wp-content\/uploads\/2026\/09\/WhatsApp-Image-2026-09-01-at-7.23.11-AM-1068x589.jpeg 1068w, https:\/\/medianews.mx\/wp-content\/uploads\/2026\/09\/WhatsApp-Image-2026-09-01-at-7.23.11-AM.jpeg 1600w\" sizes=\"auto, (max-width: 300px) 100vw, 300px\" \/><\/p>\n","protected":false},"excerpt":{"rendered":"<p>RED 113 MICHOAC\u00c1N\/Redacci\u00f3n L\u00e1zaro C\u00e1rdenas, Mich.- 01 de septiembre de 2026.- Cuatro presuntos integrantes de una c\u00e9lula criminal fueron localizados asesinados a balazos en las inmediaciones de la comunidad de Los Coyotes, perteneciente al municipio de L\u00e1zaro C\u00e1rdenas. Trascendi\u00f3 en la cobertura noticiosa que, una denuncia ciudadana fue la que alert\u00f3 a las autoridades sobre [&hellip;]<\/p>\n","protected":false},"author":2,"featured_media":98727,"comment_status":"closed","ping_status":"closed","sticky":false,"template":"","format":"standard","meta":{"om_disable_all_campaigns":false,"_monsterinsights_skip_tracking":false,"_uf_show_specific_survey":0,"_uf_disable_surveys":false,"_jetpack_memberships_contains_paid_content":false,"footnotes":"","jetpack_publicize_message":"","jetpack_publicize_feature_enabled":true,"jetpack_social_post_already_shared":true,"jetpack_social_options":{"image_generator_settings":{"template":"highway","default_image_id":0,"enabled":false},"version":2}},"categories":[15],"tags":[1768,332,95,1769],"class_list":["post-98726","post","type-post","status-publish","format-standard","has-post-thumbnail","category-michoacan","tag-4-hombres","tag-lazaro-cardenas","tag-localizan","tag-ropas-tacticas"],"aioseo_notices":[],"jetpack_publicize_connections":[],"jetpack_featured_media_url":"https:\/\/medianews.mx\/wp-content\/uploads\/2026\/09\/WhatsApp-Image-2026-09-01-at-7.23.11-AM.jpeg","jetpack_sharing_enabled":true,"_links":{"self":[{"href":"https:\/\/medianews.mx\/index.php\/wp-json\/wp\/v2\/posts\/98726","targetHints":{"allow":["GET"]}}],"collection":[{"href":"https:\/\/medianews.mx\/index.php\/wp-json\/wp\/v2\/posts"}],"about":[{"href":"https:\/\/medianews.mx\/index.php\/wp-json\/wp\/v2\/types\/post"}],"author":[{"embeddable":true,"href":"https:\/\/medianews.mx\/index.php\/wp-json\/wp\/v2\/users\/2"}],"replies":[{"embeddable":true,"href":"https:\/\/medianews.mx\/index.php\/wp-json\/wp\/v2\/comments?post=98726"}],"version-history":[{"count":1,"href":"https:\/\/medianews.mx\/index.php\/wp-json\/wp\/v2\/posts\/98726\/revisions"}],"predecessor-version":[{"id":98728,"href":"https:\/\/medianews.mx\/index.php\/wp-json\/wp\/v2\/posts\/98726\/revisions\/98728"}],"wp:featuredmedia":[{"embeddable":true,"href":"https:\/\/medianews.mx\/index.php\/wp-json\/wp\/v2\/media\/98727"}],"wp:attachment":[{"href":"https:\/\/medianews.mx\/index.php\/wp-json\/wp\/v2\/media?parent=98726"}],"wp:term":[{"taxonomy":"category","embeddable":true,"href":"https:\/\/medianews.mx\/index.php\/wp-json\/wp\/v2\/categories?post=98726"},{"taxonomy":"post_tag","embeddable":true,"href":"https:\/\/medianews.mx\/index.php\/wp-json\/wp\/v2\/tags?post=98726"}],"curies":[{"name":"wp","href":"https:\/\/api.w.org\/{rel}","templated":true}]}}