{"id":98732,"date":"2026-09-01T09:36:50","date_gmt":"2026-09-01T15:36:50","guid":{"rendered":"https:\/\/medianews.mx\/?p=98732"},"modified":"2026-09-01T09:36:50","modified_gmt":"2026-09-01T15:36:50","slug":"automovilista-muere-tras-chocar-contra-trailer-en-la-zitacuaro-morelia","status":"publish","type":"post","link":"https:\/\/medianews.mx\/index.php\/2026\/09\/01\/automovilista-muere-tras-chocar-contra-trailer-en-la-zitacuaro-morelia\/","title":{"rendered":"Automovilista muere tras chocar contra tr\u00e1iler en la Zit\u00e1cuaro-Morelia"},"content":{"rendered":"<p>RED 113 MICHOAC\u00c1N\/ Redacci\u00f3n<\/p>\n<p>Zit\u00e1cuaro, Mich.- Martes 01 de septiembre de 2026. &#8211; El conductor de un autom\u00f3vil falleci\u00f3 tras chocar su unidad contra un tractocami\u00f3n sobre la carretera Zit\u00e1cuaro-Morelia, informaron autoridades policiales y de rescate.<\/p>\n<p>El aparatoso accidente ocurri\u00f3 durante la ma\u00f1ana de este martes a la altura de la comunidad de Valle Verde, perteneciente al municipio de Zit\u00e1cuaro, cerca del Hotel San Marcos. Unas personas reportaron la situaci\u00f3n al n\u00famero de emergencias 911.<\/p>\n<p>Al lugar acudieron bomberos y param\u00e9dicos de Protecci\u00f3n Civil Municipal, quienes confirmaron el deceso del masculino, mismo que no est\u00e1 identificado, \u00e9l ten\u00eda aproximadamente 30 a\u00f1os de edad.<\/p>\n<p>Se apreci\u00f3 que la unidad siniestrada es un autom\u00f3vil de la marca Seat Ibiza, color blanco, con placas PRS043B, y el tr\u00e1iler involucrado corresponde a la marca Freightliner, con matr\u00edcula NF6789A.<\/p>\n<p>Unos oficiales delimitaron la escena de la tragedia, posteriormente elementos de la Fiscal\u00eda Regional realizaron las investigaciones correspondientes y trasladaron el cad\u00e1ver al Servicio M\u00e9dico Forense (Semefo) para la pr\u00e1ctica de la necropsia de ley.<\/p>\n<p><img loading=\"lazy\" decoding=\"async\" class=\"alignnone size-medium wp-image-98733\" src=\"https:\/\/medianews.mx\/wp-content\/uploads\/2026\/09\/WhatsApp-Image-2026-09-01-at-9.21.22-AM-300x169.jpeg\" alt=\"\" width=\"300\" height=\"169\" srcset=\"https:\/\/medianews.mx\/wp-content\/uploads\/2026\/09\/WhatsApp-Image-2026-09-01-at-9.21.22-AM-300x169.jpeg 300w, https:\/\/medianews.mx\/wp-content\/uploads\/2026\/09\/WhatsApp-Image-2026-09-01-at-9.21.22-AM-1024x576.jpeg 1024w, https:\/\/medianews.mx\/wp-content\/uploads\/2026\/09\/WhatsApp-Image-2026-09-01-at-9.21.22-AM-768x432.jpeg 768w, https:\/\/medianews.mx\/wp-content\/uploads\/2026\/09\/WhatsApp-Image-2026-09-01-at-9.21.22-AM-150x84.jpeg 150w, https:\/\/medianews.mx\/wp-content\/uploads\/2026\/09\/WhatsApp-Image-2026-09-01-at-9.21.22-AM-696x392.jpeg 696w, https:\/\/medianews.mx\/wp-content\/uploads\/2026\/09\/WhatsApp-Image-2026-09-01-at-9.21.22-AM-1068x601.jpeg 1068w, https:\/\/medianews.mx\/wp-content\/uploads\/2026\/09\/WhatsApp-Image-2026-09-01-at-9.21.22-AM.jpeg 1280w\" sizes=\"auto, (max-width: 300px) 100vw, 300px\" \/><\/p>\n","protected":false},"excerpt":{"rendered":"<p>RED 113 MICHOAC\u00c1N\/ Redacci\u00f3n Zit\u00e1cuaro, Mich.- Martes 01 de septiembre de 2026. &#8211; El conductor de un autom\u00f3vil falleci\u00f3 tras chocar su unidad contra un tractocami\u00f3n sobre la carretera Zit\u00e1cuaro-Morelia, informaron autoridades policiales y de rescate. El aparatoso accidente ocurri\u00f3 durante la ma\u00f1ana de este martes a la altura de la comunidad de Valle Verde, [&hellip;]<\/p>\n","protected":false},"author":2,"featured_media":98733,"comment_status":"closed","ping_status":"closed","sticky":false,"template":"","format":"standard","meta":{"om_disable_all_campaigns":false,"_monsterinsights_skip_tracking":false,"_uf_show_specific_survey":0,"_uf_disable_surveys":false,"_jetpack_memberships_contains_paid_content":false,"footnotes":"","jetpack_publicize_message":"Automovilista muere tras chocar contra tr\u00e1iler en la Zit\u00e1cuaro-Morelia \r\n\r\n  + Sucedi\u00f3 a la altura de la poblaci\u00f3n de Valle Verde.","jetpack_publicize_feature_enabled":true,"jetpack_social_post_already_shared":true,"jetpack_social_options":{"image_generator_settings":{"template":"highway","default_image_id":0,"enabled":false},"version":2}},"categories":[15],"tags":[773,206,328,438,1771],"class_list":["post-98732","post","type-post","status-publish","format-standard","has-post-thumbnail","category-michoacan","tag-automovilista","tag-choque","tag-muere","tag-trailer","tag-zitacuaro-morelia"],"aioseo_notices":[],"jetpack_publicize_connections":[],"jetpack_featured_media_url":"https:\/\/medianews.mx\/wp-content\/uploads\/2026\/09\/WhatsApp-Image-2026-09-01-at-9.21.22-AM.jpeg","jetpack_sharing_enabled":true,"_links":{"self":[{"href":"https:\/\/medianews.mx\/index.php\/wp-json\/wp\/v2\/posts\/98732","targetHints":{"allow":["GET"]}}],"collection":[{"href":"https:\/\/medianews.mx\/index.php\/wp-json\/wp\/v2\/posts"}],"about":[{"href":"https:\/\/medianews.mx\/index.php\/wp-json\/wp\/v2\/types\/post"}],"author":[{"embeddable":true,"href":"https:\/\/medianews.mx\/index.php\/wp-json\/wp\/v2\/users\/2"}],"replies":[{"embeddable":true,"href":"https:\/\/medianews.mx\/index.php\/wp-json\/wp\/v2\/comments?post=98732"}],"version-history":[{"count":1,"href":"https:\/\/medianews.mx\/index.php\/wp-json\/wp\/v2\/posts\/98732\/revisions"}],"predecessor-version":[{"id":98734,"href":"https:\/\/medianews.mx\/index.php\/wp-json\/wp\/v2\/posts\/98732\/revisions\/98734"}],"wp:featuredmedia":[{"embeddable":true,"href":"https:\/\/medianews.mx\/index.php\/wp-json\/wp\/v2\/media\/98733"}],"wp:attachment":[{"href":"https:\/\/medianews.mx\/index.php\/wp-json\/wp\/v2\/media?parent=98732"}],"wp:term":[{"taxonomy":"category","embeddable":true,"href":"https:\/\/medianews.mx\/index.php\/wp-json\/wp\/v2\/categories?post=98732"},{"taxonomy":"post_tag","embeddable":true,"href":"https:\/\/medianews.mx\/index.php\/wp-json\/wp\/v2\/tags?post=98732"}],"curies":[{"name":"wp","href":"https:\/\/api.w.org\/{rel}","templated":true}]}}