{"id":98735,"date":"2026-09-01T10:19:51","date_gmt":"2026-09-01T16:19:51","guid":{"rendered":"https:\/\/medianews.mx\/?p=98735"},"modified":"2026-09-01T10:19:51","modified_gmt":"2026-09-01T16:19:51","slug":"con-diagnostico-estatal-se-atenderan-necesidades-de-seguridad-en-michoacan-cesar-erwin-sanchez","status":"publish","type":"post","link":"https:\/\/medianews.mx\/index.php\/2026\/09\/01\/con-diagnostico-estatal-se-atenderan-necesidades-de-seguridad-en-michoacan-cesar-erwin-sanchez\/","title":{"rendered":"\u201cCon diagn\u00f3stico estatal, se atender\u00e1n necesidades de seguridad en Michoac\u00e1n\u201d: C\u00e9sar Erwin S\u00e1nchez"},"content":{"rendered":"<p>Morelia, Michoac\u00e1n, 01 de septiembre de 2026.- El Secretariado Ejecutivo del Sistema Estatal de Seguridad P\u00fablica (SESESP) fortalece la estrategia de prevenci\u00f3n del delito a trav\u00e9s del an\u00e1lisis de informaci\u00f3n, de \u00edndices delictivos y de diagn\u00f3sticos municipales, para identificar necesidades espec\u00edficas y focalizar los recursos, el equipamiento y las acciones de seguridad en cada regi\u00f3n del estado, inform\u00f3 el titular de la dependencia, C\u00e9sar Erwin S\u00e1nchez Coria.<\/p>\n<p>El funcionario explic\u00f3 que, a partir de los acuerdos establecidos en los consejos de seguridad y del trabajo coordinado con los municipios, a trav\u00e9s de los consejos intermunicipales, se conocen las condiciones particulares de cada demarcaci\u00f3n. Este diagn\u00f3stico contempla \u00edndices delictivos, identificaci\u00f3n de focos rojos y el estado que guarda el equipamiento de las corporaciones municipales.<\/p>\n<p>A partir de esta focalizaci\u00f3n se determina d\u00f3nde existen mayores necesidades de patrullas, chalecos, armamento, municiones, equipo tecnol\u00f3gico y sistemas de videovigilancia, como los Centros de Control y Comando (C2) y los Centros de Control, Comando, Comunicaciones y C\u00f3mputo (C4). Con ello, los municipios pueden acceder a recursos para la adquisici\u00f3n del equipamiento que requieren, de acuerdo con las necesidades identificadas.<\/p>\n<p>El funcionario destac\u00f3 que, mediante el Fondo para el Fortalecimiento para la Paz (Fortapaz) y el Fondo de Aportaciones para la Seguridad P\u00fablica (FASP), las corporaciones municipales reciben nuevas unidades y equipamiento a trav\u00e9s de compras consolidadas, lo que permite fortalecer su capacidad operativa. Como resultado de este esfuerzo, durante el a\u00f1o se contempla una inversi\u00f3n total de 173 millones 863 mil 263 pesos para la adquisici\u00f3n de patrullas, destinada a renovar y fortalecer el parque vehicular de las polic\u00edas municipales.<\/p>\n<p>Finalmente, el titular del SESESP destac\u00f3 que estos recursos se aplican bajo criterios de diagn\u00f3stico, planeaci\u00f3n y coordinaci\u00f3n institucional, en cumplimiento de la pol\u00edtica de seguridad impulsada por el gobernador Alfredo Ram\u00edrez Bedolla. Asimismo, se mantienen vigilancia y seguimiento permanentes para que las inversiones cumplan con el objetivo de fortalecer las capacidades de las corporaciones.<\/p>\n<p><img loading=\"lazy\" decoding=\"async\" class=\"alignnone size-medium wp-image-98736\" src=\"https:\/\/medianews.mx\/wp-content\/uploads\/2026\/09\/WhatsApp-Image-2026-09-01-at-10.15.57-AM-300x200.jpeg\" alt=\"\" width=\"300\" height=\"200\" srcset=\"https:\/\/medianews.mx\/wp-content\/uploads\/2026\/09\/WhatsApp-Image-2026-09-01-at-10.15.57-AM-300x200.jpeg 300w, https:\/\/medianews.mx\/wp-content\/uploads\/2026\/09\/WhatsApp-Image-2026-09-01-at-10.15.57-AM-1024x683.jpeg 1024w, https:\/\/medianews.mx\/wp-content\/uploads\/2026\/09\/WhatsApp-Image-2026-09-01-at-10.15.57-AM-768x512.jpeg 768w, https:\/\/medianews.mx\/wp-content\/uploads\/2026\/09\/WhatsApp-Image-2026-09-01-at-10.15.57-AM-150x100.jpeg 150w, https:\/\/medianews.mx\/wp-content\/uploads\/2026\/09\/WhatsApp-Image-2026-09-01-at-10.15.57-AM-696x464.jpeg 696w, https:\/\/medianews.mx\/wp-content\/uploads\/2026\/09\/WhatsApp-Image-2026-09-01-at-10.15.57-AM-1068x712.jpeg 1068w, https:\/\/medianews.mx\/wp-content\/uploads\/2026\/09\/WhatsApp-Image-2026-09-01-at-10.15.57-AM.jpeg 1264w\" sizes=\"auto, (max-width: 300px) 100vw, 300px\" \/><\/p>\n","protected":false},"excerpt":{"rendered":"<p>Morelia, Michoac\u00e1n, 01 de septiembre de 2026.- El Secretariado Ejecutivo del Sistema Estatal de Seguridad P\u00fablica (SESESP) fortalece la estrategia de prevenci\u00f3n del delito a trav\u00e9s del an\u00e1lisis de informaci\u00f3n, de \u00edndices delictivos y de diagn\u00f3sticos municipales, para identificar necesidades espec\u00edficas y focalizar los recursos, el equipamiento y las acciones de seguridad en cada regi\u00f3n [&hellip;]<\/p>\n","protected":false},"author":2,"featured_media":98736,"comment_status":"closed","ping_status":"closed","sticky":false,"template":"","format":"standard","meta":{"om_disable_all_campaigns":false,"_monsterinsights_skip_tracking":false,"_uf_show_specific_survey":0,"_uf_disable_surveys":false,"_jetpack_memberships_contains_paid_content":false,"footnotes":"","jetpack_publicize_message":"\u201cCon diagn\u00f3stico estatal, se atender\u00e1n necesidades de seguridad en Michoac\u00e1n\u201d: C\u00e9sar Erwin S\u00e1nchez \r\n\r\n\u2022\tEste a\u00f1o se contempla una inversi\u00f3n superior a 173 mdp para renovar el parque vehicular de las polic\u00edas municipales","jetpack_publicize_feature_enabled":true,"jetpack_social_post_already_shared":true,"jetpack_social_options":{"image_generator_settings":{"template":"highway","default_image_id":0,"enabled":false},"version":2}},"categories":[15],"tags":[1772,1773,45,44],"class_list":["post-98735","post","type-post","status-publish","format-standard","has-post-thumbnail","category-michoacan","tag-cesar-erwin-sanchez","tag-diagnostico-estatal","tag-michoacan","tag-seguridad"],"aioseo_notices":[],"jetpack_publicize_connections":[],"jetpack_featured_media_url":"https:\/\/medianews.mx\/wp-content\/uploads\/2026\/09\/WhatsApp-Image-2026-09-01-at-10.15.57-AM.jpeg","jetpack_sharing_enabled":true,"_links":{"self":[{"href":"https:\/\/medianews.mx\/index.php\/wp-json\/wp\/v2\/posts\/98735","targetHints":{"allow":["GET"]}}],"collection":[{"href":"https:\/\/medianews.mx\/index.php\/wp-json\/wp\/v2\/posts"}],"about":[{"href":"https:\/\/medianews.mx\/index.php\/wp-json\/wp\/v2\/types\/post"}],"author":[{"embeddable":true,"href":"https:\/\/medianews.mx\/index.php\/wp-json\/wp\/v2\/users\/2"}],"replies":[{"embeddable":true,"href":"https:\/\/medianews.mx\/index.php\/wp-json\/wp\/v2\/comments?post=98735"}],"version-history":[{"count":1,"href":"https:\/\/medianews.mx\/index.php\/wp-json\/wp\/v2\/posts\/98735\/revisions"}],"predecessor-version":[{"id":98737,"href":"https:\/\/medianews.mx\/index.php\/wp-json\/wp\/v2\/posts\/98735\/revisions\/98737"}],"wp:featuredmedia":[{"embeddable":true,"href":"https:\/\/medianews.mx\/index.php\/wp-json\/wp\/v2\/media\/98736"}],"wp:attachment":[{"href":"https:\/\/medianews.mx\/index.php\/wp-json\/wp\/v2\/media?parent=98735"}],"wp:term":[{"taxonomy":"category","embeddable":true,"href":"https:\/\/medianews.mx\/index.php\/wp-json\/wp\/v2\/categories?post=98735"},{"taxonomy":"post_tag","embeddable":true,"href":"https:\/\/medianews.mx\/index.php\/wp-json\/wp\/v2\/tags?post=98735"}],"curies":[{"name":"wp","href":"https:\/\/api.w.org\/{rel}","templated":true}]}}