{"id":98740,"date":"2026-09-01T12:39:29","date_gmt":"2026-09-01T18:39:29","guid":{"rendered":"https:\/\/medianews.mx\/?p=98740"},"modified":"2026-09-01T12:39:29","modified_gmt":"2026-09-01T18:39:29","slug":"amanc-busca-reunir-600-mil-pesos-para-renovar-su-casa-de-atencion-a-ninos-con-cancer","status":"publish","type":"post","link":"https:\/\/medianews.mx\/index.php\/2026\/09\/01\/amanc-busca-reunir-600-mil-pesos-para-renovar-su-casa-de-atencion-a-ninos-con-cancer\/","title":{"rendered":"AMANC busca reunir 600 mil pesos para renovar su casa de atenci\u00f3n a ni\u00f1os con c\u00e1ncer"},"content":{"rendered":"<p>Con el objetivo de mejorar las condiciones de la casa que recibe a ni\u00f1as y ni\u00f1os con c\u00e1ncer y sus familias, la Asociaci\u00f3n Mexicana de Ayuda a Ni\u00f1os con C\u00e1ncer (AMANC) Michoac\u00e1n puso en marcha su campa\u00f1a de recaudaci\u00f3n de fondos de Septiembre Dorado. La meta para este a\u00f1o es reunir 600 mil pesos, recursos que ser\u00e1n destinados principalmente al mantenimiento y renovaci\u00f3n de las instalaciones, expuso la directora del centro en Morelia, Elizabeth Contreras.<\/p>\n<p>La directora de AMANC explic\u00f3 que entre las principales necesidades se encuentran la reparaci\u00f3n de techos y la renovaci\u00f3n de colchones, lockers, ventanas, puertas, regaderas, lavabos, sanitarios e iluminaci\u00f3n de las habitaciones.<br \/>\nTambi\u00e9n se busca rehabilitar la ludoteca y renovar el piso del \u00e1rea de juegos, espacios utilizados por las familias durante sus estancias.<br \/>\nLa fundadora y presidenta de la asociaci\u00f3n, Mar\u00eda de Lourdes Salinas Ordu\u00f1o, compartir que para reunir los recursos se realizar\u00e1n diversas actividades durante septiembre, entre ellas una charla sobre detecci\u00f3n oportuna del c\u00e1ncer infantil, jornadas de donaci\u00f3n de sangre, un desayuno con causa y actividades deportivas.<\/p>\n<p>Las actividades continuar\u00e1n con acciones en Morelia y Zamora, adem\u00e1s de la participaci\u00f3n de AMANC en el Festival Nacional de Mariachi y Danza, que se realizar\u00e1 del 23 al 27 de septiembre en Morelia. El programa tambi\u00e9n contempla una fiesta de m\u00e1scaras, programada para el 16 de octubre, cuyo boleto tendr\u00e1 un costo de 750 pesos e incluir\u00e1 cena y una bebida de cortes\u00eda.<br \/>\nLa organizaci\u00f3n hizo un llamado a empresas, escuelas y sociedad en general a convertirse en aliados de esta campa\u00f1a y contribuir a que la casa pueda renovarse.<\/p>\n<p><img loading=\"lazy\" decoding=\"async\" class=\"alignnone size-medium wp-image-98742\" src=\"https:\/\/medianews.mx\/wp-content\/uploads\/2026\/09\/WhatsApp-Image-2026-09-01-at-12.33.41-PM-300x225.jpeg\" alt=\"\" width=\"300\" height=\"225\" srcset=\"https:\/\/medianews.mx\/wp-content\/uploads\/2026\/09\/WhatsApp-Image-2026-09-01-at-12.33.41-PM-300x225.jpeg 300w, https:\/\/medianews.mx\/wp-content\/uploads\/2026\/09\/WhatsApp-Image-2026-09-01-at-12.33.41-PM-1024x768.jpeg 1024w, https:\/\/medianews.mx\/wp-content\/uploads\/2026\/09\/WhatsApp-Image-2026-09-01-at-12.33.41-PM-768x576.jpeg 768w, https:\/\/medianews.mx\/wp-content\/uploads\/2026\/09\/WhatsApp-Image-2026-09-01-at-12.33.41-PM-1536x1152.jpeg 1536w, https:\/\/medianews.mx\/wp-content\/uploads\/2026\/09\/WhatsApp-Image-2026-09-01-at-12.33.41-PM-150x113.jpeg 150w, https:\/\/medianews.mx\/wp-content\/uploads\/2026\/09\/WhatsApp-Image-2026-09-01-at-12.33.41-PM-696x522.jpeg 696w, https:\/\/medianews.mx\/wp-content\/uploads\/2026\/09\/WhatsApp-Image-2026-09-01-at-12.33.41-PM-1068x801.jpeg 1068w, https:\/\/medianews.mx\/wp-content\/uploads\/2026\/09\/WhatsApp-Image-2026-09-01-at-12.33.41-PM.jpeg 1600w\" sizes=\"auto, (max-width: 300px) 100vw, 300px\" \/><\/p>\n","protected":false},"excerpt":{"rendered":"<p>Con el objetivo de mejorar las condiciones de la casa que recibe a ni\u00f1as y ni\u00f1os con c\u00e1ncer y sus familias, la Asociaci\u00f3n Mexicana de Ayuda a Ni\u00f1os con C\u00e1ncer (AMANC) Michoac\u00e1n puso en marcha su campa\u00f1a de recaudaci\u00f3n de fondos de Septiembre Dorado. La meta para este a\u00f1o es reunir 600 mil pesos, recursos [&hellip;]<\/p>\n","protected":false},"author":2,"featured_media":98742,"comment_status":"closed","ping_status":"closed","sticky":false,"template":"","format":"standard","meta":{"om_disable_all_campaigns":false,"_monsterinsights_skip_tracking":false,"_uf_show_specific_survey":0,"_uf_disable_surveys":false,"_jetpack_memberships_contains_paid_content":false,"footnotes":"","jetpack_publicize_message":"AMANC busca reunir 600 mil pesos para renovar su casa de atenci\u00f3n a ni\u00f1os con c\u00e1ncer\r\n*Durante septiembre, el mes de concientizaci\u00f3n de c\u00e1ncer infantil, se realizar\u00e1n distintas actividades de recaudaci\u00f3n para mejorar habitaciones, \u00e1reas de juego y espacios de descanso de la casa para ni\u00f1as, ni\u00f1os, j\u00f3venes y sus familias que los acompa\u00f1an en este proceso","jetpack_publicize_feature_enabled":true,"jetpack_social_post_already_shared":true,"jetpack_social_options":{"image_generator_settings":{"template":"highway","default_image_id":0,"enabled":false},"version":2}},"categories":[15],"tags":[],"class_list":["post-98740","post","type-post","status-publish","format-standard","has-post-thumbnail","category-michoacan"],"aioseo_notices":[],"jetpack_publicize_connections":[],"jetpack_featured_media_url":"https:\/\/medianews.mx\/wp-content\/uploads\/2026\/09\/WhatsApp-Image-2026-09-01-at-12.33.41-PM.jpeg","jetpack_sharing_enabled":true,"_links":{"self":[{"href":"https:\/\/medianews.mx\/index.php\/wp-json\/wp\/v2\/posts\/98740","targetHints":{"allow":["GET"]}}],"collection":[{"href":"https:\/\/medianews.mx\/index.php\/wp-json\/wp\/v2\/posts"}],"about":[{"href":"https:\/\/medianews.mx\/index.php\/wp-json\/wp\/v2\/types\/post"}],"author":[{"embeddable":true,"href":"https:\/\/medianews.mx\/index.php\/wp-json\/wp\/v2\/users\/2"}],"replies":[{"embeddable":true,"href":"https:\/\/medianews.mx\/index.php\/wp-json\/wp\/v2\/comments?post=98740"}],"version-history":[{"count":1,"href":"https:\/\/medianews.mx\/index.php\/wp-json\/wp\/v2\/posts\/98740\/revisions"}],"predecessor-version":[{"id":98743,"href":"https:\/\/medianews.mx\/index.php\/wp-json\/wp\/v2\/posts\/98740\/revisions\/98743"}],"wp:featuredmedia":[{"embeddable":true,"href":"https:\/\/medianews.mx\/index.php\/wp-json\/wp\/v2\/media\/98742"}],"wp:attachment":[{"href":"https:\/\/medianews.mx\/index.php\/wp-json\/wp\/v2\/media?parent=98740"}],"wp:term":[{"taxonomy":"category","embeddable":true,"href":"https:\/\/medianews.mx\/index.php\/wp-json\/wp\/v2\/categories?post=98740"},{"taxonomy":"post_tag","embeddable":true,"href":"https:\/\/medianews.mx\/index.php\/wp-json\/wp\/v2\/tags?post=98740"}],"curies":[{"name":"wp","href":"https:\/\/api.w.org\/{rel}","templated":true}]}}