{"id":98744,"date":"2026-09-01T12:41:49","date_gmt":"2026-09-01T18:41:49","guid":{"rendered":"https:\/\/medianews.mx\/?p=98744"},"modified":"2026-09-01T12:41:49","modified_gmt":"2026-09-01T18:41:49","slug":"camion-urbano-sin-frenos-impacta-contra-5-vehiculos-y-vuelca-en-uruapan","status":"publish","type":"post","link":"https:\/\/medianews.mx\/index.php\/2026\/09\/01\/camion-urbano-sin-frenos-impacta-contra-5-vehiculos-y-vuelca-en-uruapan\/","title":{"rendered":"Cami\u00f3n urbano sin frenos impacta contra 5 veh\u00edculos y vuelca, en Uruapan"},"content":{"rendered":"<p>RED 113 MICHOAC\u00c1N\/Redacci\u00f3n<\/p>\n<p>Uruapan, Mich.- 09 de septiembre de 2026.- Un aparatoso accidente se registr\u00f3 la ma\u00f1ana de este martes en la colonia Granjas de Bellavista ubicada en las faldas del cerro de La Cruz, al norte de la ciudad de Uruapan, donde un cami\u00f3n urbano de la l\u00ednea \u00abTata L\u00e1zaro\u00bb que aparentemente se qued\u00f3 sin frenos, impact\u00f3 5 veh\u00edculos estacionados y volc\u00f3; afortunadamente no se reportan personas lesionadas.<\/p>\n<p>Alrededor de las 10:00 horas, el transporte con n\u00famero econ\u00f3mico 215 circulaba sobre la pendiente de la calle Pesca con rumbo a la Calzada Benito Ju\u00e1rez cuando ocurri\u00f3 la falla mec\u00e1nica; vecinos dijeron que, al percatarse de la situaci\u00f3n, el conductor salt\u00f3 de la unidad para ponerse a salvo.<\/p>\n<p>Sin control, el cami\u00f3n urbano avanz\u00f3 a toda velocidad para terminar su alocada carrera al chocar contra una camioneta Nissan, una Kia, color negro, otra Jeep, Grand Cherokee y otras dos unidades para despu\u00e9s volcar.<\/p>\n<p>Tras el reporte, al lugar se movilizaron elementos policiacos y param\u00e9dicos de distintas corporaciones de auxilio, quienes confirmaron que a pesar de la magnitud del accidente no hubo v\u00edctimas.<\/p>\n<p>Personal de Tr\u00e1nsito y Vialidad Municipal se encuentra en la zona para realizar el peritaje correspondiente y determinar las causas que provocaron el percance vial.<\/p>\n<p><img loading=\"lazy\" decoding=\"async\" class=\"alignnone size-medium wp-image-98746\" src=\"https:\/\/medianews.mx\/wp-content\/uploads\/2026\/09\/WhatsApp-Image-2026-09-01-at-12.31.52-PM-300x225.jpeg\" alt=\"\" width=\"300\" height=\"225\" srcset=\"https:\/\/medianews.mx\/wp-content\/uploads\/2026\/09\/WhatsApp-Image-2026-09-01-at-12.31.52-PM-300x225.jpeg 300w, https:\/\/medianews.mx\/wp-content\/uploads\/2026\/09\/WhatsApp-Image-2026-09-01-at-12.31.52-PM-1024x768.jpeg 1024w, https:\/\/medianews.mx\/wp-content\/uploads\/2026\/09\/WhatsApp-Image-2026-09-01-at-12.31.52-PM-768x576.jpeg 768w, https:\/\/medianews.mx\/wp-content\/uploads\/2026\/09\/WhatsApp-Image-2026-09-01-at-12.31.52-PM-1536x1152.jpeg 1536w, https:\/\/medianews.mx\/wp-content\/uploads\/2026\/09\/WhatsApp-Image-2026-09-01-at-12.31.52-PM-2048x1536.jpeg 2048w, https:\/\/medianews.mx\/wp-content\/uploads\/2026\/09\/WhatsApp-Image-2026-09-01-at-12.31.52-PM-150x113.jpeg 150w, https:\/\/medianews.mx\/wp-content\/uploads\/2026\/09\/WhatsApp-Image-2026-09-01-at-12.31.52-PM-696x522.jpeg 696w, https:\/\/medianews.mx\/wp-content\/uploads\/2026\/09\/WhatsApp-Image-2026-09-01-at-12.31.52-PM-1068x801.jpeg 1068w, https:\/\/medianews.mx\/wp-content\/uploads\/2026\/09\/WhatsApp-Image-2026-09-01-at-12.31.52-PM-1920x1440.jpeg 1920w\" sizes=\"auto, (max-width: 300px) 100vw, 300px\" \/><\/p>\n","protected":false},"excerpt":{"rendered":"<p>RED 113 MICHOAC\u00c1N\/Redacci\u00f3n Uruapan, Mich.- 09 de septiembre de 2026.- Un aparatoso accidente se registr\u00f3 la ma\u00f1ana de este martes en la colonia Granjas de Bellavista ubicada en las faldas del cerro de La Cruz, al norte de la ciudad de Uruapan, donde un cami\u00f3n urbano de la l\u00ednea \u00abTata L\u00e1zaro\u00bb que aparentemente se qued\u00f3 [&hellip;]<\/p>\n","protected":false},"author":2,"featured_media":98746,"comment_status":"closed","ping_status":"closed","sticky":false,"template":"","format":"standard","meta":{"om_disable_all_campaigns":false,"_monsterinsights_skip_tracking":false,"_uf_show_specific_survey":0,"_uf_disable_surveys":false,"_jetpack_memberships_contains_paid_content":false,"footnotes":"","jetpack_publicize_message":"","jetpack_publicize_feature_enabled":true,"jetpack_social_post_already_shared":true,"jetpack_social_options":{"image_generator_settings":{"template":"highway","default_image_id":0,"enabled":false},"version":2}},"categories":[15],"tags":[1776,1775,186,222],"class_list":["post-98744","post","type-post","status-publish","format-standard","has-post-thumbnail","category-michoacan","tag-camion-urbano","tag-impacta","tag-uruapan","tag-vuelca"],"aioseo_notices":[],"jetpack_publicize_connections":[],"jetpack_featured_media_url":"https:\/\/medianews.mx\/wp-content\/uploads\/2026\/09\/WhatsApp-Image-2026-09-01-at-12.31.52-PM-scaled.jpeg","jetpack_sharing_enabled":true,"_links":{"self":[{"href":"https:\/\/medianews.mx\/index.php\/wp-json\/wp\/v2\/posts\/98744","targetHints":{"allow":["GET"]}}],"collection":[{"href":"https:\/\/medianews.mx\/index.php\/wp-json\/wp\/v2\/posts"}],"about":[{"href":"https:\/\/medianews.mx\/index.php\/wp-json\/wp\/v2\/types\/post"}],"author":[{"embeddable":true,"href":"https:\/\/medianews.mx\/index.php\/wp-json\/wp\/v2\/users\/2"}],"replies":[{"embeddable":true,"href":"https:\/\/medianews.mx\/index.php\/wp-json\/wp\/v2\/comments?post=98744"}],"version-history":[{"count":1,"href":"https:\/\/medianews.mx\/index.php\/wp-json\/wp\/v2\/posts\/98744\/revisions"}],"predecessor-version":[{"id":98747,"href":"https:\/\/medianews.mx\/index.php\/wp-json\/wp\/v2\/posts\/98744\/revisions\/98747"}],"wp:featuredmedia":[{"embeddable":true,"href":"https:\/\/medianews.mx\/index.php\/wp-json\/wp\/v2\/media\/98746"}],"wp:attachment":[{"href":"https:\/\/medianews.mx\/index.php\/wp-json\/wp\/v2\/media?parent=98744"}],"wp:term":[{"taxonomy":"category","embeddable":true,"href":"https:\/\/medianews.mx\/index.php\/wp-json\/wp\/v2\/categories?post=98744"},{"taxonomy":"post_tag","embeddable":true,"href":"https:\/\/medianews.mx\/index.php\/wp-json\/wp\/v2\/tags?post=98744"}],"curies":[{"name":"wp","href":"https:\/\/api.w.org\/{rel}","templated":true}]}}