{"id":98745,"date":"2026-09-01T12:47:07","date_gmt":"2026-09-01T18:47:07","guid":{"rendered":"https:\/\/medianews.mx\/?p=98745"},"modified":"2026-09-01T12:47:07","modified_gmt":"2026-09-01T18:47:07","slug":"pasalagua-asegura-que-la-crt-no-fue-consultada-para-el-incremento-de-la-tarifa-del-transporte-publico","status":"publish","type":"post","link":"https:\/\/medianews.mx\/index.php\/2026\/09\/01\/pasalagua-asegura-que-la-crt-no-fue-consultada-para-el-incremento-de-la-tarifa-del-transporte-publico\/","title":{"rendered":"*Pasalagua asegura que la CRT no fue consultada para el incremento de la tarifa del transporte p\u00fablico"},"content":{"rendered":"<p>El dirigente de la Comisi\u00f3n Reguladora del Transporte (CRT), Jos\u00e9 Trinidad Mart\u00ednez Pasalagua, cuestion\u00f3 la manera en que se determin\u00f3 el incremento de la tarifa del transporte p\u00fablico en Michoac\u00e1n, al se\u00f1alar que su organizaci\u00f3n no particip\u00f3 en la construcci\u00f3n del ajuste de 11 a 12 pesos.<\/p>\n<p>El aumento entr\u00f3 en vigor el pasado 8 de agosto para el transporte p\u00fablico colectivo urbano y suburbano en el estado. El Gobierno de Michoac\u00e1n justific\u00f3 la actualizaci\u00f3n al se\u00f1alar que los costos relacionados con la operaci\u00f3n del transporte aumentaron alrededor de 30 por ciento durante los \u00faltimos tres a\u00f1os.<br \/>\nLa tarifa general pas\u00f3 de 11 a 12 pesos, mientras que algunos sectores mantienen tarifas preferenciales o exenciones. Las personas adultas mayores y con discapacidad mantienen un cobro de 11 pesos, mientras que menores de tres a\u00f1os y personas con c\u00e1ncer acreditadas est\u00e1n exentos.<br \/>\nSin embargo, Mart\u00ednez Pasalagua afirm\u00f3 que no conoci\u00f3 previamente el estudio ni las condiciones bajo las cuales se determin\u00f3 la nueva tarifa, por lo que consider\u00f3 necesario que el proceso sea m\u00e1s transparente.<br \/>\nRecord\u00f3 que en administraciones anteriores se presentaban estudios sobre los costos de operaci\u00f3n, entre ellos combustible, insumos, mantenimiento y recuperaci\u00f3n de las unidades, informaci\u00f3n que posteriormente era utilizada para discutir una posible actualizaci\u00f3n de la tarifa.<br \/>\nMart\u00ednez Pasalagua insisti\u00f3 en que, independientemente de si el ajuste resulta justo o injusto para los usuarios, debe existir mayor transparencia y participaci\u00f3n de los distintos sectores involucrados en la prestaci\u00f3n del servicio.<\/p>\n<p><img loading=\"lazy\" decoding=\"async\" class=\"alignnone size-medium wp-image-98748\" src=\"https:\/\/medianews.mx\/wp-content\/uploads\/2026\/09\/WhatsApp-Image-2026-09-01-at-12.44.01-PM-300x169.jpeg\" alt=\"\" width=\"300\" height=\"169\" srcset=\"https:\/\/medianews.mx\/wp-content\/uploads\/2026\/09\/WhatsApp-Image-2026-09-01-at-12.44.01-PM-300x169.jpeg 300w, https:\/\/medianews.mx\/wp-content\/uploads\/2026\/09\/WhatsApp-Image-2026-09-01-at-12.44.01-PM-1024x576.jpeg 1024w, https:\/\/medianews.mx\/wp-content\/uploads\/2026\/09\/WhatsApp-Image-2026-09-01-at-12.44.01-PM-768x432.jpeg 768w, https:\/\/medianews.mx\/wp-content\/uploads\/2026\/09\/WhatsApp-Image-2026-09-01-at-12.44.01-PM-1536x864.jpeg 1536w, https:\/\/medianews.mx\/wp-content\/uploads\/2026\/09\/WhatsApp-Image-2026-09-01-at-12.44.01-PM-150x84.jpeg 150w, https:\/\/medianews.mx\/wp-content\/uploads\/2026\/09\/WhatsApp-Image-2026-09-01-at-12.44.01-PM-696x392.jpeg 696w, https:\/\/medianews.mx\/wp-content\/uploads\/2026\/09\/WhatsApp-Image-2026-09-01-at-12.44.01-PM-1068x601.jpeg 1068w, https:\/\/medianews.mx\/wp-content\/uploads\/2026\/09\/WhatsApp-Image-2026-09-01-at-12.44.01-PM.jpeg 1600w\" sizes=\"auto, (max-width: 300px) 100vw, 300px\" \/><\/p>\n","protected":false},"excerpt":{"rendered":"<p>El dirigente de la Comisi\u00f3n Reguladora del Transporte (CRT), Jos\u00e9 Trinidad Mart\u00ednez Pasalagua, cuestion\u00f3 la manera en que se determin\u00f3 el incremento de la tarifa del transporte p\u00fablico en Michoac\u00e1n, al se\u00f1alar que su organizaci\u00f3n no particip\u00f3 en la construcci\u00f3n del ajuste de 11 a 12 pesos. El aumento entr\u00f3 en vigor el pasado 8 [&hellip;]<\/p>\n","protected":false},"author":2,"featured_media":98748,"comment_status":"closed","ping_status":"closed","sticky":false,"template":"","format":"standard","meta":{"om_disable_all_campaigns":false,"_monsterinsights_skip_tracking":false,"_uf_show_specific_survey":0,"_uf_disable_surveys":false,"_jetpack_memberships_contains_paid_content":false,"footnotes":"","jetpack_publicize_message":"*Pasalagua asegura que la CRT no fue consultada para el incremento de la tarifa del transporte p\u00fablico\r\n*El dirigente de la CRT exigi\u00f3 mayor transparencia y que se presenten los estudios realizados para respaldar el aumento","jetpack_publicize_feature_enabled":true,"jetpack_social_post_already_shared":true,"jetpack_social_options":{"image_generator_settings":{"template":"highway","default_image_id":0,"enabled":false},"version":2}},"categories":[15],"tags":[],"class_list":["post-98745","post","type-post","status-publish","format-standard","has-post-thumbnail","category-michoacan"],"aioseo_notices":[],"jetpack_publicize_connections":[],"jetpack_featured_media_url":"https:\/\/medianews.mx\/wp-content\/uploads\/2026\/09\/WhatsApp-Image-2026-09-01-at-12.44.01-PM.jpeg","jetpack_sharing_enabled":true,"_links":{"self":[{"href":"https:\/\/medianews.mx\/index.php\/wp-json\/wp\/v2\/posts\/98745","targetHints":{"allow":["GET"]}}],"collection":[{"href":"https:\/\/medianews.mx\/index.php\/wp-json\/wp\/v2\/posts"}],"about":[{"href":"https:\/\/medianews.mx\/index.php\/wp-json\/wp\/v2\/types\/post"}],"author":[{"embeddable":true,"href":"https:\/\/medianews.mx\/index.php\/wp-json\/wp\/v2\/users\/2"}],"replies":[{"embeddable":true,"href":"https:\/\/medianews.mx\/index.php\/wp-json\/wp\/v2\/comments?post=98745"}],"version-history":[{"count":1,"href":"https:\/\/medianews.mx\/index.php\/wp-json\/wp\/v2\/posts\/98745\/revisions"}],"predecessor-version":[{"id":98749,"href":"https:\/\/medianews.mx\/index.php\/wp-json\/wp\/v2\/posts\/98745\/revisions\/98749"}],"wp:featuredmedia":[{"embeddable":true,"href":"https:\/\/medianews.mx\/index.php\/wp-json\/wp\/v2\/media\/98748"}],"wp:attachment":[{"href":"https:\/\/medianews.mx\/index.php\/wp-json\/wp\/v2\/media?parent=98745"}],"wp:term":[{"taxonomy":"category","embeddable":true,"href":"https:\/\/medianews.mx\/index.php\/wp-json\/wp\/v2\/categories?post=98745"},{"taxonomy":"post_tag","embeddable":true,"href":"https:\/\/medianews.mx\/index.php\/wp-json\/wp\/v2\/tags?post=98745"}],"curies":[{"name":"wp","href":"https:\/\/api.w.org\/{rel}","templated":true}]}}