{"id":98751,"date":"2026-09-01T12:51:58","date_gmt":"2026-09-01T18:51:58","guid":{"rendered":"https:\/\/medianews.mx\/?p=98751"},"modified":"2026-09-01T12:51:58","modified_gmt":"2026-09-01T18:51:58","slug":"localizan-osamenta-en-un-predio-de-periban","status":"publish","type":"post","link":"https:\/\/medianews.mx\/index.php\/2026\/09\/01\/localizan-osamenta-en-un-predio-de-periban\/","title":{"rendered":"Localizan osamenta en un predio de Perib\u00e1n"},"content":{"rendered":"<p>RED 113 MICHOAC\u00c1N\/Redacci\u00f3n<\/p>\n<p>Perib\u00e1n, Mich.- 01 de septiembre de 2026.- En estado de descomposici\u00f3n y carcomido por animales carro\u00f1eros, fue localizado en un predio de la tenencia de Corona, municipio de Perib\u00e1n, la osamenta de un hombre desconocido, informaron las autoridades.<\/p>\n<p>Alrededor de las 08:00 horas, los trabajadores de una huerta que realizaban sus labores diarias cerca del lugar conocido como Acapulquito, se percataron que entre las hierbas estaba tirado parte del esqueleto de una persona, al parecer masculino, por lo que informaron a la polic\u00eda de Perib\u00e1n.<\/p>\n<p>Al lugar se presentaron los uniformados y param\u00e9dicos para comprobar que la denuncia ciudadana era real, encontr\u00e1ndose la osamenta del hombre, mismo que estaba en descomposici\u00f3n y carcomido, mismo que vest\u00eda una chamarra oscura, un pants y un pantal\u00f3n, as\u00ed como tenis grises.<\/p>\n<p>M\u00e1s tarde de present\u00f3 al sitio el personal de la Fiscal\u00eda General del Estado para efectuar las investigaciones del caso y ordenar que el cad\u00e1ver fuera enviado al Servicio M\u00e9dico Forense de la ciudad de Uruapan, con la finalidad de realizarle los estudios de rigor y conocer su identidad y las causas de su fallecimiento.<\/p>\n<p><img loading=\"lazy\" decoding=\"async\" class=\"alignnone size-medium wp-image-98752\" src=\"https:\/\/medianews.mx\/wp-content\/uploads\/2026\/09\/WhatsApp-Image-2026-09-01-at-12.49.56-PM-300x169.jpeg\" alt=\"\" width=\"300\" height=\"169\" srcset=\"https:\/\/medianews.mx\/wp-content\/uploads\/2026\/09\/WhatsApp-Image-2026-09-01-at-12.49.56-PM-300x169.jpeg 300w, https:\/\/medianews.mx\/wp-content\/uploads\/2026\/09\/WhatsApp-Image-2026-09-01-at-12.49.56-PM-1024x576.jpeg 1024w, https:\/\/medianews.mx\/wp-content\/uploads\/2026\/09\/WhatsApp-Image-2026-09-01-at-12.49.56-PM-768x432.jpeg 768w, https:\/\/medianews.mx\/wp-content\/uploads\/2026\/09\/WhatsApp-Image-2026-09-01-at-12.49.56-PM-150x84.jpeg 150w, https:\/\/medianews.mx\/wp-content\/uploads\/2026\/09\/WhatsApp-Image-2026-09-01-at-12.49.56-PM-696x392.jpeg 696w, https:\/\/medianews.mx\/wp-content\/uploads\/2026\/09\/WhatsApp-Image-2026-09-01-at-12.49.56-PM-1068x601.jpeg 1068w, https:\/\/medianews.mx\/wp-content\/uploads\/2026\/09\/WhatsApp-Image-2026-09-01-at-12.49.56-PM.jpeg 1280w\" sizes=\"auto, (max-width: 300px) 100vw, 300px\" \/><\/p>\n","protected":false},"excerpt":{"rendered":"<p>RED 113 MICHOAC\u00c1N\/Redacci\u00f3n Perib\u00e1n, Mich.- 01 de septiembre de 2026.- En estado de descomposici\u00f3n y carcomido por animales carro\u00f1eros, fue localizado en un predio de la tenencia de Corona, municipio de Perib\u00e1n, la osamenta de un hombre desconocido, informaron las autoridades. Alrededor de las 08:00 horas, los trabajadores de una huerta que realizaban sus labores [&hellip;]<\/p>\n","protected":false},"author":2,"featured_media":98752,"comment_status":"closed","ping_status":"closed","sticky":false,"template":"","format":"standard","meta":{"om_disable_all_campaigns":false,"_monsterinsights_skip_tracking":false,"_uf_show_specific_survey":0,"_uf_disable_surveys":false,"_jetpack_memberships_contains_paid_content":false,"footnotes":"","jetpack_publicize_message":"","jetpack_publicize_feature_enabled":true,"jetpack_social_post_already_shared":true,"jetpack_social_options":{"image_generator_settings":{"template":"highway","default_image_id":0,"enabled":false},"version":2}},"categories":[15],"tags":[95,684,1471,1777],"class_list":["post-98751","post","type-post","status-publish","format-standard","has-post-thumbnail","category-michoacan","tag-localizan","tag-osamenta","tag-periban","tag-predio"],"aioseo_notices":[],"jetpack_publicize_connections":[],"jetpack_featured_media_url":"https:\/\/medianews.mx\/wp-content\/uploads\/2026\/09\/WhatsApp-Image-2026-09-01-at-12.49.56-PM.jpeg","jetpack_sharing_enabled":true,"_links":{"self":[{"href":"https:\/\/medianews.mx\/index.php\/wp-json\/wp\/v2\/posts\/98751","targetHints":{"allow":["GET"]}}],"collection":[{"href":"https:\/\/medianews.mx\/index.php\/wp-json\/wp\/v2\/posts"}],"about":[{"href":"https:\/\/medianews.mx\/index.php\/wp-json\/wp\/v2\/types\/post"}],"author":[{"embeddable":true,"href":"https:\/\/medianews.mx\/index.php\/wp-json\/wp\/v2\/users\/2"}],"replies":[{"embeddable":true,"href":"https:\/\/medianews.mx\/index.php\/wp-json\/wp\/v2\/comments?post=98751"}],"version-history":[{"count":1,"href":"https:\/\/medianews.mx\/index.php\/wp-json\/wp\/v2\/posts\/98751\/revisions"}],"predecessor-version":[{"id":98753,"href":"https:\/\/medianews.mx\/index.php\/wp-json\/wp\/v2\/posts\/98751\/revisions\/98753"}],"wp:featuredmedia":[{"embeddable":true,"href":"https:\/\/medianews.mx\/index.php\/wp-json\/wp\/v2\/media\/98752"}],"wp:attachment":[{"href":"https:\/\/medianews.mx\/index.php\/wp-json\/wp\/v2\/media?parent=98751"}],"wp:term":[{"taxonomy":"category","embeddable":true,"href":"https:\/\/medianews.mx\/index.php\/wp-json\/wp\/v2\/categories?post=98751"},{"taxonomy":"post_tag","embeddable":true,"href":"https:\/\/medianews.mx\/index.php\/wp-json\/wp\/v2\/tags?post=98751"}],"curies":[{"name":"wp","href":"https:\/\/api.w.org\/{rel}","templated":true}]}}