{"id":98754,"date":"2026-09-01T12:57:51","date_gmt":"2026-09-01T18:57:51","guid":{"rendered":"https:\/\/medianews.mx\/?p=98754"},"modified":"2026-09-01T12:57:51","modified_gmt":"2026-09-01T18:57:51","slug":"el-pueblo-de-mexico-respalda-a-la-presidenta-y-reconoce-que-les-ha-cumplido-moron","status":"publish","type":"post","link":"https:\/\/medianews.mx\/index.php\/2026\/09\/01\/el-pueblo-de-mexico-respalda-a-la-presidenta-y-reconoce-que-les-ha-cumplido-moron\/","title":{"rendered":"El pueblo de M\u00e9xico respalda a la Presidenta y reconoce que les ha cumplido: Mor\u00f3n"},"content":{"rendered":"<p>Ciudad de M\u00e9xico, a 01 de septiembre de 2026.-<\/p>\n<p>\u201cEl respaldo del pueblo a la Presidenta Claudia Sheinbaum es abrumador y es el resultado directo de su trabajo constante para cumplirle a la gente. Hoy M\u00e9xico va mejor, da resultados y camina con firmeza por el rumbo claro que decidi\u00f3 su propio pueblo\u201d, asegur\u00f3 el profesor Ra\u00fal Mor\u00f3n Orozco, con motivo del Segundo Informe de Gobierno de la mandataria federal.<\/p>\n<p>Tras el Segundo Informe de Gobierno de la Presidenta, el profesor resalt\u00f3 que el apego irrestricto a los principios de la Cuarta Transformaci\u00f3n es lo que ha permitido al Gobierno de la Rep\u00fablica entregar buenas cuentas en todos los rubros del desarrollo nacional.<\/p>\n<p>Ra\u00fal Mor\u00f3n coincidi\u00f3 con lo dicho por la Presidenta sobre que en el pa\u00eds no existe divisi\u00f3n; lo \u00fanico real y de fondo es la defensa permanente del pueblo y de su dignidad. En ese sentido, destac\u00f3 la postura internacional del Ejecutivo Federal, que reafirma a M\u00e9xico como una naci\u00f3n plenamente soberana y democr\u00e1tica, siempre dispuesta al di\u00e1logo constructivo y a la cooperaci\u00f3n con todas las naciones del mundo, al tiempo de cerrar con firmeza el paso a cualquier intento de subordinaci\u00f3n.<\/p>\n<p>Aunado a ello, Mor\u00f3n Orozco subray\u00f3 el hist\u00f3rico fortalecimiento de los programas de bienestar, la consolidaci\u00f3n y extensi\u00f3n de becas para estudiantes de todos los niveles educativos, la garant\u00eda del acceso universal a la salud como un derecho fundamental, as\u00ed como el avance sostenido en los \u00edndices de seguridad y tranquilidad para las familias.<\/p>\n<p>Finalmente, Ra\u00fal Mor\u00f3n se\u00f1al\u00f3 que estos avances tangibles explican el amplio respaldo popular hacia la Presidenta Claudia Sheinbaum, lo que ratifica que la inmensa mayor\u00eda de las y los mexicanos comparte y empuja con convicci\u00f3n el proyecto de naci\u00f3n de la Cuarta Transformaci\u00f3n.<\/p>\n<p><img loading=\"lazy\" decoding=\"async\" class=\"alignnone size-medium wp-image-98755\" src=\"https:\/\/medianews.mx\/wp-content\/uploads\/2026\/09\/WhatsApp-Image-2026-09-01-at-12.55.42-PM-225x300.jpeg\" alt=\"\" width=\"225\" height=\"300\" srcset=\"https:\/\/medianews.mx\/wp-content\/uploads\/2026\/09\/WhatsApp-Image-2026-09-01-at-12.55.42-PM-225x300.jpeg 225w, https:\/\/medianews.mx\/wp-content\/uploads\/2026\/09\/WhatsApp-Image-2026-09-01-at-12.55.42-PM-768x1024.jpeg 768w, https:\/\/medianews.mx\/wp-content\/uploads\/2026\/09\/WhatsApp-Image-2026-09-01-at-12.55.42-PM-150x200.jpeg 150w, https:\/\/medianews.mx\/wp-content\/uploads\/2026\/09\/WhatsApp-Image-2026-09-01-at-12.55.42-PM-300x400.jpeg 300w, https:\/\/medianews.mx\/wp-content\/uploads\/2026\/09\/WhatsApp-Image-2026-09-01-at-12.55.42-PM-696x928.jpeg 696w, https:\/\/medianews.mx\/wp-content\/uploads\/2026\/09\/WhatsApp-Image-2026-09-01-at-12.55.42-PM.jpeg 960w\" sizes=\"auto, (max-width: 225px) 100vw, 225px\" \/><\/p>\n","protected":false},"excerpt":{"rendered":"<p>Ciudad de M\u00e9xico, a 01 de septiembre de 2026.- \u201cEl respaldo del pueblo a la Presidenta Claudia Sheinbaum es abrumador y es el resultado directo de su trabajo constante para cumplirle a la gente. Hoy M\u00e9xico va mejor, da resultados y camina con firmeza por el rumbo claro que decidi\u00f3 su propio pueblo\u201d, asegur\u00f3 el [&hellip;]<\/p>\n","protected":false},"author":2,"featured_media":98755,"comment_status":"closed","ping_status":"closed","sticky":false,"template":"","format":"standard","meta":{"om_disable_all_campaigns":false,"_monsterinsights_skip_tracking":false,"_uf_show_specific_survey":0,"_uf_disable_surveys":false,"_jetpack_memberships_contains_paid_content":false,"footnotes":"","jetpack_publicize_message":"El pueblo de M\u00e9xico respalda a la Presidenta y reconoce que les ha cumplido: Mor\u00f3n\r\n\r\n* En el marco del Segundo Informe de Gobierno de Claudia Sheinbaum, el senador con licencia destac\u00f3 que bajo su liderazgo M\u00e9xico avanza con un rumbo firme definido por el propio pueblo y en defensa de su dignidad","jetpack_publicize_feature_enabled":true,"jetpack_social_post_already_shared":true,"jetpack_social_options":{"image_generator_settings":{"template":"highway","default_image_id":0,"enabled":false},"version":2}},"categories":[63],"tags":[1778,171,74,1364],"class_list":["post-98754","post","type-post","status-publish","format-standard","has-post-thumbnail","category-politica","tag-cumplido","tag-mexico","tag-moron","tag-presidenta"],"aioseo_notices":[],"jetpack_publicize_connections":[],"jetpack_featured_media_url":"https:\/\/medianews.mx\/wp-content\/uploads\/2026\/09\/WhatsApp-Image-2026-09-01-at-12.55.42-PM.jpeg","jetpack_sharing_enabled":true,"_links":{"self":[{"href":"https:\/\/medianews.mx\/index.php\/wp-json\/wp\/v2\/posts\/98754","targetHints":{"allow":["GET"]}}],"collection":[{"href":"https:\/\/medianews.mx\/index.php\/wp-json\/wp\/v2\/posts"}],"about":[{"href":"https:\/\/medianews.mx\/index.php\/wp-json\/wp\/v2\/types\/post"}],"author":[{"embeddable":true,"href":"https:\/\/medianews.mx\/index.php\/wp-json\/wp\/v2\/users\/2"}],"replies":[{"embeddable":true,"href":"https:\/\/medianews.mx\/index.php\/wp-json\/wp\/v2\/comments?post=98754"}],"version-history":[{"count":1,"href":"https:\/\/medianews.mx\/index.php\/wp-json\/wp\/v2\/posts\/98754\/revisions"}],"predecessor-version":[{"id":98756,"href":"https:\/\/medianews.mx\/index.php\/wp-json\/wp\/v2\/posts\/98754\/revisions\/98756"}],"wp:featuredmedia":[{"embeddable":true,"href":"https:\/\/medianews.mx\/index.php\/wp-json\/wp\/v2\/media\/98755"}],"wp:attachment":[{"href":"https:\/\/medianews.mx\/index.php\/wp-json\/wp\/v2\/media?parent=98754"}],"wp:term":[{"taxonomy":"category","embeddable":true,"href":"https:\/\/medianews.mx\/index.php\/wp-json\/wp\/v2\/categories?post=98754"},{"taxonomy":"post_tag","embeddable":true,"href":"https:\/\/medianews.mx\/index.php\/wp-json\/wp\/v2\/tags?post=98754"}],"curies":[{"name":"wp","href":"https:\/\/api.w.org\/{rel}","templated":true}]}}