{"id":98757,"date":"2026-09-01T14:35:18","date_gmt":"2026-09-01T20:35:18","guid":{"rendered":"https:\/\/medianews.mx\/?p=98757"},"modified":"2026-09-01T14:35:18","modified_gmt":"2026-09-01T20:35:18","slug":"alfonso-martinez-cuestiona-temas-de-seguridad-y-endeudamiento-ante-informe-de-sheinbaum","status":"publish","type":"post","link":"https:\/\/medianews.mx\/index.php\/2026\/09\/01\/alfonso-martinez-cuestiona-temas-de-seguridad-y-endeudamiento-ante-informe-de-sheinbaum\/","title":{"rendered":"Alfonso Mart\u00ednez cuestiona temas de seguridad y endeudamiento ante informe de Sheinbaum"},"content":{"rendered":"<p>El presidente municipal de Morelia, Alfonso Mart\u00ednez Alc\u00e1zar, se pronunci\u00f3 ante el informe de la presidenta de la Rep\u00fablica, Claudia Sheinbaum Pardo, y consider\u00f3 que, como en toda administraci\u00f3n, existen aspectos positivos y negativos.<br \/>\nMart\u00ednez Alc\u00e1zar se\u00f1al\u00f3 que a\u00fan hay temas que no han sido esclarecidos, particularmente en materia de inseguridad, y cuestion\u00f3 las cifras relacionadas con homicidios en el pa\u00eds. Asimismo, hizo referencia a los reportes de personas desaparecidas.<\/p>\n<p>El alcalde precis\u00f3 que, sin estado de derecho, no puede existir desarrollo, y sostuvo que uno de los principales problemas del pa\u00eds es la impunidad, al se\u00f1alar que existen personas que cometen delitos y no enfrentan consecuencias legales.<\/p>\n<p>Mart\u00ednez Alc\u00e1zar agreg\u00f3 que el Gobierno Federal est\u00e1 incrementando el nivel de endeudamiento del pa\u00eds mediante diversos programas de apoyo social. Adem\u00e1s, expres\u00f3 su preocupaci\u00f3n por posibles medidas relacionadas con los recursos de las Afores y por la eventual implementaci\u00f3n de impuestos sobre herencias.<\/p>\n<p><img loading=\"lazy\" decoding=\"async\" class=\"alignnone size-medium wp-image-98758\" src=\"https:\/\/medianews.mx\/wp-content\/uploads\/2026\/09\/WhatsApp-Image-2026-09-01-at-12.44.50-PM-300x169.jpeg\" alt=\"\" width=\"300\" height=\"169\" srcset=\"https:\/\/medianews.mx\/wp-content\/uploads\/2026\/09\/WhatsApp-Image-2026-09-01-at-12.44.50-PM-300x169.jpeg 300w, https:\/\/medianews.mx\/wp-content\/uploads\/2026\/09\/WhatsApp-Image-2026-09-01-at-12.44.50-PM-1024x576.jpeg 1024w, https:\/\/medianews.mx\/wp-content\/uploads\/2026\/09\/WhatsApp-Image-2026-09-01-at-12.44.50-PM-768x432.jpeg 768w, https:\/\/medianews.mx\/wp-content\/uploads\/2026\/09\/WhatsApp-Image-2026-09-01-at-12.44.50-PM-1536x864.jpeg 1536w, https:\/\/medianews.mx\/wp-content\/uploads\/2026\/09\/WhatsApp-Image-2026-09-01-at-12.44.50-PM-150x84.jpeg 150w, https:\/\/medianews.mx\/wp-content\/uploads\/2026\/09\/WhatsApp-Image-2026-09-01-at-12.44.50-PM-696x392.jpeg 696w, https:\/\/medianews.mx\/wp-content\/uploads\/2026\/09\/WhatsApp-Image-2026-09-01-at-12.44.50-PM-1068x601.jpeg 1068w, https:\/\/medianews.mx\/wp-content\/uploads\/2026\/09\/WhatsApp-Image-2026-09-01-at-12.44.50-PM.jpeg 1600w\" sizes=\"auto, (max-width: 300px) 100vw, 300px\" \/><\/p>\n<p>&nbsp;<\/p>\n","protected":false},"excerpt":{"rendered":"<p>El presidente municipal de Morelia, Alfonso Mart\u00ednez Alc\u00e1zar, se pronunci\u00f3 ante el informe de la presidenta de la Rep\u00fablica, Claudia Sheinbaum Pardo, y consider\u00f3 que, como en toda administraci\u00f3n, existen aspectos positivos y negativos. Mart\u00ednez Alc\u00e1zar se\u00f1al\u00f3 que a\u00fan hay temas que no han sido esclarecidos, particularmente en materia de inseguridad, y cuestion\u00f3 las cifras [&hellip;]<\/p>\n","protected":false},"author":2,"featured_media":98758,"comment_status":"closed","ping_status":"closed","sticky":false,"template":"","format":"standard","meta":{"om_disable_all_campaigns":false,"_monsterinsights_skip_tracking":false,"_uf_show_specific_survey":0,"_uf_disable_surveys":false,"_jetpack_memberships_contains_paid_content":false,"footnotes":"","jetpack_publicize_message":"Alfonso Mart\u00ednez cuestiona temas de seguridad y endeudamiento ante informe de Sheinbaum\r\nEl presidente municipal de Morelia se\u00f1al\u00f3 que, si bien existen aspectos positivos en el informe de la presidenta Claudia Sheinbaum Pardo, persisten pendientes en materia de seguridad, desapariciones y finanzas p\u00fablicas.","jetpack_publicize_feature_enabled":true,"jetpack_social_post_already_shared":true,"jetpack_social_options":{"image_generator_settings":{"template":"highway","default_image_id":0,"enabled":false},"version":2}},"categories":[15,17],"tags":[],"class_list":["post-98757","post","type-post","status-publish","format-standard","has-post-thumbnail","category-michoacan","category-morelia"],"aioseo_notices":[],"jetpack_publicize_connections":[],"jetpack_featured_media_url":"https:\/\/medianews.mx\/wp-content\/uploads\/2026\/09\/WhatsApp-Image-2026-09-01-at-12.44.50-PM.jpeg","jetpack_sharing_enabled":true,"_links":{"self":[{"href":"https:\/\/medianews.mx\/index.php\/wp-json\/wp\/v2\/posts\/98757","targetHints":{"allow":["GET"]}}],"collection":[{"href":"https:\/\/medianews.mx\/index.php\/wp-json\/wp\/v2\/posts"}],"about":[{"href":"https:\/\/medianews.mx\/index.php\/wp-json\/wp\/v2\/types\/post"}],"author":[{"embeddable":true,"href":"https:\/\/medianews.mx\/index.php\/wp-json\/wp\/v2\/users\/2"}],"replies":[{"embeddable":true,"href":"https:\/\/medianews.mx\/index.php\/wp-json\/wp\/v2\/comments?post=98757"}],"version-history":[{"count":1,"href":"https:\/\/medianews.mx\/index.php\/wp-json\/wp\/v2\/posts\/98757\/revisions"}],"predecessor-version":[{"id":98759,"href":"https:\/\/medianews.mx\/index.php\/wp-json\/wp\/v2\/posts\/98757\/revisions\/98759"}],"wp:featuredmedia":[{"embeddable":true,"href":"https:\/\/medianews.mx\/index.php\/wp-json\/wp\/v2\/media\/98758"}],"wp:attachment":[{"href":"https:\/\/medianews.mx\/index.php\/wp-json\/wp\/v2\/media?parent=98757"}],"wp:term":[{"taxonomy":"category","embeddable":true,"href":"https:\/\/medianews.mx\/index.php\/wp-json\/wp\/v2\/categories?post=98757"},{"taxonomy":"post_tag","embeddable":true,"href":"https:\/\/medianews.mx\/index.php\/wp-json\/wp\/v2\/tags?post=98757"}],"curies":[{"name":"wp","href":"https:\/\/api.w.org\/{rel}","templated":true}]}}