{"id":98761,"date":"2026-09-01T15:03:51","date_gmt":"2026-09-01T21:03:51","guid":{"rendered":"https:\/\/medianews.mx\/?p=98761"},"modified":"2026-09-01T15:03:51","modified_gmt":"2026-09-01T21:03:51","slug":"destaca-bedolla-avances-en-infraestructura-salud-y-educacion-durante-el-segundo-informe-de-gobierno-de-sheinbaum","status":"publish","type":"post","link":"https:\/\/medianews.mx\/index.php\/2026\/09\/01\/destaca-bedolla-avances-en-infraestructura-salud-y-educacion-durante-el-segundo-informe-de-gobierno-de-sheinbaum\/","title":{"rendered":"Destaca Bedolla avances en infraestructura, salud y educaci\u00f3n durante el Segundo Informe de Gobierno de Sheinbaum"},"content":{"rendered":"<p>Ciudad de M\u00e9xico, 1 de septiembre de 2026.- Al acudir al Segundo Informe de Gobierno de la presidenta, Claudia Sheinbaum Pardo, el gobernador Alfredo Ram\u00edrez Bedolla, destac\u00f3 los avances alcanzados en la entidad en materia educativa, salud, infraestructura, vivienda y Programas del Bienestar.<\/p>\n<p>El mandatario estatal detall\u00f3 que, a lo largo de los 23 meses de la administraci\u00f3n federal, diversos sectores clave han recibido un impulso sostenido, generando mayor desarrollo econ\u00f3mico y mejorando las condiciones de vida de la poblaci\u00f3n michoacana.<\/p>\n<p>Ram\u00edrez Bedolla subray\u00f3 la modernizaci\u00f3n de la autopista Siglo XXI en el tramo P\u00e1tzcuaro-Uruapan, obra que comprendi\u00f3 la ampliaci\u00f3n a cuatro carriles en 47 kil\u00f3metros con una inversi\u00f3n de mil 792 millones de pesos. Asimismo, inform\u00f3 que contin\u00faan en proceso los trabajos para los 211 kil\u00f3metros restantes hasta el puerto de L\u00e1zaro C\u00e1rdenas.<\/p>\n<p>En el rubro de salud, el gobernador resalt\u00f3 la conclusi\u00f3n de la Cl\u00ednica Hospital de Especialidades Toxicol\u00f3gicas en Apatzing\u00e1n, perteneciente al sistema IMSS Bienestar. Adem\u00e1s, se\u00f1al\u00f3 que se encuentran en fase de construcci\u00f3n el Hospital General Regional Villas del Pedregal, en Morelia; el Hospital de Zona, en Zit\u00e1cuaro; la Cl\u00ednica Hospital de Cher\u00e1n y la Unidad de Medicina Familiar del ISSSTE, en Jiquilpan.<\/p>\n<p>En materia educativa, el gobernador refiri\u00f3 que Michoac\u00e1n se mantiene como el \u00fanico estado del pa\u00eds donde alumnas y alumnos de todos los niveles educativos reciben becas. De igual forma, celebr\u00f3 la apertura de tres unidades de la Universidad Nacional Rosario Castellanos en los municipios de M\u00fagica, Zacapu y Zit\u00e1cuaro, ampliando las oportunidades de educaci\u00f3n superior.<\/p>\n<p>Finalmente dio a conocer que, de acuerdo con las proyecciones para el cierre de este a\u00f1o, un mill\u00f3n 685 mil michoacanas y michoacanos ser\u00e1n beneficiarios de los Programas del Bienestar, lo que representar\u00e1 una dispersi\u00f3n de 39 mil millones de pesos destinados al desarrollo social de la entidad.<\/p>\n<p><img loading=\"lazy\" decoding=\"async\" class=\"alignnone size-medium wp-image-98762\" src=\"https:\/\/medianews.mx\/wp-content\/uploads\/2026\/09\/WhatsApp-Image-2026-09-01-at-2.58.35-PM-300x200.jpeg\" alt=\"\" width=\"300\" height=\"200\" srcset=\"https:\/\/medianews.mx\/wp-content\/uploads\/2026\/09\/WhatsApp-Image-2026-09-01-at-2.58.35-PM-300x200.jpeg 300w, https:\/\/medianews.mx\/wp-content\/uploads\/2026\/09\/WhatsApp-Image-2026-09-01-at-2.58.35-PM-1024x682.jpeg 1024w, https:\/\/medianews.mx\/wp-content\/uploads\/2026\/09\/WhatsApp-Image-2026-09-01-at-2.58.35-PM-768x511.jpeg 768w, https:\/\/medianews.mx\/wp-content\/uploads\/2026\/09\/WhatsApp-Image-2026-09-01-at-2.58.35-PM-150x100.jpeg 150w, https:\/\/medianews.mx\/wp-content\/uploads\/2026\/09\/WhatsApp-Image-2026-09-01-at-2.58.35-PM-696x463.jpeg 696w, https:\/\/medianews.mx\/wp-content\/uploads\/2026\/09\/WhatsApp-Image-2026-09-01-at-2.58.35-PM-1068x711.jpeg 1068w, https:\/\/medianews.mx\/wp-content\/uploads\/2026\/09\/WhatsApp-Image-2026-09-01-at-2.58.35-PM.jpeg 1280w\" sizes=\"auto, (max-width: 300px) 100vw, 300px\" \/><\/p>\n","protected":false},"excerpt":{"rendered":"<p>Ciudad de M\u00e9xico, 1 de septiembre de 2026.- Al acudir al Segundo Informe de Gobierno de la presidenta, Claudia Sheinbaum Pardo, el gobernador Alfredo Ram\u00edrez Bedolla, destac\u00f3 los avances alcanzados en la entidad en materia educativa, salud, infraestructura, vivienda y Programas del Bienestar. El mandatario estatal detall\u00f3 que, a lo largo de los 23 meses [&hellip;]<\/p>\n","protected":false},"author":2,"featured_media":98762,"comment_status":"closed","ping_status":"closed","sticky":false,"template":"","format":"standard","meta":{"om_disable_all_campaigns":false,"_monsterinsights_skip_tracking":false,"_uf_show_specific_survey":0,"_uf_disable_surveys":false,"_jetpack_memberships_contains_paid_content":false,"footnotes":"","jetpack_publicize_message":"","jetpack_publicize_feature_enabled":true,"jetpack_social_post_already_shared":true,"jetpack_social_options":{"image_generator_settings":{"template":"highway","default_image_id":0,"enabled":false},"version":2}},"categories":[63],"tags":[193,199,1123,1779,1498],"class_list":["post-98761","post","type-post","status-publish","format-standard","has-post-thumbnail","category-politica","tag-bedolla","tag-claudia-sheinbaum","tag-infraestructura","tag-salud-y-educacion","tag-segundo-informe-de-gobierno"],"aioseo_notices":[],"jetpack_publicize_connections":[],"jetpack_featured_media_url":"https:\/\/medianews.mx\/wp-content\/uploads\/2026\/09\/WhatsApp-Image-2026-09-01-at-2.58.35-PM.jpeg","jetpack_sharing_enabled":true,"_links":{"self":[{"href":"https:\/\/medianews.mx\/index.php\/wp-json\/wp\/v2\/posts\/98761","targetHints":{"allow":["GET"]}}],"collection":[{"href":"https:\/\/medianews.mx\/index.php\/wp-json\/wp\/v2\/posts"}],"about":[{"href":"https:\/\/medianews.mx\/index.php\/wp-json\/wp\/v2\/types\/post"}],"author":[{"embeddable":true,"href":"https:\/\/medianews.mx\/index.php\/wp-json\/wp\/v2\/users\/2"}],"replies":[{"embeddable":true,"href":"https:\/\/medianews.mx\/index.php\/wp-json\/wp\/v2\/comments?post=98761"}],"version-history":[{"count":1,"href":"https:\/\/medianews.mx\/index.php\/wp-json\/wp\/v2\/posts\/98761\/revisions"}],"predecessor-version":[{"id":98763,"href":"https:\/\/medianews.mx\/index.php\/wp-json\/wp\/v2\/posts\/98761\/revisions\/98763"}],"wp:featuredmedia":[{"embeddable":true,"href":"https:\/\/medianews.mx\/index.php\/wp-json\/wp\/v2\/media\/98762"}],"wp:attachment":[{"href":"https:\/\/medianews.mx\/index.php\/wp-json\/wp\/v2\/media?parent=98761"}],"wp:term":[{"taxonomy":"category","embeddable":true,"href":"https:\/\/medianews.mx\/index.php\/wp-json\/wp\/v2\/categories?post=98761"},{"taxonomy":"post_tag","embeddable":true,"href":"https:\/\/medianews.mx\/index.php\/wp-json\/wp\/v2\/tags?post=98761"}],"curies":[{"name":"wp","href":"https:\/\/api.w.org\/{rel}","templated":true}]}}