{"id":98764,"date":"2026-09-01T16:15:41","date_gmt":"2026-09-01T22:15:41","guid":{"rendered":"https:\/\/medianews.mx\/?p=98764"},"modified":"2026-09-01T16:15:41","modified_gmt":"2026-09-01T22:15:41","slug":"la-alcaldesa-manifesto-que-las-fiestas-patrias-representan-mas-que-una-celebracion-es-una-oportunidad-para-rendirles-homenaje-a-los-hombres-y-mujeres-que-nos-dieron-patria-y-libertad","status":"publish","type":"post","link":"https:\/\/medianews.mx\/index.php\/2026\/09\/01\/la-alcaldesa-manifesto-que-las-fiestas-patrias-representan-mas-que-una-celebracion-es-una-oportunidad-para-rendirles-homenaje-a-los-hombres-y-mujeres-que-nos-dieron-patria-y-libertad\/","title":{"rendered":"La alcaldesa manifest\u00f3 que las fiestas patrias representan m\u00e1s que una celebraci\u00f3n, es una oportunidad para rendirles homenaje a los hombres y mujeres que nos dieron patria y libertad."},"content":{"rendered":"<p>Ciudad Hidalgo, Michoac\u00e1n., a 01 de septiembre de 2026.- La presidenta Constitucional del Municipio de Hidalgo, Jeovana Alc\u00e1ntar, acompa\u00f1ada del Cabildo, integrantes de su gabinete e instituciones educativas encabez\u00f3 la ceremonia\u00a0 de la fijaci\u00f3n del Bando Solemne de las actividades c\u00edvicas, socioculturales, deportivas \u00a0y musicales conmemorativas de las Fiestas Patrias 2026, celebrando el CCXVI Aniversario de la Independencia de M\u00e9xico, el evento se desarroll\u00f3 frente a Palacio Municipal, recorriendo las principales calles de la Ciudad.<\/p>\n<p>La alcaldesa manifest\u00f3 que las fiestas patrias representan m\u00e1s que una celebraci\u00f3n, es una oportunidad para rendirles homenaje a los hombres y mujeres que nos dieron patria y libertad, agreg\u00f3 que mantener viva la memoria hist\u00f3rica de nuestra patria, permite reforzar a\u00fan m\u00e1s los valores de justicia y libertad, por lo que invit\u00f3 a la ciudadan\u00eda en general a que sean parte de esta celebraci\u00f3n, participando en las distintas actividades c\u00edvicas, culturales, deportivas y art\u00edsticas que fueron preparadas para nuestro municipio y las disfruten con su familia.<\/p>\n<p>Indic\u00f3 que recordar la lucha de la independencia es tambi\u00e9n un compromiso que tenemos como mexicanos con las nuevas generaciones, quienes deben comprender el valor del sacrificio de quienes lucharon y dieron forma a nuestra naci\u00f3n independiente, exhort\u00f3 a la poblaci\u00f3n a hacer de las fiestas patrias un s\u00edmbolo de unidad, orgullo y esperanza para los que vivimos en este municipio.<\/p>\n<p>Cabe destacar que el Bando Solemne, puede ser consultado en las redes sociales, p\u00e1gina oficial de Facebook del Ayuntamiento y en los espacios p\u00fablicos del municipio como Palacio Municipal, Centro Comercial Hidalgo, SAPA, DIF Municipal, Portales Comerciales frente al Jard\u00edn, en donde se detalla con el lugar, d\u00eda y hora de las distintas actividades programadas para este mes patrio.<\/p>\n<p><img loading=\"lazy\" decoding=\"async\" class=\"alignnone size-medium wp-image-98765\" src=\"https:\/\/medianews.mx\/wp-content\/uploads\/2026\/09\/WhatsApp-Image-2026-09-01-at-2.58.36-PM-300x200.jpeg\" alt=\"\" width=\"300\" height=\"200\" srcset=\"https:\/\/medianews.mx\/wp-content\/uploads\/2026\/09\/WhatsApp-Image-2026-09-01-at-2.58.36-PM-300x200.jpeg 300w, https:\/\/medianews.mx\/wp-content\/uploads\/2026\/09\/WhatsApp-Image-2026-09-01-at-2.58.36-PM-1024x682.jpeg 1024w, https:\/\/medianews.mx\/wp-content\/uploads\/2026\/09\/WhatsApp-Image-2026-09-01-at-2.58.36-PM-768x511.jpeg 768w, https:\/\/medianews.mx\/wp-content\/uploads\/2026\/09\/WhatsApp-Image-2026-09-01-at-2.58.36-PM-150x100.jpeg 150w, https:\/\/medianews.mx\/wp-content\/uploads\/2026\/09\/WhatsApp-Image-2026-09-01-at-2.58.36-PM-696x463.jpeg 696w, https:\/\/medianews.mx\/wp-content\/uploads\/2026\/09\/WhatsApp-Image-2026-09-01-at-2.58.36-PM-1068x711.jpeg 1068w, https:\/\/medianews.mx\/wp-content\/uploads\/2026\/09\/WhatsApp-Image-2026-09-01-at-2.58.36-PM.jpeg 1280w\" sizes=\"auto, (max-width: 300px) 100vw, 300px\" \/> <img loading=\"lazy\" decoding=\"async\" class=\"alignnone size-medium wp-image-98766\" src=\"https:\/\/medianews.mx\/wp-content\/uploads\/2026\/09\/WhatsApp-Image-2026-09-01-at-4.06.00-PM-1-189x300.jpeg\" alt=\"\" width=\"189\" height=\"300\" srcset=\"https:\/\/medianews.mx\/wp-content\/uploads\/2026\/09\/WhatsApp-Image-2026-09-01-at-4.06.00-PM-1-189x300.jpeg 189w, https:\/\/medianews.mx\/wp-content\/uploads\/2026\/09\/WhatsApp-Image-2026-09-01-at-4.06.00-PM-1-644x1024.jpeg 644w, https:\/\/medianews.mx\/wp-content\/uploads\/2026\/09\/WhatsApp-Image-2026-09-01-at-4.06.00-PM-1-768x1221.jpeg 768w, https:\/\/medianews.mx\/wp-content\/uploads\/2026\/09\/WhatsApp-Image-2026-09-01-at-4.06.00-PM-1-150x239.jpeg 150w, https:\/\/medianews.mx\/wp-content\/uploads\/2026\/09\/WhatsApp-Image-2026-09-01-at-4.06.00-PM-1-300x477.jpeg 300w, https:\/\/medianews.mx\/wp-content\/uploads\/2026\/09\/WhatsApp-Image-2026-09-01-at-4.06.00-PM-1-696x1107.jpeg 696w, https:\/\/medianews.mx\/wp-content\/uploads\/2026\/09\/WhatsApp-Image-2026-09-01-at-4.06.00-PM-1.jpeg 805w\" sizes=\"auto, (max-width: 189px) 100vw, 189px\" \/> <img loading=\"lazy\" decoding=\"async\" class=\"alignnone size-medium wp-image-98767\" src=\"https:\/\/medianews.mx\/wp-content\/uploads\/2026\/09\/WhatsApp-Image-2026-09-01-at-4.06.00-PM-300x169.jpeg\" alt=\"\" width=\"300\" height=\"169\" srcset=\"https:\/\/medianews.mx\/wp-content\/uploads\/2026\/09\/WhatsApp-Image-2026-09-01-at-4.06.00-PM-300x169.jpeg 300w, https:\/\/medianews.mx\/wp-content\/uploads\/2026\/09\/WhatsApp-Image-2026-09-01-at-4.06.00-PM-1024x575.jpeg 1024w, https:\/\/medianews.mx\/wp-content\/uploads\/2026\/09\/WhatsApp-Image-2026-09-01-at-4.06.00-PM-768x431.jpeg 768w, https:\/\/medianews.mx\/wp-content\/uploads\/2026\/09\/WhatsApp-Image-2026-09-01-at-4.06.00-PM-150x84.jpeg 150w, https:\/\/medianews.mx\/wp-content\/uploads\/2026\/09\/WhatsApp-Image-2026-09-01-at-4.06.00-PM-696x391.jpeg 696w, https:\/\/medianews.mx\/wp-content\/uploads\/2026\/09\/WhatsApp-Image-2026-09-01-at-4.06.00-PM-1068x600.jpeg 1068w, https:\/\/medianews.mx\/wp-content\/uploads\/2026\/09\/WhatsApp-Image-2026-09-01-at-4.06.00-PM.jpeg 1280w\" sizes=\"auto, (max-width: 300px) 100vw, 300px\" \/><\/p>\n","protected":false},"excerpt":{"rendered":"<p>Ciudad Hidalgo, Michoac\u00e1n., a 01 de septiembre de 2026.- La presidenta Constitucional del Municipio de Hidalgo, Jeovana Alc\u00e1ntar, acompa\u00f1ada del Cabildo, integrantes de su gabinete e instituciones educativas encabez\u00f3 la ceremonia\u00a0 de la fijaci\u00f3n del Bando Solemne de las actividades c\u00edvicas, socioculturales, deportivas \u00a0y musicales conmemorativas de las Fiestas Patrias 2026, celebrando el CCXVI Aniversario [&hellip;]<\/p>\n","protected":false},"author":2,"featured_media":98767,"comment_status":"closed","ping_status":"closed","sticky":false,"template":"","format":"standard","meta":{"om_disable_all_campaigns":false,"_monsterinsights_skip_tracking":false,"_uf_show_specific_survey":0,"_uf_disable_surveys":false,"_jetpack_memberships_contains_paid_content":false,"footnotes":"","jetpack_publicize_message":"La alcaldesa manifest\u00f3 que las fiestas patrias representan m\u00e1s que una celebraci\u00f3n, es una oportunidad para rendirles homenaje a los hombres y mujeres que nos dieron patria y libertad","jetpack_publicize_feature_enabled":true,"jetpack_social_post_already_shared":true,"jetpack_social_options":{"image_generator_settings":{"template":"highway","default_image_id":0,"enabled":false},"version":2}},"categories":[15,63],"tags":[],"class_list":["post-98764","post","type-post","status-publish","format-standard","has-post-thumbnail","category-michoacan","category-politica"],"aioseo_notices":[],"jetpack_publicize_connections":[],"jetpack_featured_media_url":"https:\/\/medianews.mx\/wp-content\/uploads\/2026\/09\/WhatsApp-Image-2026-09-01-at-4.06.00-PM.jpeg","jetpack_sharing_enabled":true,"_links":{"self":[{"href":"https:\/\/medianews.mx\/index.php\/wp-json\/wp\/v2\/posts\/98764","targetHints":{"allow":["GET"]}}],"collection":[{"href":"https:\/\/medianews.mx\/index.php\/wp-json\/wp\/v2\/posts"}],"about":[{"href":"https:\/\/medianews.mx\/index.php\/wp-json\/wp\/v2\/types\/post"}],"author":[{"embeddable":true,"href":"https:\/\/medianews.mx\/index.php\/wp-json\/wp\/v2\/users\/2"}],"replies":[{"embeddable":true,"href":"https:\/\/medianews.mx\/index.php\/wp-json\/wp\/v2\/comments?post=98764"}],"version-history":[{"count":1,"href":"https:\/\/medianews.mx\/index.php\/wp-json\/wp\/v2\/posts\/98764\/revisions"}],"predecessor-version":[{"id":98768,"href":"https:\/\/medianews.mx\/index.php\/wp-json\/wp\/v2\/posts\/98764\/revisions\/98768"}],"wp:featuredmedia":[{"embeddable":true,"href":"https:\/\/medianews.mx\/index.php\/wp-json\/wp\/v2\/media\/98767"}],"wp:attachment":[{"href":"https:\/\/medianews.mx\/index.php\/wp-json\/wp\/v2\/media?parent=98764"}],"wp:term":[{"taxonomy":"category","embeddable":true,"href":"https:\/\/medianews.mx\/index.php\/wp-json\/wp\/v2\/categories?post=98764"},{"taxonomy":"post_tag","embeddable":true,"href":"https:\/\/medianews.mx\/index.php\/wp-json\/wp\/v2\/tags?post=98764"}],"curies":[{"name":"wp","href":"https:\/\/api.w.org\/{rel}","templated":true}]}}