{"id":98772,"date":"2026-09-01T18:13:00","date_gmt":"2026-09-02T00:13:00","guid":{"rendered":"https:\/\/medianews.mx\/?p=98772"},"modified":"2026-09-01T18:13:00","modified_gmt":"2026-09-02T00:13:00","slug":"logros-tangibles-en-materia-educativa-en-gestion-de-la-presidenta-shaimbaum-resalta-administracion-de-yarabi-avila","status":"publish","type":"post","link":"https:\/\/medianews.mx\/index.php\/2026\/09\/01\/logros-tangibles-en-materia-educativa-en-gestion-de-la-presidenta-shaimbaum-resalta-administracion-de-yarabi-avila\/","title":{"rendered":"Logros tangibles en materia educativa en gesti\u00f3n de la presidenta Shaimbaum, resalta administraci\u00f3n de Yarab\u00ed \u00c1vila"},"content":{"rendered":"<p>Morelia, Michoac\u00e1n, a 01 de septiembre de 2026.- La administraci\u00f3n de la rectora de la Universidad Michoacana de San Nicol\u00e1s de Hidalgo (UMSNH), Yarab\u00ed \u00c1vila Gonz\u00e1lez, resalta los logros tangibles en el \u00e1mbito educativo, que se han tenido durante la gesti\u00f3n de la presidenta de M\u00e9xico, Claudia Sheinbaum Pardo.<\/p>\n<p>En el marco del segundo Informe de Gobierno de la mandataria federal, la M\u00e1xima Casa de Estudios del estado agradece el respaldo y la disposici\u00f3n para implementar acciones conjuntas con diversas dependencias del sector educativo, de ciencia e investigaci\u00f3n, cultura y deporte, por mencionar algunos.<\/p>\n<p>De igual forma, destaca el beneficio directo que ha representado para miles de estudiantes nicolaitas, la Beca Gertrudis Bocanegra impulsada por la presidenta Claudia Sheinbaum, la cual permitir\u00e1 que m\u00e1s j\u00f3venes contin\u00faen estudiando su licenciatura.<\/p>\n<p>Aunado a los logros obtenidos en los distintos rubros, la UMSNH resalta la sinergia que ha tenido con instancias del Gobierno de la Rep\u00fablica para establecer estrategias que permitan incrementar la matr\u00edcula de nivel medio superior y superior y evitar la deserci\u00f3n escolar.<\/p>\n<p>La Universidad Michoacana felicita a la jefa del Ejecutivo Federal, Claudia Sheinbaum Pardo por su segundo Informe de Gobierno, y refrenda su inter\u00e9s para seguir sumando en beneficio de la educaci\u00f3n, de las juventudes y de M\u00e9xico.<\/p>\n<p><img loading=\"lazy\" decoding=\"async\" class=\"alignnone size-medium wp-image-98773\" src=\"https:\/\/medianews.mx\/wp-content\/uploads\/2026\/09\/WhatsApp-Image-2026-09-01-at-6.04.02-PM-1-300x206.jpeg\" alt=\"\" width=\"300\" height=\"206\" srcset=\"https:\/\/medianews.mx\/wp-content\/uploads\/2026\/09\/WhatsApp-Image-2026-09-01-at-6.04.02-PM-1-300x206.jpeg 300w, https:\/\/medianews.mx\/wp-content\/uploads\/2026\/09\/WhatsApp-Image-2026-09-01-at-6.04.02-PM-1-1024x704.jpeg 1024w, https:\/\/medianews.mx\/wp-content\/uploads\/2026\/09\/WhatsApp-Image-2026-09-01-at-6.04.02-PM-1-768x528.jpeg 768w, https:\/\/medianews.mx\/wp-content\/uploads\/2026\/09\/WhatsApp-Image-2026-09-01-at-6.04.02-PM-1-150x103.jpeg 150w, https:\/\/medianews.mx\/wp-content\/uploads\/2026\/09\/WhatsApp-Image-2026-09-01-at-6.04.02-PM-1-218x150.jpeg 218w, https:\/\/medianews.mx\/wp-content\/uploads\/2026\/09\/WhatsApp-Image-2026-09-01-at-6.04.02-PM-1-696x479.jpeg 696w, https:\/\/medianews.mx\/wp-content\/uploads\/2026\/09\/WhatsApp-Image-2026-09-01-at-6.04.02-PM-1-1068x734.jpeg 1068w, https:\/\/medianews.mx\/wp-content\/uploads\/2026\/09\/WhatsApp-Image-2026-09-01-at-6.04.02-PM-1.jpeg 1280w\" sizes=\"auto, (max-width: 300px) 100vw, 300px\" \/> <img loading=\"lazy\" decoding=\"async\" class=\"alignnone size-medium wp-image-98774\" src=\"https:\/\/medianews.mx\/wp-content\/uploads\/2026\/09\/WhatsApp-Image-2026-09-01-at-6.04.02-PM-2-300x200.jpeg\" alt=\"\" width=\"300\" height=\"200\" srcset=\"https:\/\/medianews.mx\/wp-content\/uploads\/2026\/09\/WhatsApp-Image-2026-09-01-at-6.04.02-PM-2-300x200.jpeg 300w, https:\/\/medianews.mx\/wp-content\/uploads\/2026\/09\/WhatsApp-Image-2026-09-01-at-6.04.02-PM-2-1024x682.jpeg 1024w, https:\/\/medianews.mx\/wp-content\/uploads\/2026\/09\/WhatsApp-Image-2026-09-01-at-6.04.02-PM-2-768x512.jpeg 768w, https:\/\/medianews.mx\/wp-content\/uploads\/2026\/09\/WhatsApp-Image-2026-09-01-at-6.04.02-PM-2-1536x1023.jpeg 1536w, https:\/\/medianews.mx\/wp-content\/uploads\/2026\/09\/WhatsApp-Image-2026-09-01-at-6.04.02-PM-2-150x100.jpeg 150w, https:\/\/medianews.mx\/wp-content\/uploads\/2026\/09\/WhatsApp-Image-2026-09-01-at-6.04.02-PM-2-696x464.jpeg 696w, https:\/\/medianews.mx\/wp-content\/uploads\/2026\/09\/WhatsApp-Image-2026-09-01-at-6.04.02-PM-2-1068x712.jpeg 1068w, https:\/\/medianews.mx\/wp-content\/uploads\/2026\/09\/WhatsApp-Image-2026-09-01-at-6.04.02-PM-2.jpeg 1600w\" sizes=\"auto, (max-width: 300px) 100vw, 300px\" \/> <img loading=\"lazy\" decoding=\"async\" class=\"alignnone size-medium wp-image-98775\" src=\"https:\/\/medianews.mx\/wp-content\/uploads\/2026\/09\/WhatsApp-Image-2026-09-01-at-6.04.02-PM-3-300x200.jpeg\" alt=\"\" width=\"300\" height=\"200\" srcset=\"https:\/\/medianews.mx\/wp-content\/uploads\/2026\/09\/WhatsApp-Image-2026-09-01-at-6.04.02-PM-3-300x200.jpeg 300w, https:\/\/medianews.mx\/wp-content\/uploads\/2026\/09\/WhatsApp-Image-2026-09-01-at-6.04.02-PM-3-1024x683.jpeg 1024w, https:\/\/medianews.mx\/wp-content\/uploads\/2026\/09\/WhatsApp-Image-2026-09-01-at-6.04.02-PM-3-768x512.jpeg 768w, https:\/\/medianews.mx\/wp-content\/uploads\/2026\/09\/WhatsApp-Image-2026-09-01-at-6.04.02-PM-3-150x100.jpeg 150w, https:\/\/medianews.mx\/wp-content\/uploads\/2026\/09\/WhatsApp-Image-2026-09-01-at-6.04.02-PM-3-696x464.jpeg 696w, https:\/\/medianews.mx\/wp-content\/uploads\/2026\/09\/WhatsApp-Image-2026-09-01-at-6.04.02-PM-3-1068x713.jpeg 1068w, https:\/\/medianews.mx\/wp-content\/uploads\/2026\/09\/WhatsApp-Image-2026-09-01-at-6.04.02-PM-3.jpeg 1280w\" sizes=\"auto, (max-width: 300px) 100vw, 300px\" \/> <img loading=\"lazy\" decoding=\"async\" class=\"alignnone size-medium wp-image-98776\" src=\"https:\/\/medianews.mx\/wp-content\/uploads\/2026\/09\/WhatsApp-Image-2026-09-01-at-6.04.02-PM-300x240.jpeg\" alt=\"\" width=\"300\" height=\"240\" srcset=\"https:\/\/medianews.mx\/wp-content\/uploads\/2026\/09\/WhatsApp-Image-2026-09-01-at-6.04.02-PM-300x240.jpeg 300w, https:\/\/medianews.mx\/wp-content\/uploads\/2026\/09\/WhatsApp-Image-2026-09-01-at-6.04.02-PM-768x615.jpeg 768w, https:\/\/medianews.mx\/wp-content\/uploads\/2026\/09\/WhatsApp-Image-2026-09-01-at-6.04.02-PM-150x120.jpeg 150w, https:\/\/medianews.mx\/wp-content\/uploads\/2026\/09\/WhatsApp-Image-2026-09-01-at-6.04.02-PM-696x558.jpeg 696w, https:\/\/medianews.mx\/wp-content\/uploads\/2026\/09\/WhatsApp-Image-2026-09-01-at-6.04.02-PM.jpeg 1006w\" sizes=\"auto, (max-width: 300px) 100vw, 300px\" \/> <img loading=\"lazy\" decoding=\"async\" class=\"alignnone size-medium wp-image-98777\" src=\"https:\/\/medianews.mx\/wp-content\/uploads\/2026\/09\/WhatsApp-Image-2026-09-01-at-6.04.03-PM-300x200.jpeg\" alt=\"\" width=\"300\" height=\"200\" srcset=\"https:\/\/medianews.mx\/wp-content\/uploads\/2026\/09\/WhatsApp-Image-2026-09-01-at-6.04.03-PM-300x200.jpeg 300w, https:\/\/medianews.mx\/wp-content\/uploads\/2026\/09\/WhatsApp-Image-2026-09-01-at-6.04.03-PM-1024x683.jpeg 1024w, https:\/\/medianews.mx\/wp-content\/uploads\/2026\/09\/WhatsApp-Image-2026-09-01-at-6.04.03-PM-768x512.jpeg 768w, https:\/\/medianews.mx\/wp-content\/uploads\/2026\/09\/WhatsApp-Image-2026-09-01-at-6.04.03-PM-150x100.jpeg 150w, https:\/\/medianews.mx\/wp-content\/uploads\/2026\/09\/WhatsApp-Image-2026-09-01-at-6.04.03-PM-696x464.jpeg 696w, https:\/\/medianews.mx\/wp-content\/uploads\/2026\/09\/WhatsApp-Image-2026-09-01-at-6.04.03-PM-1068x713.jpeg 1068w, https:\/\/medianews.mx\/wp-content\/uploads\/2026\/09\/WhatsApp-Image-2026-09-01-at-6.04.03-PM.jpeg 1280w\" sizes=\"auto, (max-width: 300px) 100vw, 300px\" \/><\/p>\n","protected":false},"excerpt":{"rendered":"<p>Morelia, Michoac\u00e1n, a 01 de septiembre de 2026.- La administraci\u00f3n de la rectora de la Universidad Michoacana de San Nicol\u00e1s de Hidalgo (UMSNH), Yarab\u00ed \u00c1vila Gonz\u00e1lez, resalta los logros tangibles en el \u00e1mbito educativo, que se han tenido durante la gesti\u00f3n de la presidenta de M\u00e9xico, Claudia Sheinbaum Pardo. En el marco del segundo Informe [&hellip;]<\/p>\n","protected":false},"author":2,"featured_media":98777,"comment_status":"closed","ping_status":"closed","sticky":false,"template":"","format":"standard","meta":{"om_disable_all_campaigns":false,"_monsterinsights_skip_tracking":false,"_uf_show_specific_survey":0,"_uf_disable_surveys":false,"_jetpack_memberships_contains_paid_content":false,"footnotes":"","jetpack_publicize_message":"Logros tangibles en materia educativa en gesti\u00f3n de la presidenta Shaimbaum, resalta administraci\u00f3n de Yarab\u00ed \u00c1vila.\r\n\r\nLa Universidad Michoacana destaca el trabajo coordinado que ha tenido con dependencias del Gobierno de M\u00e9xico.","jetpack_publicize_feature_enabled":true,"jetpack_social_post_already_shared":true,"jetpack_social_options":{"image_generator_settings":{"template":"highway","default_image_id":0,"enabled":false},"version":2}},"categories":[22],"tags":[],"class_list":["post-98772","post","type-post","status-publish","format-standard","has-post-thumbnail","category-educacion"],"aioseo_notices":[],"jetpack_publicize_connections":[],"jetpack_featured_media_url":"https:\/\/medianews.mx\/wp-content\/uploads\/2026\/09\/WhatsApp-Image-2026-09-01-at-6.04.03-PM.jpeg","jetpack_sharing_enabled":true,"_links":{"self":[{"href":"https:\/\/medianews.mx\/index.php\/wp-json\/wp\/v2\/posts\/98772","targetHints":{"allow":["GET"]}}],"collection":[{"href":"https:\/\/medianews.mx\/index.php\/wp-json\/wp\/v2\/posts"}],"about":[{"href":"https:\/\/medianews.mx\/index.php\/wp-json\/wp\/v2\/types\/post"}],"author":[{"embeddable":true,"href":"https:\/\/medianews.mx\/index.php\/wp-json\/wp\/v2\/users\/2"}],"replies":[{"embeddable":true,"href":"https:\/\/medianews.mx\/index.php\/wp-json\/wp\/v2\/comments?post=98772"}],"version-history":[{"count":1,"href":"https:\/\/medianews.mx\/index.php\/wp-json\/wp\/v2\/posts\/98772\/revisions"}],"predecessor-version":[{"id":98778,"href":"https:\/\/medianews.mx\/index.php\/wp-json\/wp\/v2\/posts\/98772\/revisions\/98778"}],"wp:featuredmedia":[{"embeddable":true,"href":"https:\/\/medianews.mx\/index.php\/wp-json\/wp\/v2\/media\/98777"}],"wp:attachment":[{"href":"https:\/\/medianews.mx\/index.php\/wp-json\/wp\/v2\/media?parent=98772"}],"wp:term":[{"taxonomy":"category","embeddable":true,"href":"https:\/\/medianews.mx\/index.php\/wp-json\/wp\/v2\/categories?post=98772"},{"taxonomy":"post_tag","embeddable":true,"href":"https:\/\/medianews.mx\/index.php\/wp-json\/wp\/v2\/tags?post=98772"}],"curies":[{"name":"wp","href":"https:\/\/api.w.org\/{rel}","templated":true}]}}