{"id":98779,"date":"2026-09-01T18:18:24","date_gmt":"2026-09-02T00:18:24","guid":{"rendered":"https:\/\/medianews.mx\/?p=98779"},"modified":"2026-09-01T18:18:24","modified_gmt":"2026-09-02T00:18:24","slug":"carlos-torres-pina-la-cercania-que-se-construye-durante-anos","status":"publish","type":"post","link":"https:\/\/medianews.mx\/index.php\/2026\/09\/01\/carlos-torres-pina-la-cercania-que-se-construye-durante-anos\/","title":{"rendered":"Carlos Torres Pi\u00f1a: La cercan\u00eda que se construye durante a\u00f1os"},"content":{"rendered":"<p>En pol\u00edtica, la cercan\u00eda puede fingirse durante unas semanas: fotograf\u00edas, recorridos, saludos y eventos. Lo dif\u00edcil es sostenerla durante a\u00f1os. En el caso de Carlos Torres Pi\u00f1a, buena parte de su fortaleza territorial viene de una construcci\u00f3n de m\u00e1s de dos d\u00e9cadas, municipio por municipio, con estructuras, liderazgos y relaciones que no nacieron al calor de una encuesta, ni un proceso interno. Durante 26 a\u00f1os ha tejido v\u00ednculos en pr\u00e1cticamente todo Michoac\u00e1n y eso explica por qu\u00e9 hoy, cuando vuelve a recorrer el estado, muchas reuniones no empiezan con una presentaci\u00f3n, sino con un reencuentro.<\/p>\n<p>Esa estructura no se construy\u00f3 solamente desde la pol\u00edtica partidista. Durante su paso por la Secretar\u00eda de Gobierno, Torres Pi\u00f1a hizo de la presencia territorial una manera de resolver. En lugar de esperar a que comunidades, organizaciones o sectores viajaran hasta Morelia, muchas veces fue directamente a donde estaba el conflicto: a escuchar a las partes, conocer el problema en su contexto y buscar acuerdos ah\u00ed mismo. Esa pr\u00e1ctica dej\u00f3 una huella que ahora reaparece en los recorridos. Hay comunidades que recuerdan reuniones, sectores que reconocen gestiones y dirigentes sociales que ya hab\u00edan sentado a Carlos a la mesa a\u00f1os antes.<\/p>\n<p>Ah\u00ed est\u00e1 una diferencia importante en su manera de entender la cercan\u00eda. Para Torres Pi\u00f1a, estar cerca no significa \u00fanicamente escuchar; significa tener capacidad para procesar lo que se escucha. Durante a\u00f1os, su trabajo pol\u00edtico y de gobierno estuvo marcado por conflictos donde no hab\u00eda una sola posici\u00f3n posible: comunidades enfrentadas, demandas sociales, diferencias entre grupos y problemas que requer\u00edan negociaci\u00f3n. En esos escenarios, la cercan\u00eda serv\u00eda para algo concreto: construir consensos y encontrar una salida que permitiera avanzar.<\/p>\n<p>Eso tambi\u00e9n explica por qu\u00e9 su estructura territorial tiene valor pol\u00edtico. No se trata s\u00f3lo de contar con personas en los municipios, sino de tener interlocutores, conocer qui\u00e9n representa a cada sector y saber d\u00f3nde est\u00e1n los puntos de tensi\u00f3n de una regi\u00f3n. En Michoac\u00e1n, donde las din\u00e1micas cambian radicalmente de la Meseta a Tierra Caliente, del Oriente al Baj\u00edo o de la Costa a Morelia, esa red de relaciones permite entender problemas antes de que lleguen convertidos en crisis.<\/p>\n<p>Por eso, cuando hoy se habla de Carlos Torres Pi\u00f1a como un pol\u00edtico cercano a la gente, el atributo no deber\u00eda leerse s\u00f3lo en t\u00e9rminos personales. Su cercan\u00eda est\u00e1 asociada a una forma de trabajo: estar presente, escuchar directamente, construir acuerdos y regresar cuando hay algo que resolver. Esa combinaci\u00f3n entre estructura territorial y capacidad de consenso se ha formado durante 26 a\u00f1os y hoy se convierte en uno de sus activos m\u00e1s claros frente a cualquier definici\u00f3n pol\u00edtica que venga.<\/p>\n<p>La cercan\u00eda, al final, no se mide por cu\u00e1ntas manos se estrechan en una gira. Se mide por cu\u00e1ntas personas saben que pueden llamar, sentarse a dialogar y encontrar a alguien dispuesto a buscar una soluci\u00f3n. Ah\u00ed est\u00e1 probablemente una de las razones por las que Torres Pi\u00f1a mantiene presencia en tantos municipios: porque su relaci\u00f3n con el territorio no empez\u00f3 con esta etapa, y porque para \u00e9l estar cerca siempre ha significado algo m\u00e1s que estar presente.<\/p>\n<p><img loading=\"lazy\" decoding=\"async\" class=\"alignnone size-medium wp-image-98780\" src=\"https:\/\/medianews.mx\/wp-content\/uploads\/2026\/09\/WhatsApp-Image-2026-09-01-at-6.12.49-PM-300x224.jpeg\" alt=\"\" width=\"300\" height=\"224\" srcset=\"https:\/\/medianews.mx\/wp-content\/uploads\/2026\/09\/WhatsApp-Image-2026-09-01-at-6.12.49-PM-300x224.jpeg 300w, https:\/\/medianews.mx\/wp-content\/uploads\/2026\/09\/WhatsApp-Image-2026-09-01-at-6.12.49-PM-1024x765.jpeg 1024w, https:\/\/medianews.mx\/wp-content\/uploads\/2026\/09\/WhatsApp-Image-2026-09-01-at-6.12.49-PM-768x574.jpeg 768w, https:\/\/medianews.mx\/wp-content\/uploads\/2026\/09\/WhatsApp-Image-2026-09-01-at-6.12.49-PM-1536x1147.jpeg 1536w, https:\/\/medianews.mx\/wp-content\/uploads\/2026\/09\/WhatsApp-Image-2026-09-01-at-6.12.49-PM-2048x1530.jpeg 2048w, https:\/\/medianews.mx\/wp-content\/uploads\/2026\/09\/WhatsApp-Image-2026-09-01-at-6.12.49-PM-150x112.jpeg 150w, https:\/\/medianews.mx\/wp-content\/uploads\/2026\/09\/WhatsApp-Image-2026-09-01-at-6.12.49-PM-485x360.jpeg 485w, https:\/\/medianews.mx\/wp-content\/uploads\/2026\/09\/WhatsApp-Image-2026-09-01-at-6.12.49-PM-696x520.jpeg 696w, https:\/\/medianews.mx\/wp-content\/uploads\/2026\/09\/WhatsApp-Image-2026-09-01-at-6.12.49-PM-1068x798.jpeg 1068w, https:\/\/medianews.mx\/wp-content\/uploads\/2026\/09\/WhatsApp-Image-2026-09-01-at-6.12.49-PM-1920x1434.jpeg 1920w\" sizes=\"auto, (max-width: 300px) 100vw, 300px\" \/><\/p>\n","protected":false},"excerpt":{"rendered":"<p>En pol\u00edtica, la cercan\u00eda puede fingirse durante unas semanas: fotograf\u00edas, recorridos, saludos y eventos. Lo dif\u00edcil es sostenerla durante a\u00f1os. En el caso de Carlos Torres Pi\u00f1a, buena parte de su fortaleza territorial viene de una construcci\u00f3n de m\u00e1s de dos d\u00e9cadas, municipio por municipio, con estructuras, liderazgos y relaciones que no nacieron al calor [&hellip;]<\/p>\n","protected":false},"author":2,"featured_media":98780,"comment_status":"closed","ping_status":"closed","sticky":false,"template":"","format":"standard","meta":{"om_disable_all_campaigns":false,"_monsterinsights_skip_tracking":false,"_uf_show_specific_survey":0,"_uf_disable_surveys":false,"_jetpack_memberships_contains_paid_content":false,"footnotes":"","jetpack_publicize_message":"Carlos Torres Pi\u00f1a: La cercan\u00eda que se construye durante a\u00f1os","jetpack_publicize_feature_enabled":true,"jetpack_social_post_already_shared":true,"jetpack_social_options":{"image_generator_settings":{"template":"highway","default_image_id":0,"enabled":false},"version":2}},"categories":[15,63],"tags":[],"class_list":["post-98779","post","type-post","status-publish","format-standard","has-post-thumbnail","category-michoacan","category-politica"],"aioseo_notices":[],"jetpack_publicize_connections":[],"jetpack_featured_media_url":"https:\/\/medianews.mx\/wp-content\/uploads\/2026\/09\/WhatsApp-Image-2026-09-01-at-6.12.49-PM-scaled.jpeg","jetpack_sharing_enabled":true,"_links":{"self":[{"href":"https:\/\/medianews.mx\/index.php\/wp-json\/wp\/v2\/posts\/98779","targetHints":{"allow":["GET"]}}],"collection":[{"href":"https:\/\/medianews.mx\/index.php\/wp-json\/wp\/v2\/posts"}],"about":[{"href":"https:\/\/medianews.mx\/index.php\/wp-json\/wp\/v2\/types\/post"}],"author":[{"embeddable":true,"href":"https:\/\/medianews.mx\/index.php\/wp-json\/wp\/v2\/users\/2"}],"replies":[{"embeddable":true,"href":"https:\/\/medianews.mx\/index.php\/wp-json\/wp\/v2\/comments?post=98779"}],"version-history":[{"count":1,"href":"https:\/\/medianews.mx\/index.php\/wp-json\/wp\/v2\/posts\/98779\/revisions"}],"predecessor-version":[{"id":98781,"href":"https:\/\/medianews.mx\/index.php\/wp-json\/wp\/v2\/posts\/98779\/revisions\/98781"}],"wp:featuredmedia":[{"embeddable":true,"href":"https:\/\/medianews.mx\/index.php\/wp-json\/wp\/v2\/media\/98780"}],"wp:attachment":[{"href":"https:\/\/medianews.mx\/index.php\/wp-json\/wp\/v2\/media?parent=98779"}],"wp:term":[{"taxonomy":"category","embeddable":true,"href":"https:\/\/medianews.mx\/index.php\/wp-json\/wp\/v2\/categories?post=98779"},{"taxonomy":"post_tag","embeddable":true,"href":"https:\/\/medianews.mx\/index.php\/wp-json\/wp\/v2\/tags?post=98779"}],"curies":[{"name":"wp","href":"https:\/\/api.w.org\/{rel}","templated":true}]}}