{"id":98783,"date":"2026-09-01T18:33:26","date_gmt":"2026-09-02T00:33:26","guid":{"rendered":"https:\/\/medianews.mx\/?p=98783"},"modified":"2026-09-01T18:33:26","modified_gmt":"2026-09-02T00:33:26","slug":"cuatro-ciclos-escolares-completos-y-quincenas-puntuales-al-magisterio-nueva-realidad-en-michoacan-luis-navarro","status":"publish","type":"post","link":"https:\/\/medianews.mx\/index.php\/2026\/09\/01\/cuatro-ciclos-escolares-completos-y-quincenas-puntuales-al-magisterio-nueva-realidad-en-michoacan-luis-navarro\/","title":{"rendered":"Cuatro ciclos escolares completos y quincenas puntuales al magisterio, nueva realidad en Michoac\u00e1n: Luis Navarro"},"content":{"rendered":"<p>Morelia, Michoac\u00e1n, 1 de septiembre de 2026.- La administraci\u00f3n que encabeza el gobernador Alfredo Ram\u00edrez Bedolla refrenda el compromiso de apoyar y respaldar la educaci\u00f3n de la ni\u00f1ez y la adolescencia de Michoac\u00e1n y cumplir al magisterio con todas las prestaciones que leg\u00edtimamente le corresponde, lo que ha propiciado el pago puntual de 118 quincenas consecutivas y cuatro per\u00edodos escolares completos, se\u00f1al\u00f3 el secretario de Finanzas y Administraci\u00f3n, Luis Navarro.<\/p>\n<p>Con motivo del inicio del per\u00edodo 2026-2027 en educaci\u00f3n b\u00e1sica, el tesorero manifest\u00f3 que en el estado vamos por el quinto ciclo escolar sin interrupciones, hecho que dejar\u00e1 bases s\u00f3lidas y un precedente importante en la historia moderna de Michoac\u00e1n porque ahora los profesores son hombres y mujeres dedicados a su pasi\u00f3n de educar, a la ense\u00f1anza en las aulas, ajenos a bloqueos y manifestaciones, al contar quincenalmente con la estabilidad de recibir sus pagos con exactitud y puntualidad.<\/p>\n<p>La infancia y la adolescencia de la entidad tienen garantizada su educaci\u00f3n completa, encaminada siempre a su formaci\u00f3n integral porque Michoac\u00e1n necesita generaciones bien preparadas y con capacidad de aportar lo mejor de s\u00ed con el objetivo de participar en el engrandecimiento del estado y el bienestar de sus habitantes.<\/p>\n<p>Manifest\u00f3 que al t\u00e9rmino del presente mes de septiembre, al concluir el quinto a\u00f1o de gesti\u00f3n, la administraci\u00f3n del gobernador Alfredo Ram\u00edrez Bedolla habr\u00e1 cumplido con el pago de 120 quincenas al magisterio y una realidad diferente a los problemas que tanto afectaron en el pasado a la infancia, a los adolescentes y a los hombres y las mujeres dedicados a la noble misi\u00f3n y tarea de la educaci\u00f3n.<\/p>\n<p>Finalmente, Luis Navarro reconoci\u00f3 al Gobierno Federal, primero con el expresidente Manuel Andr\u00e9s L\u00f3pez Obrador y actualmente con la mandataria del pa\u00eds, Claudia Sheimbaun Pardo, por los recursos adicionales que se destinan al pago de las quincenas y prestaciones a favor del magisterio michoacano.<\/p>\n<p>Cuatro ciclos escolares completos y quincenas puntuales al magisterio, nueva realidad en Michoac\u00e1n: Luis Navarro<\/p>\n<p>Morelia, Michoac\u00e1n, 1 de septiembre de 2026.- La administraci\u00f3n que encabeza el gobernador Alfredo Ram\u00edrez Bedolla refrenda el compromiso de apoyar y respaldar la educaci\u00f3n de la ni\u00f1ez y la adolescencia de Michoac\u00e1n y cumplir al magisterio con todas las prestaciones que leg\u00edtimamente le corresponde, lo que ha propiciado el pago puntual de 118 quincenas consecutivas y cuatro per\u00edodos escolares completos, se\u00f1al\u00f3 el secretario de Finanzas y Administraci\u00f3n, Luis Navarro.<\/p>\n<p>Con motivo del inicio del per\u00edodo 2026-2027 en educaci\u00f3n b\u00e1sica, el tesorero manifest\u00f3 que en el estado vamos por el quinto ciclo escolar sin interrupciones, hecho que dejar\u00e1 bases s\u00f3lidas y un precedente importante en la historia moderna de Michoac\u00e1n porque ahora los profesores son hombres y mujeres dedicados a su pasi\u00f3n de educar, a la ense\u00f1anza en las aulas, ajenos a bloqueos y manifestaciones, al contar quincenalmente con la estabilidad de recibir sus pagos con exactitud y puntualidad.<\/p>\n<p>La infancia y la adolescencia de la entidad tienen garantizada su educaci\u00f3n completa, encaminada siempre a su formaci\u00f3n integral porque Michoac\u00e1n necesita generaciones bien preparadas y con capacidad de aportar lo mejor de s\u00ed con el objetivo de participar en el engrandecimiento del estado y el bienestar de sus habitantes.<\/p>\n<p>Manifest\u00f3 que al t\u00e9rmino del presente mes de septiembre, al concluir el quinto a\u00f1o de gesti\u00f3n, la administraci\u00f3n del gobernador Alfredo Ram\u00edrez Bedolla habr\u00e1 cumplido con el pago de 120 quincenas al magisterio y una realidad diferente a los problemas que tanto afectaron en el pasado a la infancia, a los adolescentes y a los hombres y las mujeres dedicados a la noble misi\u00f3n y tarea de la educaci\u00f3n.<\/p>\n<p>Finalmente, Luis Navarro reconoci\u00f3 al Gobierno Federal, primero con el expresidente Manuel Andr\u00e9s L\u00f3pez Obrador y actualmente con la mandataria del pa\u00eds, Claudia Sheimbaun Pardo, por los recursos adicionales que se destinan al pago de las quincenas y prestaciones a favor del magisterio michoacano.<\/p>\n<div style=\"width: 696px;\" class=\"wp-video\"><video class=\"wp-video-shortcode\" id=\"video-98783-1\" width=\"696\" height=\"394\" preload=\"metadata\" controls=\"controls\"><source type=\"video\/mp4\" src=\"https:\/\/medianews.mx\/wp-content\/uploads\/2026\/09\/WhatsApp-Video-2026-09-01-at-6.25.59-PM.mp4?_=1\" \/><a href=\"https:\/\/medianews.mx\/wp-content\/uploads\/2026\/09\/WhatsApp-Video-2026-09-01-at-6.25.59-PM.mp4\">https:\/\/medianews.mx\/wp-content\/uploads\/2026\/09\/WhatsApp-Video-2026-09-01-at-6.25.59-PM.mp4<\/a><\/video><\/div>\n","protected":false},"excerpt":{"rendered":"<p>Morelia, Michoac\u00e1n, 1 de septiembre de 2026.- La administraci\u00f3n que encabeza el gobernador Alfredo Ram\u00edrez Bedolla refrenda el compromiso de apoyar y respaldar la educaci\u00f3n de la ni\u00f1ez y la adolescencia de Michoac\u00e1n y cumplir al magisterio con todas las prestaciones que leg\u00edtimamente le corresponde, lo que ha propiciado el pago puntual de 118 quincenas [&hellip;]<\/p>\n","protected":false},"author":2,"featured_media":98785,"comment_status":"closed","ping_status":"closed","sticky":false,"template":"","format":"standard","meta":{"om_disable_all_campaigns":false,"_monsterinsights_skip_tracking":false,"_uf_show_specific_survey":0,"_uf_disable_surveys":false,"_jetpack_memberships_contains_paid_content":false,"footnotes":"","jetpack_publicize_message":"Cuatro ciclos escolares completos y quincenas puntuales al magisterio, nueva realidad en Michoac\u00e1n: Luis Navarro","jetpack_publicize_feature_enabled":true,"jetpack_social_post_already_shared":true,"jetpack_social_options":{"image_generator_settings":{"template":"highway","default_image_id":0,"enabled":false},"version":2}},"categories":[15,63],"tags":[],"class_list":["post-98783","post","type-post","status-publish","format-standard","has-post-thumbnail","category-michoacan","category-politica"],"aioseo_notices":[],"jetpack_publicize_connections":[],"jetpack_featured_media_url":"https:\/\/medianews.mx\/wp-content\/uploads\/2026\/09\/DFD.png","jetpack_sharing_enabled":true,"_links":{"self":[{"href":"https:\/\/medianews.mx\/index.php\/wp-json\/wp\/v2\/posts\/98783","targetHints":{"allow":["GET"]}}],"collection":[{"href":"https:\/\/medianews.mx\/index.php\/wp-json\/wp\/v2\/posts"}],"about":[{"href":"https:\/\/medianews.mx\/index.php\/wp-json\/wp\/v2\/types\/post"}],"author":[{"embeddable":true,"href":"https:\/\/medianews.mx\/index.php\/wp-json\/wp\/v2\/users\/2"}],"replies":[{"embeddable":true,"href":"https:\/\/medianews.mx\/index.php\/wp-json\/wp\/v2\/comments?post=98783"}],"version-history":[{"count":1,"href":"https:\/\/medianews.mx\/index.php\/wp-json\/wp\/v2\/posts\/98783\/revisions"}],"predecessor-version":[{"id":98786,"href":"https:\/\/medianews.mx\/index.php\/wp-json\/wp\/v2\/posts\/98783\/revisions\/98786"}],"wp:featuredmedia":[{"embeddable":true,"href":"https:\/\/medianews.mx\/index.php\/wp-json\/wp\/v2\/media\/98785"}],"wp:attachment":[{"href":"https:\/\/medianews.mx\/index.php\/wp-json\/wp\/v2\/media?parent=98783"}],"wp:term":[{"taxonomy":"category","embeddable":true,"href":"https:\/\/medianews.mx\/index.php\/wp-json\/wp\/v2\/categories?post=98783"},{"taxonomy":"post_tag","embeddable":true,"href":"https:\/\/medianews.mx\/index.php\/wp-json\/wp\/v2\/tags?post=98783"}],"curies":[{"name":"wp","href":"https:\/\/api.w.org\/{rel}","templated":true}]}}