{"id":98790,"date":"2026-09-02T09:31:11","date_gmt":"2026-09-02T15:31:11","guid":{"rendered":"https:\/\/medianews.mx\/?p=98790"},"modified":"2026-09-02T09:31:11","modified_gmt":"2026-09-02T15:31:11","slug":"joven-motociclista-sufre-mortal-accidente-en-calzada-la-huerta-morelia","status":"publish","type":"post","link":"https:\/\/medianews.mx\/index.php\/2026\/09\/02\/joven-motociclista-sufre-mortal-accidente-en-calzada-la-huerta-morelia\/","title":{"rendered":"Joven motociclista sufre mortal accidente en Calzada La Huerta, Morelia"},"content":{"rendered":"<p>RED 113 MICHOAC\u00c1N\/ Redacci\u00f3n<\/p>\n<p>Morelia, Mich.- Mi\u00e9rcoles 02 de septiembre de 2026.- Un joven motociclista perdi\u00f3 la vida tras accidentarse sobre una de las laterales de la Calzada La Huerta, en la zona poniente de la ciudad de Morelia, informaron autoridades policiales.<\/p>\n<p>El hecho ocurri\u00f3 durante la madrugada de este mi\u00e9rcoles, en el sentido del Pante\u00f3n Municipal hacia la avenida H\u00e9roes de Nocup\u00e9taro, entre las vialidades Justicia y Uni\u00f3n, a la altura de la colonia Morelos.<\/p>\n<p>Trascendi\u00f3 que el motorista choc\u00f3 contra un veh\u00edculo estacionado y, debido a la gravedad de las lesiones sufridas, falleci\u00f3 en el sitio, indicaron las fuentes. Unos ciudadanos reportaron el incidente al n\u00famero de emergencias 911.<\/p>\n<p>Despu\u00e9s, al lugar acudieron param\u00e9dicos y patrulleros locales, quienes confirmaron el deceso del muchacho, identificado como Abraham, de aproximadamente 20 a\u00f1os de edad.<\/p>\n<p>Los agentes resguardaron el \u00e1rea y posteriormente arrib\u00f3 personal de la Unidad de Atenci\u00f3n Inmediata, dependiente de la Fiscal\u00eda General del Estado (FGE), el cual inici\u00f3 las investigaciones respectivas y traslad\u00f3 el cad\u00e1ver a la morgue para la pr\u00e1ctica de la necropsia de ley.<\/p>\n<p><img loading=\"lazy\" decoding=\"async\" class=\"alignnone size-medium wp-image-98791\" src=\"https:\/\/medianews.mx\/wp-content\/uploads\/2026\/09\/WhatsApp-Image-2026-09-02-at-9.17.45-AM-300x237.jpeg\" alt=\"\" width=\"300\" height=\"237\" srcset=\"https:\/\/medianews.mx\/wp-content\/uploads\/2026\/09\/WhatsApp-Image-2026-09-02-at-9.17.45-AM-300x237.jpeg 300w, https:\/\/medianews.mx\/wp-content\/uploads\/2026\/09\/WhatsApp-Image-2026-09-02-at-9.17.45-AM-1024x810.jpeg 1024w, https:\/\/medianews.mx\/wp-content\/uploads\/2026\/09\/WhatsApp-Image-2026-09-02-at-9.17.45-AM-768x607.jpeg 768w, https:\/\/medianews.mx\/wp-content\/uploads\/2026\/09\/WhatsApp-Image-2026-09-02-at-9.17.45-AM-150x119.jpeg 150w, https:\/\/medianews.mx\/wp-content\/uploads\/2026\/09\/WhatsApp-Image-2026-09-02-at-9.17.45-AM-696x550.jpeg 696w, https:\/\/medianews.mx\/wp-content\/uploads\/2026\/09\/WhatsApp-Image-2026-09-02-at-9.17.45-AM-1068x845.jpeg 1068w, https:\/\/medianews.mx\/wp-content\/uploads\/2026\/09\/WhatsApp-Image-2026-09-02-at-9.17.45-AM.jpeg 1200w\" sizes=\"auto, (max-width: 300px) 100vw, 300px\" \/><\/p>\n","protected":false},"excerpt":{"rendered":"<p>RED 113 MICHOAC\u00c1N\/ Redacci\u00f3n Morelia, Mich.- Mi\u00e9rcoles 02 de septiembre de 2026.- Un joven motociclista perdi\u00f3 la vida tras accidentarse sobre una de las laterales de la Calzada La Huerta, en la zona poniente de la ciudad de Morelia, informaron autoridades policiales. El hecho ocurri\u00f3 durante la madrugada de este mi\u00e9rcoles, en el sentido del [&hellip;]<\/p>\n","protected":false},"author":2,"featured_media":98791,"comment_status":"closed","ping_status":"closed","sticky":false,"template":"","format":"standard","meta":{"om_disable_all_campaigns":false,"_monsterinsights_skip_tracking":false,"_uf_show_specific_survey":0,"_uf_disable_surveys":false,"_jetpack_memberships_contains_paid_content":false,"footnotes":"","jetpack_publicize_message":"Joven motociclista sufre mortal accidente en Calzada La Huerta, Morelia \r\n\r\n  + Choc\u00f3 contra un veh\u00edculo estacionado a la orilla de la vialidad, indicaron las fuentes.","jetpack_publicize_feature_enabled":true,"jetpack_social_post_already_shared":true,"jetpack_social_options":{"image_generator_settings":{"template":"highway","default_image_id":0,"enabled":false},"version":2}},"categories":[17],"tags":[568,1782,51,1783,579],"class_list":["post-98790","post","type-post","status-publish","format-standard","has-post-thumbnail","category-morelia","tag-calzada-la-huerta","tag-joven-motociclista","tag-morelia","tag-mortal-accidente","tag-sufre"],"aioseo_notices":[],"jetpack_publicize_connections":[],"jetpack_featured_media_url":"https:\/\/medianews.mx\/wp-content\/uploads\/2026\/09\/WhatsApp-Image-2026-09-02-at-9.17.45-AM.jpeg","jetpack_sharing_enabled":true,"_links":{"self":[{"href":"https:\/\/medianews.mx\/index.php\/wp-json\/wp\/v2\/posts\/98790","targetHints":{"allow":["GET"]}}],"collection":[{"href":"https:\/\/medianews.mx\/index.php\/wp-json\/wp\/v2\/posts"}],"about":[{"href":"https:\/\/medianews.mx\/index.php\/wp-json\/wp\/v2\/types\/post"}],"author":[{"embeddable":true,"href":"https:\/\/medianews.mx\/index.php\/wp-json\/wp\/v2\/users\/2"}],"replies":[{"embeddable":true,"href":"https:\/\/medianews.mx\/index.php\/wp-json\/wp\/v2\/comments?post=98790"}],"version-history":[{"count":1,"href":"https:\/\/medianews.mx\/index.php\/wp-json\/wp\/v2\/posts\/98790\/revisions"}],"predecessor-version":[{"id":98792,"href":"https:\/\/medianews.mx\/index.php\/wp-json\/wp\/v2\/posts\/98790\/revisions\/98792"}],"wp:featuredmedia":[{"embeddable":true,"href":"https:\/\/medianews.mx\/index.php\/wp-json\/wp\/v2\/media\/98791"}],"wp:attachment":[{"href":"https:\/\/medianews.mx\/index.php\/wp-json\/wp\/v2\/media?parent=98790"}],"wp:term":[{"taxonomy":"category","embeddable":true,"href":"https:\/\/medianews.mx\/index.php\/wp-json\/wp\/v2\/categories?post=98790"},{"taxonomy":"post_tag","embeddable":true,"href":"https:\/\/medianews.mx\/index.php\/wp-json\/wp\/v2\/tags?post=98790"}],"curies":[{"name":"wp","href":"https:\/\/api.w.org\/{rel}","templated":true}]}}