{"id":98793,"date":"2026-09-02T09:32:54","date_gmt":"2026-09-02T15:32:54","guid":{"rendered":"https:\/\/medianews.mx\/?p=98793"},"modified":"2026-09-02T09:32:54","modified_gmt":"2026-09-02T15:32:54","slug":"hombre-resulta-herido-de-bala-tras-presunta-rina-en-jardines-de-la-aldea-morelia","status":"publish","type":"post","link":"https:\/\/medianews.mx\/index.php\/2026\/09\/02\/hombre-resulta-herido-de-bala-tras-presunta-rina-en-jardines-de-la-aldea-morelia\/","title":{"rendered":"Hombre resulta herido de bala tras presunta ri\u00f1a en Jardines de la Aldea, Morelia"},"content":{"rendered":"<p>RED 113 MICHOAC\u00c1N\/ Redacci\u00f3n<\/p>\n<p>Morelia, Mich.- Mi\u00e9rcoles 02 de septiembre de 2026.- Polic\u00edas municipales y param\u00e9dicos auxiliaron a un hombre que result\u00f3 lesionado por impacto de proyectil de arma de fuego en la colonia Jardines de la Aldea, ubicada al oriente de la ciudad de Morelia, informaron fuentes allegadas al tema.<\/p>\n<p>Trascendi\u00f3 que el hecho ocurri\u00f3 sobre la calle Miguel Anguiano, donde el agraviado fue herido durante una presunta ri\u00f1a. Algunos vecinos solicitaron apoyo al n\u00famero de emergencias 911.<\/p>\n<p>Posteriormente arribaron los patrulleros y socorristas, quienes brindaron las primeras curaciones al afectado, identificado como Alfredo, de 30 a\u00f1os de edad, mismo que presentaba una herida en el lado derecho de la cabeza, por lo que fue trasladado a un hospital para recibir atenci\u00f3n m\u00e9dica especializada.<\/p>\n<p>Los agentes locales notificaron lo sucedido a la Fiscal\u00eda General del Estado (FGE), instancia que se encargar\u00e1 de las investigaciones correspondientes para esclarecer el caso.<\/p>\n<p><img loading=\"lazy\" decoding=\"async\" class=\"alignnone size-medium wp-image-98794\" src=\"https:\/\/medianews.mx\/wp-content\/uploads\/2026\/09\/WhatsApp-Image-2026-09-02-at-9.15.54-AM-300x203.jpeg\" alt=\"\" width=\"300\" height=\"203\" srcset=\"https:\/\/medianews.mx\/wp-content\/uploads\/2026\/09\/WhatsApp-Image-2026-09-02-at-9.15.54-AM-300x203.jpeg 300w, https:\/\/medianews.mx\/wp-content\/uploads\/2026\/09\/WhatsApp-Image-2026-09-02-at-9.15.54-AM-1024x692.jpeg 1024w, https:\/\/medianews.mx\/wp-content\/uploads\/2026\/09\/WhatsApp-Image-2026-09-02-at-9.15.54-AM-768x519.jpeg 768w, https:\/\/medianews.mx\/wp-content\/uploads\/2026\/09\/WhatsApp-Image-2026-09-02-at-9.15.54-AM-1536x1037.jpeg 1536w, https:\/\/medianews.mx\/wp-content\/uploads\/2026\/09\/WhatsApp-Image-2026-09-02-at-9.15.54-AM-150x101.jpeg 150w, https:\/\/medianews.mx\/wp-content\/uploads\/2026\/09\/WhatsApp-Image-2026-09-02-at-9.15.54-AM-696x470.jpeg 696w, https:\/\/medianews.mx\/wp-content\/uploads\/2026\/09\/WhatsApp-Image-2026-09-02-at-9.15.54-AM-1068x721.jpeg 1068w, https:\/\/medianews.mx\/wp-content\/uploads\/2026\/09\/WhatsApp-Image-2026-09-02-at-9.15.54-AM.jpeg 1599w\" sizes=\"auto, (max-width: 300px) 100vw, 300px\" \/><\/p>\n","protected":false},"excerpt":{"rendered":"<p>RED 113 MICHOAC\u00c1N\/ Redacci\u00f3n Morelia, Mich.- Mi\u00e9rcoles 02 de septiembre de 2026.- Polic\u00edas municipales y param\u00e9dicos auxiliaron a un hombre que result\u00f3 lesionado por impacto de proyectil de arma de fuego en la colonia Jardines de la Aldea, ubicada al oriente de la ciudad de Morelia, informaron fuentes allegadas al tema. Trascendi\u00f3 que el hecho [&hellip;]<\/p>\n","protected":false},"author":2,"featured_media":98794,"comment_status":"closed","ping_status":"closed","sticky":false,"template":"","format":"standard","meta":{"om_disable_all_campaigns":false,"_monsterinsights_skip_tracking":false,"_uf_show_specific_survey":0,"_uf_disable_surveys":false,"_jetpack_memberships_contains_paid_content":false,"footnotes":"","jetpack_publicize_message":"Hombre resulta herido de bala tras presunta ri\u00f1a en Jardines de la Aldea, Morelia","jetpack_publicize_feature_enabled":true,"jetpack_social_post_already_shared":true,"jetpack_social_options":{"image_generator_settings":{"template":"highway","default_image_id":0,"enabled":false},"version":2}},"categories":[28],"tags":[],"class_list":["post-98793","post","type-post","status-publish","format-standard","has-post-thumbnail","category-moreliaseguridad"],"aioseo_notices":[],"jetpack_publicize_connections":[],"jetpack_featured_media_url":"https:\/\/medianews.mx\/wp-content\/uploads\/2026\/09\/WhatsApp-Image-2026-09-02-at-9.15.54-AM.jpeg","jetpack_sharing_enabled":true,"_links":{"self":[{"href":"https:\/\/medianews.mx\/index.php\/wp-json\/wp\/v2\/posts\/98793","targetHints":{"allow":["GET"]}}],"collection":[{"href":"https:\/\/medianews.mx\/index.php\/wp-json\/wp\/v2\/posts"}],"about":[{"href":"https:\/\/medianews.mx\/index.php\/wp-json\/wp\/v2\/types\/post"}],"author":[{"embeddable":true,"href":"https:\/\/medianews.mx\/index.php\/wp-json\/wp\/v2\/users\/2"}],"replies":[{"embeddable":true,"href":"https:\/\/medianews.mx\/index.php\/wp-json\/wp\/v2\/comments?post=98793"}],"version-history":[{"count":1,"href":"https:\/\/medianews.mx\/index.php\/wp-json\/wp\/v2\/posts\/98793\/revisions"}],"predecessor-version":[{"id":98795,"href":"https:\/\/medianews.mx\/index.php\/wp-json\/wp\/v2\/posts\/98793\/revisions\/98795"}],"wp:featuredmedia":[{"embeddable":true,"href":"https:\/\/medianews.mx\/index.php\/wp-json\/wp\/v2\/media\/98794"}],"wp:attachment":[{"href":"https:\/\/medianews.mx\/index.php\/wp-json\/wp\/v2\/media?parent=98793"}],"wp:term":[{"taxonomy":"category","embeddable":true,"href":"https:\/\/medianews.mx\/index.php\/wp-json\/wp\/v2\/categories?post=98793"},{"taxonomy":"post_tag","embeddable":true,"href":"https:\/\/medianews.mx\/index.php\/wp-json\/wp\/v2\/tags?post=98793"}],"curies":[{"name":"wp","href":"https:\/\/api.w.org\/{rel}","templated":true}]}}