{"id":98796,"date":"2026-09-02T09:34:25","date_gmt":"2026-09-02T15:34:25","guid":{"rendered":"https:\/\/medianews.mx\/?p=98796"},"modified":"2026-09-02T09:34:25","modified_gmt":"2026-09-02T15:34:25","slug":"auto-robado-es-hallado-por-la-policia-morelia-en-la-colonia-las-margaritas","status":"publish","type":"post","link":"https:\/\/medianews.mx\/index.php\/2026\/09\/02\/auto-robado-es-hallado-por-la-policia-morelia-en-la-colonia-las-margaritas\/","title":{"rendered":"Auto robado es hallado por la Polic\u00eda Morelia en la colonia Las Margaritas"},"content":{"rendered":"<p>RED 113 MICHOAC\u00c1N\/ Redacci\u00f3n<\/p>\n<p>Morelia, Mich.- Mi\u00e9rcoles 02 de septiembre de 2026.- Un autom\u00f3vil robado fue localizado por elementos de la Polic\u00eda Morelia en la colonia Las Margaritas, inform\u00f3 la Secretar\u00eda de Seguridad y Protecci\u00f3n Ciudadana Municipal (SSPCM).<\/p>\n<p>La dependencia no dio a conocer la calle donde fue encontrada la unidad; \u00fanicamente indic\u00f3 que se trata de un veh\u00edculo marca Nissan Tsuru, color blanco.<\/p>\n<p>Los oficiales inspeccionaron el automotor y, tras confirmar que contaba con reporte de robo vigente, procedieron a su aseguramiento y lo pusieron a disposici\u00f3n de la autoridad competente para continuar con las actuaciones respectivas.<\/p>\n<p><img loading=\"lazy\" decoding=\"async\" class=\"alignnone size-medium wp-image-98797\" src=\"https:\/\/medianews.mx\/wp-content\/uploads\/2026\/09\/WhatsApp-Image-2026-09-02-at-9.16.49-AM-300x138.jpeg\" alt=\"\" width=\"300\" height=\"138\" srcset=\"https:\/\/medianews.mx\/wp-content\/uploads\/2026\/09\/WhatsApp-Image-2026-09-02-at-9.16.49-AM-300x138.jpeg 300w, https:\/\/medianews.mx\/wp-content\/uploads\/2026\/09\/WhatsApp-Image-2026-09-02-at-9.16.49-AM-1024x473.jpeg 1024w, https:\/\/medianews.mx\/wp-content\/uploads\/2026\/09\/WhatsApp-Image-2026-09-02-at-9.16.49-AM-768x354.jpeg 768w, https:\/\/medianews.mx\/wp-content\/uploads\/2026\/09\/WhatsApp-Image-2026-09-02-at-9.16.49-AM-1536x709.jpeg 1536w, https:\/\/medianews.mx\/wp-content\/uploads\/2026\/09\/WhatsApp-Image-2026-09-02-at-9.16.49-AM-150x69.jpeg 150w, https:\/\/medianews.mx\/wp-content\/uploads\/2026\/09\/WhatsApp-Image-2026-09-02-at-9.16.49-AM-696x321.jpeg 696w, https:\/\/medianews.mx\/wp-content\/uploads\/2026\/09\/WhatsApp-Image-2026-09-02-at-9.16.49-AM-1068x493.jpeg 1068w, https:\/\/medianews.mx\/wp-content\/uploads\/2026\/09\/WhatsApp-Image-2026-09-02-at-9.16.49-AM-1920x886.jpeg 1920w, https:\/\/medianews.mx\/wp-content\/uploads\/2026\/09\/WhatsApp-Image-2026-09-02-at-9.16.49-AM.jpeg 2048w\" sizes=\"auto, (max-width: 300px) 100vw, 300px\" \/><\/p>\n","protected":false},"excerpt":{"rendered":"<p>RED 113 MICHOAC\u00c1N\/ Redacci\u00f3n Morelia, Mich.- Mi\u00e9rcoles 02 de septiembre de 2026.- Un autom\u00f3vil robado fue localizado por elementos de la Polic\u00eda Morelia en la colonia Las Margaritas, inform\u00f3 la Secretar\u00eda de Seguridad y Protecci\u00f3n Ciudadana Municipal (SSPCM). La dependencia no dio a conocer la calle donde fue encontrada la unidad; \u00fanicamente indic\u00f3 que se [&hellip;]<\/p>\n","protected":false},"author":2,"featured_media":98797,"comment_status":"closed","ping_status":"closed","sticky":false,"template":"","format":"standard","meta":{"om_disable_all_campaigns":false,"_monsterinsights_skip_tracking":false,"_uf_show_specific_survey":0,"_uf_disable_surveys":false,"_jetpack_memberships_contains_paid_content":false,"footnotes":"","jetpack_publicize_message":"Auto robado es hallado por la Polic\u00eda Morelia en la colonia Las Margaritas","jetpack_publicize_feature_enabled":true,"jetpack_social_post_already_shared":true,"jetpack_social_options":{"image_generator_settings":{"template":"highway","default_image_id":0,"enabled":false},"version":2}},"categories":[28],"tags":[],"class_list":["post-98796","post","type-post","status-publish","format-standard","has-post-thumbnail","category-moreliaseguridad"],"aioseo_notices":[],"jetpack_publicize_connections":[],"jetpack_featured_media_url":"https:\/\/medianews.mx\/wp-content\/uploads\/2026\/09\/WhatsApp-Image-2026-09-02-at-9.16.49-AM.jpeg","jetpack_sharing_enabled":true,"_links":{"self":[{"href":"https:\/\/medianews.mx\/index.php\/wp-json\/wp\/v2\/posts\/98796","targetHints":{"allow":["GET"]}}],"collection":[{"href":"https:\/\/medianews.mx\/index.php\/wp-json\/wp\/v2\/posts"}],"about":[{"href":"https:\/\/medianews.mx\/index.php\/wp-json\/wp\/v2\/types\/post"}],"author":[{"embeddable":true,"href":"https:\/\/medianews.mx\/index.php\/wp-json\/wp\/v2\/users\/2"}],"replies":[{"embeddable":true,"href":"https:\/\/medianews.mx\/index.php\/wp-json\/wp\/v2\/comments?post=98796"}],"version-history":[{"count":1,"href":"https:\/\/medianews.mx\/index.php\/wp-json\/wp\/v2\/posts\/98796\/revisions"}],"predecessor-version":[{"id":98798,"href":"https:\/\/medianews.mx\/index.php\/wp-json\/wp\/v2\/posts\/98796\/revisions\/98798"}],"wp:featuredmedia":[{"embeddable":true,"href":"https:\/\/medianews.mx\/index.php\/wp-json\/wp\/v2\/media\/98797"}],"wp:attachment":[{"href":"https:\/\/medianews.mx\/index.php\/wp-json\/wp\/v2\/media?parent=98796"}],"wp:term":[{"taxonomy":"category","embeddable":true,"href":"https:\/\/medianews.mx\/index.php\/wp-json\/wp\/v2\/categories?post=98796"},{"taxonomy":"post_tag","embeddable":true,"href":"https:\/\/medianews.mx\/index.php\/wp-json\/wp\/v2\/tags?post=98796"}],"curies":[{"name":"wp","href":"https:\/\/api.w.org\/{rel}","templated":true}]}}