{"id":98799,"date":"2026-09-02T09:49:12","date_gmt":"2026-09-02T15:49:12","guid":{"rendered":"https:\/\/medianews.mx\/?p=98799"},"modified":"2026-09-02T09:49:12","modified_gmt":"2026-09-02T15:49:12","slug":"segundo-informe-de-sheinbaum-consolida-un-gobierno-de-resultados-justicia-social-y-transformacion-torres-pina","status":"publish","type":"post","link":"https:\/\/medianews.mx\/index.php\/2026\/09\/02\/segundo-informe-de-sheinbaum-consolida-un-gobierno-de-resultados-justicia-social-y-transformacion-torres-pina\/","title":{"rendered":"Segundo informe de Sheinbaum consolida un gobierno de resultados, justicia social y transformaci\u00f3n: Torres Pi\u00f1a"},"content":{"rendered":"<p>Morelia, Michoac\u00e1n, 1 de septiembre de 2026.- Carlos Torres Pi\u00f1a, aspirante a la Coordinaci\u00f3n Estatal de Defensa de la Transformaci\u00f3n y la Soberan\u00eda, respald\u00f3 el Segundo Informe de Gobierno de la presidenta Claudia Sheinbaum Pardo y afirm\u00f3 que los resultados presentados confirman la continuidad, con fuerza, de un proyecto nacional que pone en el centro el bienestar, la seguridad, la justicia social y el desarrollo del pa\u00eds.<\/p>\n<p>Destac\u00f3, en primer lugar, los avances en seguridad, particularmente la reducci\u00f3n del 51 por ciento en el promedio diario de homicidios dolosos, as\u00ed como la disminuci\u00f3n de delitos como robo de veh\u00edculo, robo calificado y narcomenudeo.<\/p>\n<p>\u201cHay una estrategia que combina capacidad operativa, fortalecimiento institucional, atenci\u00f3n a las causas y presencia territorial. La seguridad sigue siendo uno de los grandes retos del pa\u00eds, pero hoy existen resultados concretos y una ruta definida para seguir avanzando\u201d, se\u00f1al\u00f3.<\/p>\n<p>Torres Pi\u00f1a subray\u00f3 tambi\u00e9n la pol\u00edtica social y educativa del Gobierno de M\u00e9xico, con la ampliaci\u00f3n de becas para estudiantes de secundaria, bachillerato y educaci\u00f3n superior, adem\u00e1s de la creaci\u00f3n de 156 mil nuevos espacios educativos.<\/p>\n<p>\u201cCuando una joven o un joven puede continuar estudiando porque cuenta con una beca, estamos hablando de una pol\u00edtica que cambia vidas. La educaci\u00f3n dej\u00f3 de entenderse como un privilegio y se est\u00e1 consolidando como un derecho\u201d, afirm\u00f3.<\/p>\n<p>Como tercer eje, reconoci\u00f3 las acciones dirigidas a las mujeres y a los pueblos originarios, desde la distribuci\u00f3n de m\u00e1s de 23 millones de Cartillas de Derechos de las Mujeres y el despliegue territorial para promover sus derechos, hasta el reconocimiento constitucional de los pueblos ind\u00edgenas y afromexicanos y la entrega de tierras a comunidades rurales.<\/p>\n<p>\u201cLa Transformaci\u00f3n tiene sentido cuando reconoce a quienes durante d\u00e9cadas fueron relegados y les garantiza derechos, participaci\u00f3n y condiciones reales de igualdad\u201d, sostuvo.<\/p>\n<p>Finalmente, el aspirante resalt\u00f3 el respaldo al campo y la inversi\u00f3n p\u00fablica como dos pilares del desarrollo nacional; record\u00f3 que los programas de bienestar alcanzan a cerca de 1.9 millones de campesinos, que se distribuyen fertilizantes a alrededor de dos millones de productores y que se fortalecen programas para peque\u00f1os y medianos agricultores, al tiempo que contin\u00faa la inversi\u00f3n en infraestructura, salud, vivienda, agua y soberan\u00eda energ\u00e9tica.<\/p>\n<p>\u201cEl Segundo Informe deja claro que M\u00e9xico tiene rumbo: producir m\u00e1s, recuperar derechos, fortalecer lo p\u00fablico y lograr que el crecimiento econ\u00f3mico se traduzca en bienestar para las familias. La presidenta Claudia Sheinbaum cuenta con nuestro respaldo para seguir construyendo el segundo piso de la Transformaci\u00f3n\u201d, concluy\u00f3.<\/p>\n<p><img loading=\"lazy\" decoding=\"async\" class=\"alignnone size-medium wp-image-98800\" src=\"https:\/\/medianews.mx\/wp-content\/uploads\/2026\/09\/WhatsApp-Image-2026-09-02-at-9.47.38-AM-300x200.jpeg\" alt=\"\" width=\"300\" height=\"200\" srcset=\"https:\/\/medianews.mx\/wp-content\/uploads\/2026\/09\/WhatsApp-Image-2026-09-02-at-9.47.38-AM-300x200.jpeg 300w, https:\/\/medianews.mx\/wp-content\/uploads\/2026\/09\/WhatsApp-Image-2026-09-02-at-9.47.38-AM-1024x682.jpeg 1024w, https:\/\/medianews.mx\/wp-content\/uploads\/2026\/09\/WhatsApp-Image-2026-09-02-at-9.47.38-AM-768x512.jpeg 768w, https:\/\/medianews.mx\/wp-content\/uploads\/2026\/09\/WhatsApp-Image-2026-09-02-at-9.47.38-AM-1536x1023.jpeg 1536w, https:\/\/medianews.mx\/wp-content\/uploads\/2026\/09\/WhatsApp-Image-2026-09-02-at-9.47.38-AM-150x100.jpeg 150w, https:\/\/medianews.mx\/wp-content\/uploads\/2026\/09\/WhatsApp-Image-2026-09-02-at-9.47.38-AM-696x464.jpeg 696w, https:\/\/medianews.mx\/wp-content\/uploads\/2026\/09\/WhatsApp-Image-2026-09-02-at-9.47.38-AM-1068x712.jpeg 1068w, https:\/\/medianews.mx\/wp-content\/uploads\/2026\/09\/WhatsApp-Image-2026-09-02-at-9.47.38-AM.jpeg 1600w\" sizes=\"auto, (max-width: 300px) 100vw, 300px\" \/><\/p>\n","protected":false},"excerpt":{"rendered":"<p>Morelia, Michoac\u00e1n, 1 de septiembre de 2026.- Carlos Torres Pi\u00f1a, aspirante a la Coordinaci\u00f3n Estatal de Defensa de la Transformaci\u00f3n y la Soberan\u00eda, respald\u00f3 el Segundo Informe de Gobierno de la presidenta Claudia Sheinbaum Pardo y afirm\u00f3 que los resultados presentados confirman la continuidad, con fuerza, de un proyecto nacional que pone en el centro [&hellip;]<\/p>\n","protected":false},"author":2,"featured_media":98800,"comment_status":"closed","ping_status":"closed","sticky":false,"template":"","format":"standard","meta":{"om_disable_all_campaigns":false,"_monsterinsights_skip_tracking":false,"_uf_show_specific_survey":0,"_uf_disable_surveys":false,"_jetpack_memberships_contains_paid_content":false,"footnotes":"","jetpack_publicize_message":"Segundo informe de Sheinbaum consolida un gobierno de resultados, justicia social y transformaci\u00f3n: Torres Pi\u00f1a","jetpack_publicize_feature_enabled":true,"jetpack_social_post_already_shared":true,"jetpack_social_options":{"image_generator_settings":{"template":"highway","default_image_id":0,"enabled":false},"version":2}},"categories":[63],"tags":[1279,143,1711,1308,90],"class_list":["post-98799","post","type-post","status-publish","format-standard","has-post-thumbnail","category-politica","tag-gobierno","tag-justicia-social","tag-segundo-informe","tag-sheinbaum","tag-torres-pina"],"aioseo_notices":[],"jetpack_publicize_connections":[],"jetpack_featured_media_url":"https:\/\/medianews.mx\/wp-content\/uploads\/2026\/09\/WhatsApp-Image-2026-09-02-at-9.47.38-AM.jpeg","jetpack_sharing_enabled":true,"_links":{"self":[{"href":"https:\/\/medianews.mx\/index.php\/wp-json\/wp\/v2\/posts\/98799","targetHints":{"allow":["GET"]}}],"collection":[{"href":"https:\/\/medianews.mx\/index.php\/wp-json\/wp\/v2\/posts"}],"about":[{"href":"https:\/\/medianews.mx\/index.php\/wp-json\/wp\/v2\/types\/post"}],"author":[{"embeddable":true,"href":"https:\/\/medianews.mx\/index.php\/wp-json\/wp\/v2\/users\/2"}],"replies":[{"embeddable":true,"href":"https:\/\/medianews.mx\/index.php\/wp-json\/wp\/v2\/comments?post=98799"}],"version-history":[{"count":1,"href":"https:\/\/medianews.mx\/index.php\/wp-json\/wp\/v2\/posts\/98799\/revisions"}],"predecessor-version":[{"id":98801,"href":"https:\/\/medianews.mx\/index.php\/wp-json\/wp\/v2\/posts\/98799\/revisions\/98801"}],"wp:featuredmedia":[{"embeddable":true,"href":"https:\/\/medianews.mx\/index.php\/wp-json\/wp\/v2\/media\/98800"}],"wp:attachment":[{"href":"https:\/\/medianews.mx\/index.php\/wp-json\/wp\/v2\/media?parent=98799"}],"wp:term":[{"taxonomy":"category","embeddable":true,"href":"https:\/\/medianews.mx\/index.php\/wp-json\/wp\/v2\/categories?post=98799"},{"taxonomy":"post_tag","embeddable":true,"href":"https:\/\/medianews.mx\/index.php\/wp-json\/wp\/v2\/tags?post=98799"}],"curies":[{"name":"wp","href":"https:\/\/api.w.org\/{rel}","templated":true}]}}