{"id":98802,"date":"2026-09-02T09:50:59","date_gmt":"2026-09-02T15:50:59","guid":{"rendered":"https:\/\/medianews.mx\/?p=98802"},"modified":"2026-09-02T09:50:59","modified_gmt":"2026-09-02T15:50:59","slug":"con-la-presidenta-claudia-sheinbaum-la-4t-transformo-el-amor-al-pueblo-en-derechos-y-politicas-publicas-fabiola-alanis","status":"publish","type":"post","link":"https:\/\/medianews.mx\/index.php\/2026\/09\/02\/con-la-presidenta-claudia-sheinbaum-la-4t-transformo-el-amor-al-pueblo-en-derechos-y-politicas-publicas-fabiola-alanis\/","title":{"rendered":"Con la presidenta Claudia Sheinbaum, la 4T transform\u00f3 el amor al pueblo en derechos y pol\u00edticas p\u00fablicas: Fabiola Alan\u00eds"},"content":{"rendered":"<p>Morelia, Michoac\u00e1n, a 2 de septiembre de 2026.- La Cuarta Transformaci\u00f3n ha demostrado que el amor al pueblo puede convertirse en pol\u00edtica p\u00fablica y que la pol\u00edtica p\u00fablica puede traducirse en derechos que pertenecen a todas y todos, afirm\u00f3 Fabiola Alan\u00eds al destacar los resultados del segundo a\u00f1o de gobierno de la presidenta Claudia Sheinbaum.<\/p>\n<p>La doctora en Ciencias Sociales se\u00f1al\u00f3 que detr\u00e1s de cada programa, reforma e inversi\u00f3n de la Transformaci\u00f3n existe una nueva concepci\u00f3n del poder p\u00fablico: gobernar para cuidar, garantizar derechos y mejorar la vida de las personas, particularmente de quienes durante d\u00e9cadas fueron relegados.<\/p>\n<p>\u201cComo lo dijo nuestra presidenta en su informe, la 4T ha convertido el amor en pol\u00edtica p\u00fablica y la pol\u00edtica p\u00fablica en derechos que pertenecen al pueblo de M\u00e9xico. No se trata solamente de entregar apoyos: se trata de reconocer que una pensi\u00f3n, una beca, una vivienda, el acceso a la salud o el derecho a vivir en paz son parte de una vida digna\u201d, afirm\u00f3.<\/p>\n<p>Fabiola Alan\u00eds destac\u00f3 que esta visi\u00f3n se refleja en reformas y pol\u00edticas que han cambiado la realidad de millones de mexicanas y mexicanos: el reconocimiento constitucional de nuevos derechos sociales, las pensiones para personas adultas mayores, los apoyos para mujeres, las becas para estudiantes y las pol\u00edticas dirigidas a personas con discapacidad, j\u00f3venes y trabajadores del campo.<\/p>\n<p>En Michoac\u00e1n, se\u00f1al\u00f3, esta transformaci\u00f3n tiene una expresi\u00f3n concreta: m\u00e1s de 1.68 millones de personas son beneficiarias de los Programas para el Bienestar, con una inversi\u00f3n prevista de 39 mil 800 millones de pesos durante 2026.<\/p>\n<p>Pero el compromiso federal, sostuvo, va mucho m\u00e1s all\u00e1 de los programas sociales.<br \/>\n\u201cEl Plan Michoac\u00e1n por la Paz y la Justicia demuestra que cuidar al pueblo tambi\u00e9n significa construir hospitales, carreteras, escuelas, infraestructura hidr\u00e1ulica y mejores condiciones de seguridad. Son m\u00e1s de 100 acciones y una inversi\u00f3n superior a 57 mil millones de pesos para atender de manera integral las necesidades de nuestro estado\u201d, se\u00f1al\u00f3.<\/p>\n<p>La fundadora de Morena destac\u00f3 que esta estrategia articula acciones de seguridad con desarrollo y bienestar: desde la construcci\u00f3n y fortalecimiento de hospitales y escuelas, hasta carreteras, caminos artesanales, obras de agua potable, recuperaci\u00f3n del Lago de P\u00e1tzcuaro y proyectos para fortalecer las capacidades productivas de Michoac\u00e1n.<\/p>\n<p>\u201cCuando el presupuesto se convierte en una vivienda para una familia, en una beca para que un joven contin\u00fae estudiando, en un hospital para una comunidad o en un camino que comunica a un pueblo, la pol\u00edtica p\u00fablica deja de ser una cifra y se convierte en bienestar. Eso es poner al pueblo en el centro\u201d, expres\u00f3.<\/p>\n<p>Fabiola Alan\u00eds refrend\u00f3 su respaldo a la presidenta Claudia Sheinbaum y afirm\u00f3 que el reto de esta nueva etapa es consolidar y profundizar la transformaci\u00f3n, para que los derechos conquistados alcancen a m\u00e1s personas y ninguna regi\u00f3n de Michoac\u00e1n quede fuera.<\/p>\n<p>\u201cEl amor al pueblo se demuestra con hechos. Y los hechos est\u00e1n ah\u00ed: derechos, bienestar, inversi\u00f3n, infraestructura y una estrategia integral para recuperar la paz. Por eso respaldamos a nuestra Presidenta y por eso tenemos que seguir construyendo una transformaci\u00f3n que le sirva a todas y todos\u201d, concluy\u00f3.<\/p>\n<p><img loading=\"lazy\" decoding=\"async\" class=\"alignnone size-medium wp-image-98803\" src=\"https:\/\/medianews.mx\/wp-content\/uploads\/2026\/09\/WhatsApp-Image-2026-09-02-at-9.48.29-AM-300x199.jpeg\" alt=\"\" width=\"300\" height=\"199\" srcset=\"https:\/\/medianews.mx\/wp-content\/uploads\/2026\/09\/WhatsApp-Image-2026-09-02-at-9.48.29-AM-300x199.jpeg 300w, https:\/\/medianews.mx\/wp-content\/uploads\/2026\/09\/WhatsApp-Image-2026-09-02-at-9.48.29-AM-1024x681.jpeg 1024w, https:\/\/medianews.mx\/wp-content\/uploads\/2026\/09\/WhatsApp-Image-2026-09-02-at-9.48.29-AM-768x511.jpeg 768w, https:\/\/medianews.mx\/wp-content\/uploads\/2026\/09\/WhatsApp-Image-2026-09-02-at-9.48.29-AM-150x100.jpeg 150w, https:\/\/medianews.mx\/wp-content\/uploads\/2026\/09\/WhatsApp-Image-2026-09-02-at-9.48.29-AM-696x463.jpeg 696w, https:\/\/medianews.mx\/wp-content\/uploads\/2026\/09\/WhatsApp-Image-2026-09-02-at-9.48.29-AM-1068x710.jpeg 1068w, https:\/\/medianews.mx\/wp-content\/uploads\/2026\/09\/WhatsApp-Image-2026-09-02-at-9.48.29-AM.jpeg 1280w\" sizes=\"auto, (max-width: 300px) 100vw, 300px\" \/><\/p>\n","protected":false},"excerpt":{"rendered":"<p>Morelia, Michoac\u00e1n, a 2 de septiembre de 2026.- La Cuarta Transformaci\u00f3n ha demostrado que el amor al pueblo puede convertirse en pol\u00edtica p\u00fablica y que la pol\u00edtica p\u00fablica puede traducirse en derechos que pertenecen a todas y todos, afirm\u00f3 Fabiola Alan\u00eds al destacar los resultados del segundo a\u00f1o de gobierno de la presidenta Claudia Sheinbaum. [&hellip;]<\/p>\n","protected":false},"author":2,"featured_media":98803,"comment_status":"closed","ping_status":"closed","sticky":false,"template":"","format":"standard","meta":{"om_disable_all_campaigns":false,"_monsterinsights_skip_tracking":false,"_uf_show_specific_survey":0,"_uf_disable_surveys":false,"_jetpack_memberships_contains_paid_content":false,"footnotes":"","jetpack_publicize_message":"Con la presidenta Claudia Sheinbaum, la 4T transform\u00f3 el amor al pueblo en derechos y pol\u00edticas p\u00fablicas: Fabiola Alan\u00eds\r\n\r\nEn Michoac\u00e1n, el bienestar, la vivienda, la salud, la educaci\u00f3n y el Plan Michoac\u00e1n por la Paz y la Justicia demuestran que gobernar tambi\u00e9n significa cuidar y transformar","jetpack_publicize_feature_enabled":true,"jetpack_social_post_already_shared":true,"jetpack_social_options":{"image_generator_settings":{"template":"highway","default_image_id":0,"enabled":false},"version":2}},"categories":[15],"tags":[156,1784,199,340,1785],"class_list":["post-98802","post","type-post","status-publish","format-standard","has-post-thumbnail","category-michoacan","tag-4t","tag-amor-al-pueblo","tag-claudia-sheinbaum","tag-fabiola-alanis","tag-politicas-publicas"],"aioseo_notices":[],"jetpack_publicize_connections":[],"jetpack_featured_media_url":"https:\/\/medianews.mx\/wp-content\/uploads\/2026\/09\/WhatsApp-Image-2026-09-02-at-9.48.29-AM.jpeg","jetpack_sharing_enabled":true,"_links":{"self":[{"href":"https:\/\/medianews.mx\/index.php\/wp-json\/wp\/v2\/posts\/98802","targetHints":{"allow":["GET"]}}],"collection":[{"href":"https:\/\/medianews.mx\/index.php\/wp-json\/wp\/v2\/posts"}],"about":[{"href":"https:\/\/medianews.mx\/index.php\/wp-json\/wp\/v2\/types\/post"}],"author":[{"embeddable":true,"href":"https:\/\/medianews.mx\/index.php\/wp-json\/wp\/v2\/users\/2"}],"replies":[{"embeddable":true,"href":"https:\/\/medianews.mx\/index.php\/wp-json\/wp\/v2\/comments?post=98802"}],"version-history":[{"count":1,"href":"https:\/\/medianews.mx\/index.php\/wp-json\/wp\/v2\/posts\/98802\/revisions"}],"predecessor-version":[{"id":98804,"href":"https:\/\/medianews.mx\/index.php\/wp-json\/wp\/v2\/posts\/98802\/revisions\/98804"}],"wp:featuredmedia":[{"embeddable":true,"href":"https:\/\/medianews.mx\/index.php\/wp-json\/wp\/v2\/media\/98803"}],"wp:attachment":[{"href":"https:\/\/medianews.mx\/index.php\/wp-json\/wp\/v2\/media?parent=98802"}],"wp:term":[{"taxonomy":"category","embeddable":true,"href":"https:\/\/medianews.mx\/index.php\/wp-json\/wp\/v2\/categories?post=98802"},{"taxonomy":"post_tag","embeddable":true,"href":"https:\/\/medianews.mx\/index.php\/wp-json\/wp\/v2\/tags?post=98802"}],"curies":[{"name":"wp","href":"https:\/\/api.w.org\/{rel}","templated":true}]}}