{"id":98805,"date":"2026-09-02T09:52:51","date_gmt":"2026-09-02T15:52:51","guid":{"rendered":"https:\/\/medianews.mx\/?p=98805"},"modified":"2026-09-02T09:52:51","modified_gmt":"2026-09-02T15:52:51","slug":"morelia-quiere-a-barragan-el-morenista-es-el-favorito-rumbo-a-la-alcaldia","status":"publish","type":"post","link":"https:\/\/medianews.mx\/index.php\/2026\/09\/02\/morelia-quiere-a-barragan-el-morenista-es-el-favorito-rumbo-a-la-alcaldia\/","title":{"rendered":"Morelia quiere a Barrag\u00e1n, el morenista es el favorito rumbo a la alcald\u00eda"},"content":{"rendered":"<p>Morelia, Michoac\u00e1n, a 2 de septiembre de 2026.- Juan Carlos Barrag\u00e1n encabeza las preferencias ciudadanas rumbo a la Presidencia Municipal de Morelia, de acuerdo con la reciente encuesta de Opini\u00f3n Morelia.<\/p>\n<p>La medici\u00f3n confirma adem\u00e1s que Morena se mantiene como la principal fuerza pol\u00edtica en Morelia, con 37% de las preferencias, muy por encima del PAN, que registra 25%.<\/p>\n<p>En las preferencias internas de Morena, Juan Carlos Barrag\u00e1n ocupa el primer lugar con 42%, seguido por Luis Navarro con 18%, mientras que Gladys Butanda y Ernesto N\u00fa\u00f1ez registran 11% cada uno y Giulianna Bugarini 10%.<\/p>\n<p>En el escenario de intenci\u00f3n de voto por persona, Juan Carlos Barrag\u00e1n encabeza con 39%, seguido por David Cort\u00e9s, del PAN, con 25%; Memo Valencia, del PRI, obtiene 10%; To\u00f1o Carre\u00f1o, de Movimiento Ciudadano, 8%; Chavo L\u00f3pez, independiente, 5%; Hugo Rangel, del PT, 4%; Ernesto N\u00fa\u00f1ez, del PVEM, 3%; y Araceli Saucedo, del PRD, 1%.<\/p>\n<p>El escenario de alianzas tambi\u00e9n favorece ampliamente a Barrag\u00e1n. Ante una candidatura com\u00fan de Morena, PT y PVEM encabezada por Juan Carlos Barrag\u00e1n, alcanza 44% de las preferencias, frente a 32% de David Cort\u00e9s, quien encabezar\u00eda la alianza PAN-PRI. Antonio Carre\u00f1o, de Movimiento Ciudadano, obtiene 9%, Salvador L\u00f3pez, como independiente, 5%; 4% no votar\u00eda por ninguno y 6% no sabe o no contest\u00f3.<\/p>\n<p>Mientras si la alianza de la oposici\u00f3n fuera encabezada por Guillermo Valencia este obtendr\u00eda 28%, sobre 48% de intenci\u00f3n de voto Barrag\u00e1n.<\/p>\n<p>La encuesta se levant\u00f3 en vivienda a personas mayores de edad con credencial de elector, los d\u00edas 28, 29 y 30 de agosto.<\/p>\n<p><img loading=\"lazy\" decoding=\"async\" class=\"alignnone size-medium wp-image-98806\" src=\"https:\/\/medianews.mx\/wp-content\/uploads\/2026\/09\/WhatsApp-Image-2026-09-02-at-9.48.48-AM-300x200.jpeg\" alt=\"\" width=\"300\" height=\"200\" srcset=\"https:\/\/medianews.mx\/wp-content\/uploads\/2026\/09\/WhatsApp-Image-2026-09-02-at-9.48.48-AM-300x200.jpeg 300w, https:\/\/medianews.mx\/wp-content\/uploads\/2026\/09\/WhatsApp-Image-2026-09-02-at-9.48.48-AM-1024x682.jpeg 1024w, https:\/\/medianews.mx\/wp-content\/uploads\/2026\/09\/WhatsApp-Image-2026-09-02-at-9.48.48-AM-768x512.jpeg 768w, https:\/\/medianews.mx\/wp-content\/uploads\/2026\/09\/WhatsApp-Image-2026-09-02-at-9.48.48-AM-1536x1023.jpeg 1536w, https:\/\/medianews.mx\/wp-content\/uploads\/2026\/09\/WhatsApp-Image-2026-09-02-at-9.48.48-AM-150x100.jpeg 150w, https:\/\/medianews.mx\/wp-content\/uploads\/2026\/09\/WhatsApp-Image-2026-09-02-at-9.48.48-AM-696x464.jpeg 696w, https:\/\/medianews.mx\/wp-content\/uploads\/2026\/09\/WhatsApp-Image-2026-09-02-at-9.48.48-AM-1068x712.jpeg 1068w, https:\/\/medianews.mx\/wp-content\/uploads\/2026\/09\/WhatsApp-Image-2026-09-02-at-9.48.48-AM.jpeg 1600w\" sizes=\"auto, (max-width: 300px) 100vw, 300px\" \/><\/p>\n","protected":false},"excerpt":{"rendered":"<p>Morelia, Michoac\u00e1n, a 2 de septiembre de 2026.- Juan Carlos Barrag\u00e1n encabeza las preferencias ciudadanas rumbo a la Presidencia Municipal de Morelia, de acuerdo con la reciente encuesta de Opini\u00f3n Morelia. La medici\u00f3n confirma adem\u00e1s que Morena se mantiene como la principal fuerza pol\u00edtica en Morelia, con 37% de las preferencias, muy por encima del [&hellip;]<\/p>\n","protected":false},"author":2,"featured_media":98806,"comment_status":"closed","ping_status":"closed","sticky":false,"template":"","format":"standard","meta":{"om_disable_all_campaigns":false,"_monsterinsights_skip_tracking":false,"_uf_show_specific_survey":0,"_uf_disable_surveys":false,"_jetpack_memberships_contains_paid_content":false,"footnotes":"","jetpack_publicize_message":"Morelia quiere a Barrag\u00e1n, el morenista es el favorito rumbo a la alcald\u00eda\r\n\r\nLa encuesta levantada por la empresa Opini\u00f3n Morelia coloca al morenista con el 42% de las preferencias en la interna de Morena","jetpack_publicize_feature_enabled":true,"jetpack_social_post_already_shared":true,"jetpack_social_options":{"image_generator_settings":{"template":"highway","default_image_id":0,"enabled":false},"version":2}},"categories":[17,63],"tags":[1787,1288,1788,51,1786],"class_list":["post-98805","post","type-post","status-publish","format-standard","has-post-thumbnail","category-morelia","category-politica","tag-alcaldia","tag-barragan","tag-favorito","tag-morelia","tag-morenista"],"aioseo_notices":[],"jetpack_publicize_connections":[],"jetpack_featured_media_url":"https:\/\/medianews.mx\/wp-content\/uploads\/2026\/09\/WhatsApp-Image-2026-09-02-at-9.48.48-AM.jpeg","jetpack_sharing_enabled":true,"_links":{"self":[{"href":"https:\/\/medianews.mx\/index.php\/wp-json\/wp\/v2\/posts\/98805","targetHints":{"allow":["GET"]}}],"collection":[{"href":"https:\/\/medianews.mx\/index.php\/wp-json\/wp\/v2\/posts"}],"about":[{"href":"https:\/\/medianews.mx\/index.php\/wp-json\/wp\/v2\/types\/post"}],"author":[{"embeddable":true,"href":"https:\/\/medianews.mx\/index.php\/wp-json\/wp\/v2\/users\/2"}],"replies":[{"embeddable":true,"href":"https:\/\/medianews.mx\/index.php\/wp-json\/wp\/v2\/comments?post=98805"}],"version-history":[{"count":1,"href":"https:\/\/medianews.mx\/index.php\/wp-json\/wp\/v2\/posts\/98805\/revisions"}],"predecessor-version":[{"id":98807,"href":"https:\/\/medianews.mx\/index.php\/wp-json\/wp\/v2\/posts\/98805\/revisions\/98807"}],"wp:featuredmedia":[{"embeddable":true,"href":"https:\/\/medianews.mx\/index.php\/wp-json\/wp\/v2\/media\/98806"}],"wp:attachment":[{"href":"https:\/\/medianews.mx\/index.php\/wp-json\/wp\/v2\/media?parent=98805"}],"wp:term":[{"taxonomy":"category","embeddable":true,"href":"https:\/\/medianews.mx\/index.php\/wp-json\/wp\/v2\/categories?post=98805"},{"taxonomy":"post_tag","embeddable":true,"href":"https:\/\/medianews.mx\/index.php\/wp-json\/wp\/v2\/tags?post=98805"}],"curies":[{"name":"wp","href":"https:\/\/api.w.org\/{rel}","templated":true}]}}