{"id":98808,"date":"2026-09-02T10:48:13","date_gmt":"2026-09-02T16:48:13","guid":{"rendered":"https:\/\/medianews.mx\/?p=98808"},"modified":"2026-09-02T10:48:13","modified_gmt":"2026-09-02T16:48:13","slug":"jornalero-muer-al-ser-arrollado-sobre-la-carretera-libre-uruapan-patzcuaro","status":"publish","type":"post","link":"https:\/\/medianews.mx\/index.php\/2026\/09\/02\/jornalero-muer-al-ser-arrollado-sobre-la-carretera-libre-uruapan-patzcuaro\/","title":{"rendered":"Jornalero muer al ser arrollado sobre la carretera \u00ablibre\u00bb Uruapan-P\u00e1tzcuaro"},"content":{"rendered":"<p>RED 113 MICHOAC\u00c1N\/Redacci\u00f3n<\/p>\n<p>Uruapan, Mich.- 02 de septiembre de 2026.- Un joven jornalero falleci\u00f3 debido a las graves lesiones que sufri\u00f3 al ser atropellado por una camioneta sobre la carretera \u00ablibre\u00bb Uruapan-P\u00e1tzcuaro, a la altura de Toreo El Bajo.<\/p>\n<p>Fue la ma\u00f1ana de este mi\u00e9rcoles, cuando el susodicho intent\u00f3 cruzar la vialidad, a unos metros del restaurante Delicias del Pac\u00edfico, momento en que fue arrollado y proyectado varios metros por una camioneta Chirey Tiggo, color rojo, con placas de esta entidad federativa.<\/p>\n<p>Algunos testigos notificaron los hechos al n\u00famero de emergencias 911 y al lugar se desplazaron param\u00e9dicos del DIF Municipal, quienes revisaron al sujeto, pero s\u00f3lo confirmaron que ya no ten\u00eda signos vitales; su identidad es desconocida hasta el momento \u00fanicamente se mencion\u00f3 que formaba parte de una cuadrilla de cortadores de aguacate que se encontraba en el lugar.<\/p>\n<p>Por su parte, elementos policiacos acordonaron la zona y solicitaron la intervenci\u00f3n de la Fiscal\u00eda Regional de Justicia para que realizaran las investigaciones correspondientes. Cabe se\u00f1alar que el conductor involucrado en el accidente esper\u00f3 la llegada de las autoridades.<\/p>\n<p><img loading=\"lazy\" decoding=\"async\" class=\"alignnone size-medium wp-image-98809\" src=\"https:\/\/medianews.mx\/wp-content\/uploads\/2026\/09\/WhatsApp-Image-2026-09-02-at-10.18.18-AM-1-300x206.jpeg\" alt=\"\" width=\"300\" height=\"206\" srcset=\"https:\/\/medianews.mx\/wp-content\/uploads\/2026\/09\/WhatsApp-Image-2026-09-02-at-10.18.18-AM-1-300x206.jpeg 300w, https:\/\/medianews.mx\/wp-content\/uploads\/2026\/09\/WhatsApp-Image-2026-09-02-at-10.18.18-AM-1-1024x704.jpeg 1024w, https:\/\/medianews.mx\/wp-content\/uploads\/2026\/09\/WhatsApp-Image-2026-09-02-at-10.18.18-AM-1-768x528.jpeg 768w, https:\/\/medianews.mx\/wp-content\/uploads\/2026\/09\/WhatsApp-Image-2026-09-02-at-10.18.18-AM-1-1536x1056.jpeg 1536w, https:\/\/medianews.mx\/wp-content\/uploads\/2026\/09\/WhatsApp-Image-2026-09-02-at-10.18.18-AM-1-150x103.jpeg 150w, https:\/\/medianews.mx\/wp-content\/uploads\/2026\/09\/WhatsApp-Image-2026-09-02-at-10.18.18-AM-1-218x150.jpeg 218w, https:\/\/medianews.mx\/wp-content\/uploads\/2026\/09\/WhatsApp-Image-2026-09-02-at-10.18.18-AM-1-696x479.jpeg 696w, https:\/\/medianews.mx\/wp-content\/uploads\/2026\/09\/WhatsApp-Image-2026-09-02-at-10.18.18-AM-1-1068x734.jpeg 1068w, https:\/\/medianews.mx\/wp-content\/uploads\/2026\/09\/WhatsApp-Image-2026-09-02-at-10.18.18-AM-1.jpeg 1600w\" sizes=\"auto, (max-width: 300px) 100vw, 300px\" \/> <img loading=\"lazy\" decoding=\"async\" class=\"alignnone size-medium wp-image-98810\" src=\"https:\/\/medianews.mx\/wp-content\/uploads\/2026\/09\/WhatsApp-Image-2026-09-02-at-10.18.18-AM-300x230.jpeg\" alt=\"\" width=\"300\" height=\"230\" srcset=\"https:\/\/medianews.mx\/wp-content\/uploads\/2026\/09\/WhatsApp-Image-2026-09-02-at-10.18.18-AM-300x230.jpeg 300w, https:\/\/medianews.mx\/wp-content\/uploads\/2026\/09\/WhatsApp-Image-2026-09-02-at-10.18.18-AM-1024x784.jpeg 1024w, https:\/\/medianews.mx\/wp-content\/uploads\/2026\/09\/WhatsApp-Image-2026-09-02-at-10.18.18-AM-768x588.jpeg 768w, https:\/\/medianews.mx\/wp-content\/uploads\/2026\/09\/WhatsApp-Image-2026-09-02-at-10.18.18-AM-1536x1176.jpeg 1536w, https:\/\/medianews.mx\/wp-content\/uploads\/2026\/09\/WhatsApp-Image-2026-09-02-at-10.18.18-AM-150x115.jpeg 150w, https:\/\/medianews.mx\/wp-content\/uploads\/2026\/09\/WhatsApp-Image-2026-09-02-at-10.18.18-AM-696x533.jpeg 696w, https:\/\/medianews.mx\/wp-content\/uploads\/2026\/09\/WhatsApp-Image-2026-09-02-at-10.18.18-AM-1068x818.jpeg 1068w, https:\/\/medianews.mx\/wp-content\/uploads\/2026\/09\/WhatsApp-Image-2026-09-02-at-10.18.18-AM.jpeg 1600w\" sizes=\"auto, (max-width: 300px) 100vw, 300px\" \/><\/p>\n","protected":false},"excerpt":{"rendered":"<p>RED 113 MICHOAC\u00c1N\/Redacci\u00f3n Uruapan, Mich.- 02 de septiembre de 2026.- Un joven jornalero falleci\u00f3 debido a las graves lesiones que sufri\u00f3 al ser atropellado por una camioneta sobre la carretera \u00ablibre\u00bb Uruapan-P\u00e1tzcuaro, a la altura de Toreo El Bajo. Fue la ma\u00f1ana de este mi\u00e9rcoles, cuando el susodicho intent\u00f3 cruzar la vialidad, a unos metros [&hellip;]<\/p>\n","protected":false},"author":2,"featured_media":98810,"comment_status":"closed","ping_status":"closed","sticky":false,"template":"","format":"standard","meta":{"om_disable_all_campaigns":false,"_monsterinsights_skip_tracking":false,"_uf_show_specific_survey":0,"_uf_disable_surveys":false,"_jetpack_memberships_contains_paid_content":false,"footnotes":"","jetpack_publicize_message":"Jornalero muer al ser arrollado sobre la carretera \"libre\" Uruapan-P\u00e1tzcuaro","jetpack_publicize_feature_enabled":true,"jetpack_social_post_already_shared":true,"jetpack_social_options":{"image_generator_settings":{"template":"highway","default_image_id":0,"enabled":false},"version":2}},"categories":[36],"tags":[],"class_list":["post-98808","post","type-post","status-publish","format-standard","has-post-thumbnail","category-michoacanseguridad"],"aioseo_notices":[],"jetpack_publicize_connections":[],"jetpack_featured_media_url":"https:\/\/medianews.mx\/wp-content\/uploads\/2026\/09\/WhatsApp-Image-2026-09-02-at-10.18.18-AM.jpeg","jetpack_sharing_enabled":true,"_links":{"self":[{"href":"https:\/\/medianews.mx\/index.php\/wp-json\/wp\/v2\/posts\/98808","targetHints":{"allow":["GET"]}}],"collection":[{"href":"https:\/\/medianews.mx\/index.php\/wp-json\/wp\/v2\/posts"}],"about":[{"href":"https:\/\/medianews.mx\/index.php\/wp-json\/wp\/v2\/types\/post"}],"author":[{"embeddable":true,"href":"https:\/\/medianews.mx\/index.php\/wp-json\/wp\/v2\/users\/2"}],"replies":[{"embeddable":true,"href":"https:\/\/medianews.mx\/index.php\/wp-json\/wp\/v2\/comments?post=98808"}],"version-history":[{"count":1,"href":"https:\/\/medianews.mx\/index.php\/wp-json\/wp\/v2\/posts\/98808\/revisions"}],"predecessor-version":[{"id":98811,"href":"https:\/\/medianews.mx\/index.php\/wp-json\/wp\/v2\/posts\/98808\/revisions\/98811"}],"wp:featuredmedia":[{"embeddable":true,"href":"https:\/\/medianews.mx\/index.php\/wp-json\/wp\/v2\/media\/98810"}],"wp:attachment":[{"href":"https:\/\/medianews.mx\/index.php\/wp-json\/wp\/v2\/media?parent=98808"}],"wp:term":[{"taxonomy":"category","embeddable":true,"href":"https:\/\/medianews.mx\/index.php\/wp-json\/wp\/v2\/categories?post=98808"},{"taxonomy":"post_tag","embeddable":true,"href":"https:\/\/medianews.mx\/index.php\/wp-json\/wp\/v2\/tags?post=98808"}],"curies":[{"name":"wp","href":"https:\/\/api.w.org\/{rel}","templated":true}]}}