{"id":98817,"date":"2026-09-02T11:05:51","date_gmt":"2026-09-02T17:05:51","guid":{"rendered":"https:\/\/medianews.mx\/?p=98817"},"modified":"2026-09-02T11:05:51","modified_gmt":"2026-09-02T17:05:51","slug":"camioneta-arde-en-llamas-a-la-orilla-de-la-carretera-purepero-tlazazalca","status":"publish","type":"post","link":"https:\/\/medianews.mx\/index.php\/2026\/09\/02\/camioneta-arde-en-llamas-a-la-orilla-de-la-carretera-purepero-tlazazalca\/","title":{"rendered":"Camioneta arde en llamas a la orilla de la carretera Pur\u00e9pero-Tlazazalca"},"content":{"rendered":"<p>RED 113 MICHOAC\u00c1N\/ Redacci\u00f3n<\/p>\n<p>Pur\u00e9pero, Mich.- Mi\u00e9rcoles 02 de septiembre de 2026.- Una camioneta Grand Cherokee fue localizada completamente incendiada a la orilla de la carretera Pur\u00e9pero-Tlazazalca, a la altura del Barrio del Cerrillo, informaron autoridades policiales y de rescate.<\/p>\n<p>Las fuentes indicaron que dentro de la citada unidad no hab\u00eda personas y hasta el momento se desconoce c\u00f3mo se origin\u00f3 el fuego. Fue durante la ma\u00f1ana de este mi\u00e9rcoles cuando unos automovilistas reportaron el referido automotor al n\u00famero de emergencias 911.<\/p>\n<p>Posteriormente acudieron patrulleros y bomberos municipales de Pur\u00e9pero, quienes sofocaron las llamas, sin embargo, el veh\u00edculo termin\u00f3 calcinado, el cual portaba las placas PKA-844-D.<\/p>\n<p>Los oficiales pidieron el apoyo de una gr\u00faa, la cual retir\u00f3 los restos de la camioneta y los llev\u00f3 a un corral\u00f3n. Las instancias competentes se encargaron de las investigaciones respectivas.<\/p>\n<p><img loading=\"lazy\" decoding=\"async\" class=\"alignnone size-medium wp-image-98819\" src=\"https:\/\/medianews.mx\/wp-content\/uploads\/2026\/09\/WhatsApp-Image-2026-09-02-at-11.00.24-AM-1-300x159.jpeg\" alt=\"\" width=\"300\" height=\"159\" srcset=\"https:\/\/medianews.mx\/wp-content\/uploads\/2026\/09\/WhatsApp-Image-2026-09-02-at-11.00.24-AM-1-300x159.jpeg 300w, https:\/\/medianews.mx\/wp-content\/uploads\/2026\/09\/WhatsApp-Image-2026-09-02-at-11.00.24-AM-1-1024x542.jpeg 1024w, https:\/\/medianews.mx\/wp-content\/uploads\/2026\/09\/WhatsApp-Image-2026-09-02-at-11.00.24-AM-1-768x406.jpeg 768w, https:\/\/medianews.mx\/wp-content\/uploads\/2026\/09\/WhatsApp-Image-2026-09-02-at-11.00.24-AM-1-1536x812.jpeg 1536w, https:\/\/medianews.mx\/wp-content\/uploads\/2026\/09\/WhatsApp-Image-2026-09-02-at-11.00.24-AM-1-150x79.jpeg 150w, https:\/\/medianews.mx\/wp-content\/uploads\/2026\/09\/WhatsApp-Image-2026-09-02-at-11.00.24-AM-1-696x368.jpeg 696w, https:\/\/medianews.mx\/wp-content\/uploads\/2026\/09\/WhatsApp-Image-2026-09-02-at-11.00.24-AM-1-1068x565.jpeg 1068w, https:\/\/medianews.mx\/wp-content\/uploads\/2026\/09\/WhatsApp-Image-2026-09-02-at-11.00.24-AM-1-1920x1015.jpeg 1920w, https:\/\/medianews.mx\/wp-content\/uploads\/2026\/09\/WhatsApp-Image-2026-09-02-at-11.00.24-AM-1.jpeg 2042w\" sizes=\"auto, (max-width: 300px) 100vw, 300px\" \/><\/p>\n","protected":false},"excerpt":{"rendered":"<p>RED 113 MICHOAC\u00c1N\/ Redacci\u00f3n Pur\u00e9pero, Mich.- Mi\u00e9rcoles 02 de septiembre de 2026.- Una camioneta Grand Cherokee fue localizada completamente incendiada a la orilla de la carretera Pur\u00e9pero-Tlazazalca, a la altura del Barrio del Cerrillo, informaron autoridades policiales y de rescate. Las fuentes indicaron que dentro de la citada unidad no hab\u00eda personas y hasta el [&hellip;]<\/p>\n","protected":false},"author":2,"featured_media":98819,"comment_status":"closed","ping_status":"closed","sticky":false,"template":"","format":"standard","meta":{"om_disable_all_campaigns":false,"_monsterinsights_skip_tracking":false,"_uf_show_specific_survey":0,"_uf_disable_surveys":false,"_jetpack_memberships_contains_paid_content":false,"footnotes":"","jetpack_publicize_message":"Camioneta arde en llamas a la orilla de la carretera Pur\u00e9pero-Tlazazalca\r\n\r\n  + \u00danicamente hubo da\u00f1os materiales.","jetpack_publicize_feature_enabled":true,"jetpack_social_post_already_shared":true,"jetpack_social_options":{"image_generator_settings":{"template":"highway","default_image_id":0,"enabled":false},"version":2}},"categories":[15],"tags":[1046,205,237,1790,1789],"class_list":["post-98817","post","type-post","status-publish","format-standard","has-post-thumbnail","category-michoacan","tag-arde","tag-camioneta","tag-carretera","tag-llamas","tag-purepero-tlazazalca"],"aioseo_notices":[],"jetpack_publicize_connections":[],"jetpack_featured_media_url":"https:\/\/medianews.mx\/wp-content\/uploads\/2026\/09\/WhatsApp-Image-2026-09-02-at-11.00.24-AM-1.jpeg","jetpack_sharing_enabled":true,"_links":{"self":[{"href":"https:\/\/medianews.mx\/index.php\/wp-json\/wp\/v2\/posts\/98817","targetHints":{"allow":["GET"]}}],"collection":[{"href":"https:\/\/medianews.mx\/index.php\/wp-json\/wp\/v2\/posts"}],"about":[{"href":"https:\/\/medianews.mx\/index.php\/wp-json\/wp\/v2\/types\/post"}],"author":[{"embeddable":true,"href":"https:\/\/medianews.mx\/index.php\/wp-json\/wp\/v2\/users\/2"}],"replies":[{"embeddable":true,"href":"https:\/\/medianews.mx\/index.php\/wp-json\/wp\/v2\/comments?post=98817"}],"version-history":[{"count":1,"href":"https:\/\/medianews.mx\/index.php\/wp-json\/wp\/v2\/posts\/98817\/revisions"}],"predecessor-version":[{"id":98820,"href":"https:\/\/medianews.mx\/index.php\/wp-json\/wp\/v2\/posts\/98817\/revisions\/98820"}],"wp:featuredmedia":[{"embeddable":true,"href":"https:\/\/medianews.mx\/index.php\/wp-json\/wp\/v2\/media\/98819"}],"wp:attachment":[{"href":"https:\/\/medianews.mx\/index.php\/wp-json\/wp\/v2\/media?parent=98817"}],"wp:term":[{"taxonomy":"category","embeddable":true,"href":"https:\/\/medianews.mx\/index.php\/wp-json\/wp\/v2\/categories?post=98817"},{"taxonomy":"post_tag","embeddable":true,"href":"https:\/\/medianews.mx\/index.php\/wp-json\/wp\/v2\/tags?post=98817"}],"curies":[{"name":"wp","href":"https:\/\/api.w.org\/{rel}","templated":true}]}}