{"id":98828,"date":"2026-09-02T19:00:59","date_gmt":"2026-09-03T01:00:59","guid":{"rendered":"https:\/\/medianews.mx\/?p=98828"},"modified":"2026-09-02T19:00:59","modified_gmt":"2026-09-03T01:00:59","slug":"mas-ingresos-mayor-bienestar-para-las-familias-gaby-molina","status":"publish","type":"post","link":"https:\/\/medianews.mx\/index.php\/2026\/09\/02\/mas-ingresos-mayor-bienestar-para-las-familias-gaby-molina\/","title":{"rendered":"M\u00e1s ingresos, mayor bienestar para las familias: Gaby Molina"},"content":{"rendered":"<p>Morelia, Michoac\u00e1n, a 2 de septiembre de 2026.<br \/>\nGaby Molina destac\u00f3 los resultados econ\u00f3micos presentados por la presidenta Claudia Sheinbaum Pardo en su Segundo Informe de Gobierno y afirm\u00f3 que la Transformaci\u00f3n se refleja en mejores ingresos, empleo, estabilidad de precios y bienestar para las familias mexicanas.<\/p>\n<p>Se\u00f1al\u00f3 que uno de los principales avances es el incremento del salario m\u00ednimo, que pas\u00f3 de 2 mil 800 pesos mensuales en 2018 a 9 mil 282 pesos en 2026, un aumento real de 154 por ciento, mientras que el salario promedio de la econom\u00eda formal lleg\u00f3 a un m\u00e1ximo hist\u00f3rico de 20 mil 212 pesos.<\/p>\n<p>Adem\u00e1s destac\u00f3 la morenista se han aprobado reformas que han permitido mejores condiciones para el sector trabajador, como la reforma para reducir a 40 horas la jornada laboral para el 2030. Los trabajadores de las aplicaciones tienen ya seguridad social y se garantiz\u00f3 el reparto de utilidades.<\/p>\n<p>La aspirante a coordinar la Defensa de la Transformaci\u00f3n y la Soberan\u00eda Nacional resalt\u00f3 que en el Gobierno de Claudia Sheinbaum, M\u00e9xico alcanz\u00f3 60 millones de personas ocupadas y una tasa de desempleo de 2.7 por ciento al cierre de agosto.<\/p>\n<p>En materia de precios, reconoci\u00f3 que no aument\u00f3 la gasolina regular ni del di\u00e9sel, mientras que 24 productos de la canasta b\u00e1sica registraron una reducci\u00f3n de 12 por ciento en t\u00e9rminos reales. A ello se suma una inflaci\u00f3n con tendencia a la baja y la estabilidad del peso, que se mantiene alrededor de los 17 pesos por d\u00f3lar.<\/p>\n<p>La exsecretaria de Educaci\u00f3n afirm\u00f3 que estos resultados se complementan con una Inversi\u00f3n Extranjera Directa cercana a 35 mil millones de d\u00f3lares durante el primer semestre de 2026, un crecimiento de 1.4 por ciento del PIB en el segundo trimestre y un aumento anual de 1.9 por ciento, indicadores que muestran una econom\u00eda que mantiene estabilidad y capacidad para generar bienestar.<\/p>\n<p><img loading=\"lazy\" decoding=\"async\" class=\"alignnone size-medium wp-image-98829\" src=\"https:\/\/medianews.mx\/wp-content\/uploads\/2026\/09\/nota-300x226.jpeg\" alt=\"\" width=\"300\" height=\"226\" srcset=\"https:\/\/medianews.mx\/wp-content\/uploads\/2026\/09\/nota-300x226.jpeg 300w, https:\/\/medianews.mx\/wp-content\/uploads\/2026\/09\/nota-1024x773.jpeg 1024w, https:\/\/medianews.mx\/wp-content\/uploads\/2026\/09\/nota-768x580.jpeg 768w, https:\/\/medianews.mx\/wp-content\/uploads\/2026\/09\/nota-150x113.jpeg 150w, https:\/\/medianews.mx\/wp-content\/uploads\/2026\/09\/nota-696x525.jpeg 696w, https:\/\/medianews.mx\/wp-content\/uploads\/2026\/09\/nota-1068x806.jpeg 1068w, https:\/\/medianews.mx\/wp-content\/uploads\/2026\/09\/nota.jpeg 1280w\" sizes=\"auto, (max-width: 300px) 100vw, 300px\" \/><\/p>\n","protected":false},"excerpt":{"rendered":"<p>Morelia, Michoac\u00e1n, a 2 de septiembre de 2026. Gaby Molina destac\u00f3 los resultados econ\u00f3micos presentados por la presidenta Claudia Sheinbaum Pardo en su Segundo Informe de Gobierno y afirm\u00f3 que la Transformaci\u00f3n se refleja en mejores ingresos, empleo, estabilidad de precios y bienestar para las familias mexicanas. Se\u00f1al\u00f3 que uno de los principales avances es [&hellip;]<\/p>\n","protected":false},"author":2,"featured_media":98829,"comment_status":"closed","ping_status":"closed","sticky":false,"template":"","format":"standard","meta":{"om_disable_all_campaigns":false,"_monsterinsights_skip_tracking":false,"_uf_show_specific_survey":0,"_uf_disable_surveys":false,"_jetpack_memberships_contains_paid_content":false,"footnotes":"","jetpack_publicize_message":"M\u00e1s ingresos, mayor bienestar para las familias: Gaby Molina\r\n\r\nLa aspirante reconoci\u00f3 los avances econ\u00f3micos del Gobierno de Claudia Sheinbaum y su efecto en el bienestar cotidiano.","jetpack_publicize_feature_enabled":true,"jetpack_social_post_already_shared":true,"jetpack_social_options":{"image_generator_settings":{"template":"highway","default_image_id":0,"enabled":false},"version":2}},"categories":[15,63],"tags":[],"class_list":["post-98828","post","type-post","status-publish","format-standard","has-post-thumbnail","category-michoacan","category-politica"],"aioseo_notices":[],"jetpack_publicize_connections":[],"jetpack_featured_media_url":"https:\/\/medianews.mx\/wp-content\/uploads\/2026\/09\/nota.jpeg","jetpack_sharing_enabled":true,"_links":{"self":[{"href":"https:\/\/medianews.mx\/index.php\/wp-json\/wp\/v2\/posts\/98828","targetHints":{"allow":["GET"]}}],"collection":[{"href":"https:\/\/medianews.mx\/index.php\/wp-json\/wp\/v2\/posts"}],"about":[{"href":"https:\/\/medianews.mx\/index.php\/wp-json\/wp\/v2\/types\/post"}],"author":[{"embeddable":true,"href":"https:\/\/medianews.mx\/index.php\/wp-json\/wp\/v2\/users\/2"}],"replies":[{"embeddable":true,"href":"https:\/\/medianews.mx\/index.php\/wp-json\/wp\/v2\/comments?post=98828"}],"version-history":[{"count":1,"href":"https:\/\/medianews.mx\/index.php\/wp-json\/wp\/v2\/posts\/98828\/revisions"}],"predecessor-version":[{"id":98830,"href":"https:\/\/medianews.mx\/index.php\/wp-json\/wp\/v2\/posts\/98828\/revisions\/98830"}],"wp:featuredmedia":[{"embeddable":true,"href":"https:\/\/medianews.mx\/index.php\/wp-json\/wp\/v2\/media\/98829"}],"wp:attachment":[{"href":"https:\/\/medianews.mx\/index.php\/wp-json\/wp\/v2\/media?parent=98828"}],"wp:term":[{"taxonomy":"category","embeddable":true,"href":"https:\/\/medianews.mx\/index.php\/wp-json\/wp\/v2\/categories?post=98828"},{"taxonomy":"post_tag","embeddable":true,"href":"https:\/\/medianews.mx\/index.php\/wp-json\/wp\/v2\/tags?post=98828"}],"curies":[{"name":"wp","href":"https:\/\/api.w.org\/{rel}","templated":true}]}}