{"id":98832,"date":"2026-09-02T19:10:49","date_gmt":"2026-09-03T01:10:49","guid":{"rendered":"https:\/\/medianews.mx\/?p=98832"},"modified":"2026-09-02T19:24:14","modified_gmt":"2026-09-03T01:24:14","slug":"mad-de-mil-nicolaitas-aplicaron-el-examen-general-de-ingreso-de-la-licenciatura","status":"publish","type":"post","link":"https:\/\/medianews.mx\/index.php\/2026\/09\/02\/mad-de-mil-nicolaitas-aplicaron-el-examen-general-de-ingreso-de-la-licenciatura\/","title":{"rendered":"M\u00e1s de mil nicolaitas aplicaron el examen general de ingreso de la licenciatura"},"content":{"rendered":"<p>Morelia, Michoac\u00e1n, a 02 de septiembre de 2026.- Teniendo como sede la Universidad Michoacana de San Nicol\u00e1s de Hidalgo (UMSNH) se llev\u00f3 a cabo la segunda aplicaci\u00f3n institucional del presente a\u00f1o correspondiente al Examen General de Egreso de la Licenciatura (EGEL) del Centro Nacional de Evaluaci\u00f3n para la Educaci\u00f3n Superior (Ceneval), en la que participaron mil 83 egresadas y egresados de 19 diferentes programas acad\u00e9micos.<\/p>\n<p>La evaluaci\u00f3n se realiz\u00f3 en las instalaciones de la Escuela de Estudios Superiores Interdisciplinarios (EESI) de la M\u00e1xima Casa de Estudios, donde las y los participantes tuvieron la oportunidad de acreditar los conocimientos y habilidades adquiridos durante su formaci\u00f3n profesional mediante un instrumento externo, objetivo y estandarizado, siendo Medicina Veterinaria y Zootecnia, T\u00e9cnico en Enfermer\u00eda y Cirujano Dentista, los programas con mayor n\u00famero de sustentantes.<\/p>\n<p>Al respecto, el secretario Acad\u00e9mico, Antonio Ramos Paz, precis\u00f3 que resultados del EGEL constituyen una herramienta de utilidad para las y los egresados, as\u00ed como para los programas educativos y la propia instituci\u00f3n, ya que permiten identificar fortalezas y \u00e1reas de oportunidad en la formaci\u00f3n acad\u00e9mica, adem\u00e1s de comparar el desempe\u00f1o de las y los sustentantes con referentes nacionales.<\/p>\n<p>Asimismo, coment\u00f3 que, la informaci\u00f3n obtenida contribuye a verificar el cumplimiento del perfil de egreso y proporciona elementos para fortalecer y actualizar los planes y programas de estudio con fines de acreditaci\u00f3n de los programas educativos, al permitir dar seguimiento al desempe\u00f1o de distintas generaciones y reconocer los resultados sobresalientes de las y los egresados.<\/p>\n<p>En materia de titulaci\u00f3n, el funcionario indic\u00f3 que, la acreditaci\u00f3n del EGEL constituye, de acuerdo con la normativa institucional, una excelente alternativa para que las y los egresados obtengan su t\u00edtulo profesional, documento indispensable para incorporarse al campo laboral y ejercer su profesi\u00f3n.<\/p>\n<p><img loading=\"lazy\" decoding=\"async\" class=\"alignnone size-medium wp-image-98833\" src=\"https:\/\/medianews.mx\/wp-content\/uploads\/2026\/09\/notas-cu-300x225.jpeg\" alt=\"\" width=\"300\" height=\"225\" srcset=\"https:\/\/medianews.mx\/wp-content\/uploads\/2026\/09\/notas-cu-300x225.jpeg 300w, https:\/\/medianews.mx\/wp-content\/uploads\/2026\/09\/notas-cu-1024x768.jpeg 1024w, https:\/\/medianews.mx\/wp-content\/uploads\/2026\/09\/notas-cu-768x576.jpeg 768w, https:\/\/medianews.mx\/wp-content\/uploads\/2026\/09\/notas-cu-150x113.jpeg 150w, https:\/\/medianews.mx\/wp-content\/uploads\/2026\/09\/notas-cu-696x522.jpeg 696w, https:\/\/medianews.mx\/wp-content\/uploads\/2026\/09\/notas-cu-1068x801.jpeg 1068w, https:\/\/medianews.mx\/wp-content\/uploads\/2026\/09\/notas-cu.jpeg 1280w\" sizes=\"auto, (max-width: 300px) 100vw, 300px\" \/> <img loading=\"lazy\" decoding=\"async\" class=\"alignnone size-medium wp-image-98834\" src=\"https:\/\/medianews.mx\/wp-content\/uploads\/2026\/09\/notas-cu2--300x225.jpeg\" alt=\"\" width=\"300\" height=\"225\" srcset=\"https:\/\/medianews.mx\/wp-content\/uploads\/2026\/09\/notas-cu2--300x225.jpeg 300w, https:\/\/medianews.mx\/wp-content\/uploads\/2026\/09\/notas-cu2--1024x769.jpeg 1024w, https:\/\/medianews.mx\/wp-content\/uploads\/2026\/09\/notas-cu2--768x576.jpeg 768w, https:\/\/medianews.mx\/wp-content\/uploads\/2026\/09\/notas-cu2--1536x1153.jpeg 1536w, https:\/\/medianews.mx\/wp-content\/uploads\/2026\/09\/notas-cu2--150x113.jpeg 150w, https:\/\/medianews.mx\/wp-content\/uploads\/2026\/09\/notas-cu2--696x522.jpeg 696w, https:\/\/medianews.mx\/wp-content\/uploads\/2026\/09\/notas-cu2--1068x802.jpeg 1068w, https:\/\/medianews.mx\/wp-content\/uploads\/2026\/09\/notas-cu2-.jpeg 1600w\" sizes=\"auto, (max-width: 300px) 100vw, 300px\" \/> <img loading=\"lazy\" decoding=\"async\" class=\"alignnone size-medium wp-image-98835\" src=\"https:\/\/medianews.mx\/wp-content\/uploads\/2026\/09\/cu3-300x174.jpeg\" alt=\"\" width=\"300\" height=\"174\" srcset=\"https:\/\/medianews.mx\/wp-content\/uploads\/2026\/09\/cu3-300x174.jpeg 300w, https:\/\/medianews.mx\/wp-content\/uploads\/2026\/09\/cu3-1024x595.jpeg 1024w, https:\/\/medianews.mx\/wp-content\/uploads\/2026\/09\/cu3-768x446.jpeg 768w, https:\/\/medianews.mx\/wp-content\/uploads\/2026\/09\/cu3-150x87.jpeg 150w, https:\/\/medianews.mx\/wp-content\/uploads\/2026\/09\/cu3-696x404.jpeg 696w, https:\/\/medianews.mx\/wp-content\/uploads\/2026\/09\/cu3-1068x620.jpeg 1068w, https:\/\/medianews.mx\/wp-content\/uploads\/2026\/09\/cu3.jpeg 1200w\" sizes=\"auto, (max-width: 300px) 100vw, 300px\" \/><\/p>\n","protected":false},"excerpt":{"rendered":"<p>Morelia, Michoac\u00e1n, a 02 de septiembre de 2026.- Teniendo como sede la Universidad Michoacana de San Nicol\u00e1s de Hidalgo (UMSNH) se llev\u00f3 a cabo la segunda aplicaci\u00f3n institucional del presente a\u00f1o correspondiente al Examen General de Egreso de la Licenciatura (EGEL) del Centro Nacional de Evaluaci\u00f3n para la Educaci\u00f3n Superior (Ceneval), en la que participaron [&hellip;]<\/p>\n","protected":false},"author":2,"featured_media":98835,"comment_status":"closed","ping_status":"closed","sticky":false,"template":"","format":"standard","meta":{"om_disable_all_campaigns":false,"_monsterinsights_skip_tracking":false,"_uf_show_specific_survey":0,"_uf_disable_surveys":false,"_jetpack_memberships_contains_paid_content":false,"footnotes":"","jetpack_publicize_message":"M\u00e1d de mil nicolaitas aplicaron el examen general de ingreso de la licenciatura.\r\n\r\n\u2060Los resultados del EGEL constituyen una herramienta de utilidad para las y los egresados y para la propia instituci\u00f3n, ya que permiten identificar fortalezas y \u00e1reas de oportunidad en la formaci\u00f3n acad\u00e9mica.","jetpack_publicize_feature_enabled":true,"jetpack_social_post_already_shared":true,"jetpack_social_options":{"image_generator_settings":{"template":"highway","default_image_id":0,"enabled":false},"version":2}},"categories":[22],"tags":[],"class_list":["post-98832","post","type-post","status-publish","format-standard","has-post-thumbnail","category-educacion"],"aioseo_notices":[],"jetpack_publicize_connections":[],"jetpack_featured_media_url":"https:\/\/medianews.mx\/wp-content\/uploads\/2026\/09\/cu3.jpeg","jetpack_sharing_enabled":true,"_links":{"self":[{"href":"https:\/\/medianews.mx\/index.php\/wp-json\/wp\/v2\/posts\/98832","targetHints":{"allow":["GET"]}}],"collection":[{"href":"https:\/\/medianews.mx\/index.php\/wp-json\/wp\/v2\/posts"}],"about":[{"href":"https:\/\/medianews.mx\/index.php\/wp-json\/wp\/v2\/types\/post"}],"author":[{"embeddable":true,"href":"https:\/\/medianews.mx\/index.php\/wp-json\/wp\/v2\/users\/2"}],"replies":[{"embeddable":true,"href":"https:\/\/medianews.mx\/index.php\/wp-json\/wp\/v2\/comments?post=98832"}],"version-history":[{"count":2,"href":"https:\/\/medianews.mx\/index.php\/wp-json\/wp\/v2\/posts\/98832\/revisions"}],"predecessor-version":[{"id":98837,"href":"https:\/\/medianews.mx\/index.php\/wp-json\/wp\/v2\/posts\/98832\/revisions\/98837"}],"wp:featuredmedia":[{"embeddable":true,"href":"https:\/\/medianews.mx\/index.php\/wp-json\/wp\/v2\/media\/98835"}],"wp:attachment":[{"href":"https:\/\/medianews.mx\/index.php\/wp-json\/wp\/v2\/media?parent=98832"}],"wp:term":[{"taxonomy":"category","embeddable":true,"href":"https:\/\/medianews.mx\/index.php\/wp-json\/wp\/v2\/categories?post=98832"},{"taxonomy":"post_tag","embeddable":true,"href":"https:\/\/medianews.mx\/index.php\/wp-json\/wp\/v2\/tags?post=98832"}],"curies":[{"name":"wp","href":"https:\/\/api.w.org\/{rel}","templated":true}]}}