{"id":98838,"date":"2026-09-02T20:34:42","date_gmt":"2026-09-03T02:34:42","guid":{"rendered":"https:\/\/medianews.mx\/?p=98838"},"modified":"2026-09-02T20:34:42","modified_gmt":"2026-09-03T02:34:42","slug":"torres-pina-la-honestidad-como-punto-de-partida-para-construir-unidad","status":"publish","type":"post","link":"https:\/\/medianews.mx\/index.php\/2026\/09\/02\/torres-pina-la-honestidad-como-punto-de-partida-para-construir-unidad\/","title":{"rendered":"Torres Pi\u00f1a, la honestidad como punto de partida para construir unidad"},"content":{"rendered":"<p style=\"text-align: justify;\">Carlos Torres Pi\u00f1a ha entendido algo que en pol\u00edtica suele olvidarse, la unidad no se decreta y la honestidad no deber\u00eda presumirse. Ambas se construyen con la manera de actuar cuando hay diferencias, presiones y decisiones que tomar.<\/p>\n<p style=\"text-align: justify;\">En un escenario pol\u00edtico donde la confrontaci\u00f3n suele generar m\u00e1s ruido que los acuerdos, Torres Pi\u00f1a ha optado por una conducci\u00f3n menos estridente. Mesura no significa pasividad, puede significar saber cu\u00e1ndo hablar, cu\u00e1ndo escuchar y, sobre todo, cu\u00e1ndo resolver.<\/p>\n<p style=\"text-align: justify;\">La honestidad aparece, no como una palabra repetida en discursos, sino como una conducta que necesita pruebas.<\/p>\n<p style=\"text-align: justify;\">Durante su paso por la Fiscal\u00eda de Michoac\u00e1n, Torres Pi\u00f1a endureci\u00f3 controles internos y sostuvo p\u00fablicamente una pol\u00edtica de cero tolerancia frente a la corrupci\u00f3n, bajo el principio de que ning\u00fan servidor p\u00fablico deb\u00eda colocarse por encima de la ley. El mensaje ten\u00eda una dificultad evidente, combatir irregularidades hacia afuera obliga primero a mirar hacia adentro.<\/p>\n<p style=\"text-align: justify;\">Ese antecedente importa porque la honestidad, cuando se convierte solamente en propaganda, pierde valor. La diferencia est\u00e1 en las decisiones que pueden revisarse. Adem\u00e1s, existe otro elemento alrededor de Torres Pi\u00f1a que comienza a tomar forma, su capacidad para sumar sin reducir su agenda a un solo grupo.<\/p>\n<p style=\"text-align: justify;\">En sus recorridos ha sostenido encuentros con mujeres, j\u00f3venes, comunidades originarias, personas artesanas, productores, comerciantes, sectores sociales y colectivos con agendas distintas.<\/p>\n<p style=\"text-align: justify;\">Las conversaciones han ido desde autonom\u00eda econ\u00f3mica y cuidados hasta comercializaci\u00f3n, campo, educaci\u00f3n, derechos y desarrollo regional.<\/p>\n<p style=\"text-align: justify;\">El encuentro reciente con mujeres es un ejemplo. Ah\u00ed plante\u00f3 seguridad, autonom\u00eda econ\u00f3mica, cuidados y participaci\u00f3n, reconociendo adem\u00e1s que las necesidades no son iguales para una joven, una productora rural, una empresaria<br \/>\no una madre de familia.<\/p>\n<p style=\"text-align: justify;\">Eso plantea una pregunta pol\u00edtica interesante.<\/p>\n<p style=\"text-align: justify;\">\u00bfPuede construirse unidad sin obligar a todos a pensar igual?<\/p>\n<p style=\"text-align: justify;\">Torres Pi\u00f1a parece apostar a que s\u00ed. Su idea de unidad no parte de borrar diferencias, sino de encontrar aquello que puede reunirlas. Una agenda para mujeres no excluye una agenda para j\u00f3venes; escuchar a productores no significa dejar fuera a las comunidades ind\u00edgenas; hablar con empresarios tampoco impide sentarse con organizaciones sociales. La pluralidad, entendida as\u00ed, deja de ser un problema y se convierte en m\u00e9todo y en la capacidad de resolver.<\/p>\n<p style=\"text-align: justify;\">Por eso, la mesura no es un rasgo superficial ni una postura personal\u00edsima. La pol\u00edtica michoacana est\u00e1 por entrar en una etapa en la que las diferencias internas tendr\u00e1n que volver a encontrarse, y, no se tratar\u00e1 s\u00f3lo de qui\u00e9n reuni\u00f3 m\u00e1s personas, sino de qui\u00e9n logr\u00f3 tender puentes sin romperlos. Hasta ahora, Torres Pi\u00f1a ha recorrido ese camino con una agenda amplia, capacidad para dialogar con sectores distintos, experiencia para procesar diferencias y una idea de honestidad que busca sostener con hechos. Esa combinaci\u00f3n lo coloca en una posici\u00f3n relevante rumbo a la definici\u00f3n de quien encabezar\u00e1 la Coordinaci\u00f3n de Defensa de la Transformaci\u00f3n y la Soberan\u00eda en Michoac\u00e1n.<\/p>\n","protected":false},"excerpt":{"rendered":"<p>Carlos Torres Pi\u00f1a ha entendido algo que en pol\u00edtica suele olvidarse, la unidad no se decreta y la honestidad no deber\u00eda presumirse. Ambas se construyen con la manera de actuar cuando hay diferencias, presiones y decisiones que tomar. En un escenario pol\u00edtico donde la confrontaci\u00f3n suele generar m\u00e1s ruido que los acuerdos, Torres Pi\u00f1a ha [&hellip;]<\/p>\n","protected":false},"author":2,"featured_media":98839,"comment_status":"closed","ping_status":"closed","sticky":false,"template":"","format":"standard","meta":{"om_disable_all_campaigns":false,"_monsterinsights_skip_tracking":false,"_uf_show_specific_survey":0,"_uf_disable_surveys":false,"_jetpack_memberships_contains_paid_content":false,"footnotes":"","jetpack_publicize_message":"Torres Pi\u00f1a, la honestidad como punto de partida para construir unidad","jetpack_publicize_feature_enabled":true,"jetpack_social_post_already_shared":true,"jetpack_social_options":{"image_generator_settings":{"template":"highway","default_image_id":0,"enabled":false},"version":2}},"categories":[63],"tags":[],"class_list":["post-98838","post","type-post","status-publish","format-standard","has-post-thumbnail","category-politica"],"aioseo_notices":[],"jetpack_publicize_connections":[],"jetpack_featured_media_url":"https:\/\/medianews.mx\/wp-content\/uploads\/2026\/09\/WhatsApp-Image-2026-09-02-at-12.44.39-PM-e1788402781725.jpeg","jetpack_sharing_enabled":true,"_links":{"self":[{"href":"https:\/\/medianews.mx\/index.php\/wp-json\/wp\/v2\/posts\/98838","targetHints":{"allow":["GET"]}}],"collection":[{"href":"https:\/\/medianews.mx\/index.php\/wp-json\/wp\/v2\/posts"}],"about":[{"href":"https:\/\/medianews.mx\/index.php\/wp-json\/wp\/v2\/types\/post"}],"author":[{"embeddable":true,"href":"https:\/\/medianews.mx\/index.php\/wp-json\/wp\/v2\/users\/2"}],"replies":[{"embeddable":true,"href":"https:\/\/medianews.mx\/index.php\/wp-json\/wp\/v2\/comments?post=98838"}],"version-history":[{"count":1,"href":"https:\/\/medianews.mx\/index.php\/wp-json\/wp\/v2\/posts\/98838\/revisions"}],"predecessor-version":[{"id":98840,"href":"https:\/\/medianews.mx\/index.php\/wp-json\/wp\/v2\/posts\/98838\/revisions\/98840"}],"wp:featuredmedia":[{"embeddable":true,"href":"https:\/\/medianews.mx\/index.php\/wp-json\/wp\/v2\/media\/98839"}],"wp:attachment":[{"href":"https:\/\/medianews.mx\/index.php\/wp-json\/wp\/v2\/media?parent=98838"}],"wp:term":[{"taxonomy":"category","embeddable":true,"href":"https:\/\/medianews.mx\/index.php\/wp-json\/wp\/v2\/categories?post=98838"},{"taxonomy":"post_tag","embeddable":true,"href":"https:\/\/medianews.mx\/index.php\/wp-json\/wp\/v2\/tags?post=98838"}],"curies":[{"name":"wp","href":"https:\/\/api.w.org\/{rel}","templated":true}]}}