{"id":98847,"date":"2026-09-03T08:23:36","date_gmt":"2026-09-03T14:23:36","guid":{"rendered":"https:\/\/medianews.mx\/?p=98847"},"modified":"2026-09-03T08:23:36","modified_gmt":"2026-09-03T14:23:36","slug":"hallan-a-hombre-putrefacto-y-carcomido-en-predio-cerca-de-la-colonia-obrera-en-morelia","status":"publish","type":"post","link":"https:\/\/medianews.mx\/index.php\/2026\/09\/03\/hallan-a-hombre-putrefacto-y-carcomido-en-predio-cerca-de-la-colonia-obrera-en-morelia\/","title":{"rendered":"Hallan a hombre putrefacto y carcomido en predio cerca de la colonia Obrera, en Morelia"},"content":{"rendered":"<p>RED 113 MICHOAC\u00c1N\/ Redacci\u00f3n<\/p>\n<p>Morelia, Mich.- Mi\u00e9rcoles 02 de septiembre de 2026.- El cad\u00e1ver de un hombre en avanzado estado de descomposici\u00f3n y parcialmente carcomido por animales carro\u00f1eros fue localizado entre la milpa y la maleza de un predio bald\u00edo, en las cercan\u00edas de la colonia Obrera, al norte de la ciudad de Morelia, informaron autoridades policiales.<\/p>\n<p>El hallazgo fue realizado por unas personas durante la tarde-noche de este mi\u00e9rcoles, a aproximadamente 120 metros de la avenida Divisi\u00f3n del Norte y del R\u00edo Grande, a espaldas del centro educativo CEDVA.<\/p>\n<p>La situaci\u00f3n fue reportada al n\u00famero de emergencias 911, por lo que al sitio acudieron patrulleros de la Guardia Civil (GC), quienes acordonaron el \u00e1rea para preservar posibles indicios y solicitaron la intervenci\u00f3n de la Fiscal\u00eda General del Estado (FGE).<\/p>\n<p>Posteriormente se presentaron especialistas de la Unidad de Atenci\u00f3n Inmediata, quienes iniciaron las investigaciones correspondientes y con apoyo de los oficiales estatales extrajeron el cuarpo y lo subieron a una ambulancia forense.<\/p>\n<p>El ahora occiso fue retirado y trasladado a la morgue, donde se le practicar\u00e1n los estudios gen\u00e9ticos y la necropsia de ley para determinar su identidad y las causas de la defunci\u00f3n.<\/p>\n<p><img loading=\"lazy\" decoding=\"async\" class=\"alignnone size-medium wp-image-98848\" src=\"https:\/\/medianews.mx\/wp-content\/uploads\/2026\/09\/WhatsApp-Image-2026-09-02-at-9.52.04-PM-300x225.jpeg\" alt=\"\" width=\"300\" height=\"225\" srcset=\"https:\/\/medianews.mx\/wp-content\/uploads\/2026\/09\/WhatsApp-Image-2026-09-02-at-9.52.04-PM-300x225.jpeg 300w, https:\/\/medianews.mx\/wp-content\/uploads\/2026\/09\/WhatsApp-Image-2026-09-02-at-9.52.04-PM-1024x768.jpeg 1024w, https:\/\/medianews.mx\/wp-content\/uploads\/2026\/09\/WhatsApp-Image-2026-09-02-at-9.52.04-PM-768x576.jpeg 768w, https:\/\/medianews.mx\/wp-content\/uploads\/2026\/09\/WhatsApp-Image-2026-09-02-at-9.52.04-PM-1536x1152.jpeg 1536w, https:\/\/medianews.mx\/wp-content\/uploads\/2026\/09\/WhatsApp-Image-2026-09-02-at-9.52.04-PM-150x113.jpeg 150w, https:\/\/medianews.mx\/wp-content\/uploads\/2026\/09\/WhatsApp-Image-2026-09-02-at-9.52.04-PM-696x522.jpeg 696w, https:\/\/medianews.mx\/wp-content\/uploads\/2026\/09\/WhatsApp-Image-2026-09-02-at-9.52.04-PM-1068x801.jpeg 1068w, https:\/\/medianews.mx\/wp-content\/uploads\/2026\/09\/WhatsApp-Image-2026-09-02-at-9.52.04-PM.jpeg 1600w\" sizes=\"auto, (max-width: 300px) 100vw, 300px\" \/><\/p>\n","protected":false},"excerpt":{"rendered":"<p>RED 113 MICHOAC\u00c1N\/ Redacci\u00f3n Morelia, Mich.- Mi\u00e9rcoles 02 de septiembre de 2026.- El cad\u00e1ver de un hombre en avanzado estado de descomposici\u00f3n y parcialmente carcomido por animales carro\u00f1eros fue localizado entre la milpa y la maleza de un predio bald\u00edo, en las cercan\u00edas de la colonia Obrera, al norte de la ciudad de Morelia, informaron [&hellip;]<\/p>\n","protected":false},"author":2,"featured_media":98848,"comment_status":"closed","ping_status":"closed","sticky":false,"template":"","format":"standard","meta":{"om_disable_all_campaigns":false,"_monsterinsights_skip_tracking":false,"_uf_show_specific_survey":0,"_uf_disable_surveys":false,"_jetpack_memberships_contains_paid_content":false,"footnotes":"","jetpack_publicize_message":"Hallan a hombre putrefacto y carcomido en predio cerca de la colonia Obrera, en Morelia\r\n\r\n  + La causa del deceso es desconocida, as\u00ed como la identidad del masculino.","jetpack_publicize_feature_enabled":true,"jetpack_social_post_already_shared":true,"jetpack_social_options":{"image_generator_settings":{"template":"highway","default_image_id":0,"enabled":false},"version":2}},"categories":[17],"tags":[1794,791,1795,51],"class_list":["post-98847","post","type-post","status-publish","format-standard","has-post-thumbnail","category-morelia","tag-colonia-obrera","tag-hallan","tag-hombre-putrefacto","tag-morelia"],"aioseo_notices":[],"jetpack_publicize_connections":[],"jetpack_featured_media_url":"https:\/\/medianews.mx\/wp-content\/uploads\/2026\/09\/WhatsApp-Image-2026-09-02-at-9.52.04-PM.jpeg","jetpack_sharing_enabled":true,"_links":{"self":[{"href":"https:\/\/medianews.mx\/index.php\/wp-json\/wp\/v2\/posts\/98847","targetHints":{"allow":["GET"]}}],"collection":[{"href":"https:\/\/medianews.mx\/index.php\/wp-json\/wp\/v2\/posts"}],"about":[{"href":"https:\/\/medianews.mx\/index.php\/wp-json\/wp\/v2\/types\/post"}],"author":[{"embeddable":true,"href":"https:\/\/medianews.mx\/index.php\/wp-json\/wp\/v2\/users\/2"}],"replies":[{"embeddable":true,"href":"https:\/\/medianews.mx\/index.php\/wp-json\/wp\/v2\/comments?post=98847"}],"version-history":[{"count":1,"href":"https:\/\/medianews.mx\/index.php\/wp-json\/wp\/v2\/posts\/98847\/revisions"}],"predecessor-version":[{"id":98849,"href":"https:\/\/medianews.mx\/index.php\/wp-json\/wp\/v2\/posts\/98847\/revisions\/98849"}],"wp:featuredmedia":[{"embeddable":true,"href":"https:\/\/medianews.mx\/index.php\/wp-json\/wp\/v2\/media\/98848"}],"wp:attachment":[{"href":"https:\/\/medianews.mx\/index.php\/wp-json\/wp\/v2\/media?parent=98847"}],"wp:term":[{"taxonomy":"category","embeddable":true,"href":"https:\/\/medianews.mx\/index.php\/wp-json\/wp\/v2\/categories?post=98847"},{"taxonomy":"post_tag","embeddable":true,"href":"https:\/\/medianews.mx\/index.php\/wp-json\/wp\/v2\/tags?post=98847"}],"curies":[{"name":"wp","href":"https:\/\/api.w.org\/{rel}","templated":true}]}}