{"id":98853,"date":"2026-09-03T08:26:52","date_gmt":"2026-09-03T14:26:52","guid":{"rendered":"https:\/\/medianews.mx\/?p=98853"},"modified":"2026-09-03T08:26:52","modified_gmt":"2026-09-03T14:26:52","slug":"delincuentes-agreden-a-balazos-a-policias-municipales-de-patzcuaro-un-oficial-resulta-herido","status":"publish","type":"post","link":"https:\/\/medianews.mx\/index.php\/2026\/09\/03\/delincuentes-agreden-a-balazos-a-policias-municipales-de-patzcuaro-un-oficial-resulta-herido\/","title":{"rendered":"Delincuentes agreden a balazos a polic\u00edas municipales de P\u00e1tzcuaro; un oficial resulta herido"},"content":{"rendered":"<p>RED 113 MICHOAC\u00c1N\/Redacci\u00f3n<\/p>\n<p>P\u00e1tzcuaro, Mich.- Jueves 03 de septiembre de 2026.- Durante la \u00faltima hora de ayer mi\u00e9rcoles, delincuentes armados atacaron a los elementos de la Polic\u00eda Municipal de P\u00e1tzcuaro, hecho que dej\u00f3 a un oficial herido en un brazo, informaron fuentes allegadas a las autoridades.<\/p>\n<p>Lo anterior desat\u00f3 un operativo para buscar a los agresores, quienes, de acuerdo con los datos obtenidos, escaparon con direcci\u00f3n hacia Morelia. Trascendi\u00f3 que el uniformado afectado fue trasladado a un hospital para recibir adecuada atenci\u00f3n m\u00e9dica.<\/p>\n<p>En tanto, los oficiales locales, as\u00ed como elementos de otras regiones, implementaron recorridos de seguridad y filtros de vigilancia en distintos puntos, entre ellos Erongar\u00edcuaro, Lagunillas y Huiramba. Sin embargo, hasta el cierre de esta edici\u00f3n no se reportaron personas detenidas.<\/p>\n<p>Se espera que las instancias competentes emprendan las investigaciones correspondientes del asunto.<\/p>\n<p><img loading=\"lazy\" decoding=\"async\" class=\"alignnone size-medium wp-image-98854\" src=\"https:\/\/medianews.mx\/wp-content\/uploads\/2026\/09\/WhatsApp-Image-2026-09-03-at-12.59.41-AM-300x231.jpeg\" alt=\"\" width=\"300\" height=\"231\" srcset=\"https:\/\/medianews.mx\/wp-content\/uploads\/2026\/09\/WhatsApp-Image-2026-09-03-at-12.59.41-AM-300x231.jpeg 300w, https:\/\/medianews.mx\/wp-content\/uploads\/2026\/09\/WhatsApp-Image-2026-09-03-at-12.59.41-AM-1024x788.jpeg 1024w, https:\/\/medianews.mx\/wp-content\/uploads\/2026\/09\/WhatsApp-Image-2026-09-03-at-12.59.41-AM-768x591.jpeg 768w, https:\/\/medianews.mx\/wp-content\/uploads\/2026\/09\/WhatsApp-Image-2026-09-03-at-12.59.41-AM-1536x1182.jpeg 1536w, https:\/\/medianews.mx\/wp-content\/uploads\/2026\/09\/WhatsApp-Image-2026-09-03-at-12.59.41-AM-150x115.jpeg 150w, https:\/\/medianews.mx\/wp-content\/uploads\/2026\/09\/WhatsApp-Image-2026-09-03-at-12.59.41-AM-696x535.jpeg 696w, https:\/\/medianews.mx\/wp-content\/uploads\/2026\/09\/WhatsApp-Image-2026-09-03-at-12.59.41-AM-1068x822.jpeg 1068w, https:\/\/medianews.mx\/wp-content\/uploads\/2026\/09\/WhatsApp-Image-2026-09-03-at-12.59.41-AM.jpeg 1600w\" sizes=\"auto, (max-width: 300px) 100vw, 300px\" \/><\/p>\n","protected":false},"excerpt":{"rendered":"<p>RED 113 MICHOAC\u00c1N\/Redacci\u00f3n P\u00e1tzcuaro, Mich.- Jueves 03 de septiembre de 2026.- Durante la \u00faltima hora de ayer mi\u00e9rcoles, delincuentes armados atacaron a los elementos de la Polic\u00eda Municipal de P\u00e1tzcuaro, hecho que dej\u00f3 a un oficial herido en un brazo, informaron fuentes allegadas a las autoridades. Lo anterior desat\u00f3 un operativo para buscar a los [&hellip;]<\/p>\n","protected":false},"author":2,"featured_media":98854,"comment_status":"closed","ping_status":"closed","sticky":false,"template":"","format":"standard","meta":{"om_disable_all_campaigns":false,"_monsterinsights_skip_tracking":false,"_uf_show_specific_survey":0,"_uf_disable_surveys":false,"_jetpack_memberships_contains_paid_content":false,"footnotes":"","jetpack_publicize_message":"Delincuentes agreden a balazos a polic\u00edas municipales de P\u00e1tzcuaro; un oficial resulta herido\r\n\r\n  + Los hechores escaparon.","jetpack_publicize_feature_enabled":true,"jetpack_social_post_already_shared":true,"jetpack_social_options":{"image_generator_settings":{"template":"highway","default_image_id":0,"enabled":false},"version":2}},"categories":[15],"tags":[1799,314,346,203],"class_list":["post-98853","post","type-post","status-publish","format-standard","has-post-thumbnail","category-michoacan","tag-agreden","tag-balazos","tag-delincuentes","tag-policia-municipal"],"aioseo_notices":[],"jetpack_publicize_connections":[],"jetpack_featured_media_url":"https:\/\/medianews.mx\/wp-content\/uploads\/2026\/09\/WhatsApp-Image-2026-09-03-at-12.59.41-AM.jpeg","jetpack_sharing_enabled":true,"_links":{"self":[{"href":"https:\/\/medianews.mx\/index.php\/wp-json\/wp\/v2\/posts\/98853","targetHints":{"allow":["GET"]}}],"collection":[{"href":"https:\/\/medianews.mx\/index.php\/wp-json\/wp\/v2\/posts"}],"about":[{"href":"https:\/\/medianews.mx\/index.php\/wp-json\/wp\/v2\/types\/post"}],"author":[{"embeddable":true,"href":"https:\/\/medianews.mx\/index.php\/wp-json\/wp\/v2\/users\/2"}],"replies":[{"embeddable":true,"href":"https:\/\/medianews.mx\/index.php\/wp-json\/wp\/v2\/comments?post=98853"}],"version-history":[{"count":1,"href":"https:\/\/medianews.mx\/index.php\/wp-json\/wp\/v2\/posts\/98853\/revisions"}],"predecessor-version":[{"id":98855,"href":"https:\/\/medianews.mx\/index.php\/wp-json\/wp\/v2\/posts\/98853\/revisions\/98855"}],"wp:featuredmedia":[{"embeddable":true,"href":"https:\/\/medianews.mx\/index.php\/wp-json\/wp\/v2\/media\/98854"}],"wp:attachment":[{"href":"https:\/\/medianews.mx\/index.php\/wp-json\/wp\/v2\/media?parent=98853"}],"wp:term":[{"taxonomy":"category","embeddable":true,"href":"https:\/\/medianews.mx\/index.php\/wp-json\/wp\/v2\/categories?post=98853"},{"taxonomy":"post_tag","embeddable":true,"href":"https:\/\/medianews.mx\/index.php\/wp-json\/wp\/v2\/tags?post=98853"}],"curies":[{"name":"wp","href":"https:\/\/api.w.org\/{rel}","templated":true}]}}