{"id":98856,"date":"2026-09-03T08:29:03","date_gmt":"2026-09-03T14:29:03","guid":{"rendered":"https:\/\/medianews.mx\/?p=98856"},"modified":"2026-09-03T08:29:03","modified_gmt":"2026-09-03T14:29:03","slug":"balean-a-dos-masculinos-en-apatzingan-uno-muere","status":"publish","type":"post","link":"https:\/\/medianews.mx\/index.php\/2026\/09\/03\/balean-a-dos-masculinos-en-apatzingan-uno-muere\/","title":{"rendered":"Balean a dos masculinos en Apatzing\u00e1n; uno muere"},"content":{"rendered":"<p>RED 113 MICHOAC\u00c1N\/Redacci\u00f3n<\/p>\n<p>Apatzing\u00e1n, Mich.- 03 de septiembre del 2026.- Dos hombres fueron atacados a balazos en la v\u00eda p\u00fablica de la colonia Palmira de Apatzing\u00e1n, agresi\u00f3n que dej\u00f3 como saldo un muerto y un lesionado. No se reportaron detenidos.<\/p>\n<p>Fue durante la noche del pasado mi\u00e9rcoles, cuando las autoridades recibieron el reporte de atentado con disparos de arma de fuego sobre la calle 1917, en las inmediaciones del \u201cGimnasio Ol\u00edmpic\u201d.<\/p>\n<p>Por lo anterior al sitio se movilizaron oficiales de Seguridad P\u00fablica y param\u00e9dicos de Protecci\u00f3n Civil Municipal, mismos que confirmaron el deceso de Genaro A., de 45 a\u00f1os de edad, adem\u00e1s auxiliaron al herido Sigifredo O. M., de 50 a\u00f1os, quien fue trasladado a un nosocomio local.<\/p>\n<p>La escena del crimen fue acordonada por los uniformados, para que posteriormente especialistas de la Fiscal\u00eda Regional de Justicia realizaran la recolecci\u00f3n de indicios y de testimonios. Siendo iniciada la correspondiente carpeta de investigaci\u00f3n.<\/p>\n<p><img loading=\"lazy\" decoding=\"async\" class=\"alignnone size-medium wp-image-98857\" src=\"https:\/\/medianews.mx\/wp-content\/uploads\/2026\/09\/WhatsApp-Image-2026-09-03-at-7.54.36-AM-300x169.jpeg\" alt=\"\" width=\"300\" height=\"169\" srcset=\"https:\/\/medianews.mx\/wp-content\/uploads\/2026\/09\/WhatsApp-Image-2026-09-03-at-7.54.36-AM-300x169.jpeg 300w, https:\/\/medianews.mx\/wp-content\/uploads\/2026\/09\/WhatsApp-Image-2026-09-03-at-7.54.36-AM-768x432.jpeg 768w, https:\/\/medianews.mx\/wp-content\/uploads\/2026\/09\/WhatsApp-Image-2026-09-03-at-7.54.36-AM-150x84.jpeg 150w, https:\/\/medianews.mx\/wp-content\/uploads\/2026\/09\/WhatsApp-Image-2026-09-03-at-7.54.36-AM-696x392.jpeg 696w, https:\/\/medianews.mx\/wp-content\/uploads\/2026\/09\/WhatsApp-Image-2026-09-03-at-7.54.36-AM.jpeg 780w\" sizes=\"auto, (max-width: 300px) 100vw, 300px\" \/><\/p>\n","protected":false},"excerpt":{"rendered":"<p>RED 113 MICHOAC\u00c1N\/Redacci\u00f3n Apatzing\u00e1n, Mich.- 03 de septiembre del 2026.- Dos hombres fueron atacados a balazos en la v\u00eda p\u00fablica de la colonia Palmira de Apatzing\u00e1n, agresi\u00f3n que dej\u00f3 como saldo un muerto y un lesionado. No se reportaron detenidos. Fue durante la noche del pasado mi\u00e9rcoles, cuando las autoridades recibieron el reporte de atentado [&hellip;]<\/p>\n","protected":false},"author":2,"featured_media":98857,"comment_status":"closed","ping_status":"closed","sticky":false,"template":"","format":"standard","meta":{"om_disable_all_campaigns":false,"_monsterinsights_skip_tracking":false,"_uf_show_specific_survey":0,"_uf_disable_surveys":false,"_jetpack_memberships_contains_paid_content":false,"footnotes":"","jetpack_publicize_message":"","jetpack_publicize_feature_enabled":true,"jetpack_social_post_already_shared":true,"jetpack_social_options":{"image_generator_settings":{"template":"highway","default_image_id":0,"enabled":false},"version":2}},"categories":[15],"tags":[153,334,1800,328],"class_list":["post-98856","post","type-post","status-publish","format-standard","has-post-thumbnail","category-michoacan","tag-apatzingan","tag-balean","tag-dos-masculinos","tag-muere"],"aioseo_notices":[],"jetpack_publicize_connections":[],"jetpack_featured_media_url":"https:\/\/medianews.mx\/wp-content\/uploads\/2026\/09\/WhatsApp-Image-2026-09-03-at-7.54.36-AM.jpeg","jetpack_sharing_enabled":true,"_links":{"self":[{"href":"https:\/\/medianews.mx\/index.php\/wp-json\/wp\/v2\/posts\/98856","targetHints":{"allow":["GET"]}}],"collection":[{"href":"https:\/\/medianews.mx\/index.php\/wp-json\/wp\/v2\/posts"}],"about":[{"href":"https:\/\/medianews.mx\/index.php\/wp-json\/wp\/v2\/types\/post"}],"author":[{"embeddable":true,"href":"https:\/\/medianews.mx\/index.php\/wp-json\/wp\/v2\/users\/2"}],"replies":[{"embeddable":true,"href":"https:\/\/medianews.mx\/index.php\/wp-json\/wp\/v2\/comments?post=98856"}],"version-history":[{"count":1,"href":"https:\/\/medianews.mx\/index.php\/wp-json\/wp\/v2\/posts\/98856\/revisions"}],"predecessor-version":[{"id":98858,"href":"https:\/\/medianews.mx\/index.php\/wp-json\/wp\/v2\/posts\/98856\/revisions\/98858"}],"wp:featuredmedia":[{"embeddable":true,"href":"https:\/\/medianews.mx\/index.php\/wp-json\/wp\/v2\/media\/98857"}],"wp:attachment":[{"href":"https:\/\/medianews.mx\/index.php\/wp-json\/wp\/v2\/media?parent=98856"}],"wp:term":[{"taxonomy":"category","embeddable":true,"href":"https:\/\/medianews.mx\/index.php\/wp-json\/wp\/v2\/categories?post=98856"},{"taxonomy":"post_tag","embeddable":true,"href":"https:\/\/medianews.mx\/index.php\/wp-json\/wp\/v2\/tags?post=98856"}],"curies":[{"name":"wp","href":"https:\/\/api.w.org\/{rel}","templated":true}]}}