{"id":98859,"date":"2026-09-03T09:31:21","date_gmt":"2026-09-03T15:31:21","guid":{"rendered":"https:\/\/medianews.mx\/?p=98859"},"modified":"2026-09-03T09:31:21","modified_gmt":"2026-09-03T15:31:21","slug":"muere-el-director-de-la-guardia-civil-de-tumbiscatio-tras-fatal-volcadura-en-la-carretera","status":"publish","type":"post","link":"https:\/\/medianews.mx\/index.php\/2026\/09\/03\/muere-el-director-de-la-guardia-civil-de-tumbiscatio-tras-fatal-volcadura-en-la-carretera\/","title":{"rendered":"Muere el director de la Guardia Civil de Tumbiscat\u00edo tras fatal volcadura en la carretera"},"content":{"rendered":"<p>RED 113 MICHOAC\u00c1N\/Redacci\u00f3n<\/p>\n<p>\u200bTumbiscat\u00edo, Mich.- 3 de septiembre de 2026. Un tr\u00e1gico percance vehicular registrado durante las primeras horas de este jueves cobr\u00f3 la vida de Manuel Mondrag\u00f3n Pulido, quien se desempe\u00f1aba como director de la Guardia Civil en este municipio, as\u00ed como de su acompa\u00f1ante, identificado como N\u00e9stor Esteban Rojas M\u00e9ndez.<\/p>\n<p>\u200bEl hecho fue sobre la carretera libre que conecta a la cabecera municipal con Arteaga. Seg\u00fan la informaci\u00f3n obtenida por este medio, ambos funcionarios se trasladaban a sus jornadas laborales a bordo de una camioneta Volkswagen Tiguan cuando, al tomar una curva, el conductor perdi\u00f3 el dominio del volante, provocando que la unidad saliera del camino y diera varias vueltas de campana sobre el asfalto.<\/p>\n<p>\u200bSocorristas y corporaciones de seguridad se desplazaron al tramo carretero tras el reporte de la emergencia; sin embargo, al intentar brindar los primeros auxilios, constataron que los dos tripulantes ya no contaban con signos vitales debido a la gravedad de los impactos.<\/p>\n<p>\u200bLa zona fue resguardada para facilitar las labores de los peritos de la Fiscal\u00eda General del Estado (FGE), quienes procesaron la escena y ordenaron el traslado de los restos al Servicio M\u00e9dico Forense en L\u00e1zaro C\u00e1rdenas para la necropsia de ley. La representaci\u00f3n social mantiene abiertas las indagatorias para esclarecer las causas probables de la volcadura.<\/p>\n<p><img loading=\"lazy\" decoding=\"async\" class=\"alignnone size-medium wp-image-98860\" src=\"https:\/\/medianews.mx\/wp-content\/uploads\/2026\/09\/WhatsApp-Image-2026-09-03-at-9.16.31-AM-300x225.jpeg\" alt=\"\" width=\"300\" height=\"225\" srcset=\"https:\/\/medianews.mx\/wp-content\/uploads\/2026\/09\/WhatsApp-Image-2026-09-03-at-9.16.31-AM-300x225.jpeg 300w, https:\/\/medianews.mx\/wp-content\/uploads\/2026\/09\/WhatsApp-Image-2026-09-03-at-9.16.31-AM-1024x768.jpeg 1024w, https:\/\/medianews.mx\/wp-content\/uploads\/2026\/09\/WhatsApp-Image-2026-09-03-at-9.16.31-AM-768x576.jpeg 768w, https:\/\/medianews.mx\/wp-content\/uploads\/2026\/09\/WhatsApp-Image-2026-09-03-at-9.16.31-AM-150x113.jpeg 150w, https:\/\/medianews.mx\/wp-content\/uploads\/2026\/09\/WhatsApp-Image-2026-09-03-at-9.16.31-AM-696x522.jpeg 696w, https:\/\/medianews.mx\/wp-content\/uploads\/2026\/09\/WhatsApp-Image-2026-09-03-at-9.16.31-AM-1068x801.jpeg 1068w, https:\/\/medianews.mx\/wp-content\/uploads\/2026\/09\/WhatsApp-Image-2026-09-03-at-9.16.31-AM.jpeg 1280w\" sizes=\"auto, (max-width: 300px) 100vw, 300px\" \/><\/p>\n","protected":false},"excerpt":{"rendered":"<p>RED 113 MICHOAC\u00c1N\/Redacci\u00f3n \u200bTumbiscat\u00edo, Mich.- 3 de septiembre de 2026. Un tr\u00e1gico percance vehicular registrado durante las primeras horas de este jueves cobr\u00f3 la vida de Manuel Mondrag\u00f3n Pulido, quien se desempe\u00f1aba como director de la Guardia Civil en este municipio, as\u00ed como de su acompa\u00f1ante, identificado como N\u00e9stor Esteban Rojas M\u00e9ndez. \u200bEl hecho fue [&hellip;]<\/p>\n","protected":false},"author":2,"featured_media":98860,"comment_status":"closed","ping_status":"closed","sticky":false,"template":"","format":"standard","meta":{"om_disable_all_campaigns":false,"_monsterinsights_skip_tracking":false,"_uf_show_specific_survey":0,"_uf_disable_surveys":false,"_jetpack_memberships_contains_paid_content":false,"footnotes":"","jetpack_publicize_message":"","jetpack_publicize_feature_enabled":true,"jetpack_social_post_already_shared":true,"jetpack_social_options":{"image_generator_settings":{"template":"highway","default_image_id":0,"enabled":false},"version":2}},"categories":[15],"tags":[237,228,1801,545],"class_list":["post-98859","post","type-post","status-publish","format-standard","has-post-thumbnail","category-michoacan","tag-carretera","tag-guardia-civil","tag-muere-director","tag-tumbiscatio"],"aioseo_notices":[],"jetpack_publicize_connections":[],"jetpack_featured_media_url":"https:\/\/medianews.mx\/wp-content\/uploads\/2026\/09\/WhatsApp-Image-2026-09-03-at-9.16.31-AM.jpeg","jetpack_sharing_enabled":true,"_links":{"self":[{"href":"https:\/\/medianews.mx\/index.php\/wp-json\/wp\/v2\/posts\/98859","targetHints":{"allow":["GET"]}}],"collection":[{"href":"https:\/\/medianews.mx\/index.php\/wp-json\/wp\/v2\/posts"}],"about":[{"href":"https:\/\/medianews.mx\/index.php\/wp-json\/wp\/v2\/types\/post"}],"author":[{"embeddable":true,"href":"https:\/\/medianews.mx\/index.php\/wp-json\/wp\/v2\/users\/2"}],"replies":[{"embeddable":true,"href":"https:\/\/medianews.mx\/index.php\/wp-json\/wp\/v2\/comments?post=98859"}],"version-history":[{"count":1,"href":"https:\/\/medianews.mx\/index.php\/wp-json\/wp\/v2\/posts\/98859\/revisions"}],"predecessor-version":[{"id":98861,"href":"https:\/\/medianews.mx\/index.php\/wp-json\/wp\/v2\/posts\/98859\/revisions\/98861"}],"wp:featuredmedia":[{"embeddable":true,"href":"https:\/\/medianews.mx\/index.php\/wp-json\/wp\/v2\/media\/98860"}],"wp:attachment":[{"href":"https:\/\/medianews.mx\/index.php\/wp-json\/wp\/v2\/media?parent=98859"}],"wp:term":[{"taxonomy":"category","embeddable":true,"href":"https:\/\/medianews.mx\/index.php\/wp-json\/wp\/v2\/categories?post=98859"},{"taxonomy":"post_tag","embeddable":true,"href":"https:\/\/medianews.mx\/index.php\/wp-json\/wp\/v2\/tags?post=98859"}],"curies":[{"name":"wp","href":"https:\/\/api.w.org\/{rel}","templated":true}]}}