{"id":98872,"date":"2026-09-03T12:38:36","date_gmt":"2026-09-03T18:38:36","guid":{"rendered":"https:\/\/medianews.mx\/?p=98872"},"modified":"2026-09-03T12:38:36","modified_gmt":"2026-09-03T18:38:36","slug":"es-torres-pina-en-michoacan-mitofsky-lo-coloca-con-amplia-ventaja-rumbo-a-la-definicion-de-la-4t","status":"publish","type":"post","link":"https:\/\/medianews.mx\/index.php\/2026\/09\/03\/es-torres-pina-en-michoacan-mitofsky-lo-coloca-con-amplia-ventaja-rumbo-a-la-definicion-de-la-4t\/","title":{"rendered":"Es Torres Pi\u00f1a en Michoac\u00e1n; Mitofsky lo coloca con amplia ventaja rumbo a la definici\u00f3n de la 4T"},"content":{"rendered":"<p>Morelia, Michoac\u00e1n, 3 de septiembre de 2026.- A tan s\u00f3lo unos d\u00edas de que se defina al coordinador o coordinadora en Defensa de la 4T en Michoac\u00e1n, la m\u00e1s reciente encuesta de Consulta Mitofsky confirma el crecimiento de Carlos Torres Pi\u00f1a y lo coloca con una amplia ventaja entre quienes aspiran a encabezar el proyecto de Morena y sus aliados en la entidad.<\/p>\n<p>El estudio, levantado del 27 al 31 de agosto de 2026, ubica al fiscal con licencia como el aspirante preferido para una eventual candidatura de la alianza Morena-PVEM-PT, con 23.2 por ciento, seguido por Ra\u00fal Mor\u00f3n con 14.2 por ciento y Fabiola Alan\u00eds con 12.5 por ciento. Es decir, Torres Pi\u00f1a mantiene una diferencia de 9 puntos sobre su competidor m\u00e1s cercano y de 10.7 puntos respecto a Alan\u00eds.<\/p>\n<p>La ventaja del oriundo de Paracho se fortalece al revisar los atributos evaluados por Mitofsky. En cercan\u00eda con la gente, Torres Pi\u00f1a obtiene 17.3 por ciento en la categor\u00eda \u201cmucho\u201d y 18.9 por ciento en \u201calgo\u201d, para sumar 36.2 por ciento de valoraci\u00f3n positiva, por encima de los dem\u00e1s aspirantes.<\/p>\n<p>Tambi\u00e9n encabeza la percepci\u00f3n sobre qui\u00e9n conoce mejor Michoac\u00e1n: 23.4 por ciento considera que conoce \u201cmucho\u201d el estado y 19.3 por ciento \u201calgo\u201d, acumulando 42.7 por ciento, frente al 35.6 por ciento de Ra\u00fal Mor\u00f3n y 31.3 por ciento de Fabiola Alan\u00eds.<\/p>\n<p>Otro de los datos que marca distancia aparece cuando se pregunta si los perfiles ser\u00edan buenos candidatos de Morena a la gubernatura. Torres Pi\u00f1a alcanza 48.6 por ciento de respuestas afirmativas, una diferencia de 15.3 puntos sobre Fabiola Alan\u00eds, que registra 33.3 por ciento, y de 16.6 puntos sobre Ra\u00fal Mor\u00f3n, con 32 por ciento.<\/p>\n<p>En intenci\u00f3n directa, 42.9 por ciento afirma que votar\u00eda por Torres Pi\u00f1a para gobernador si fuera el candidato de Morena. Nuevamente ocupa el primer lugar: Fabiola Alan\u00eds registra 34.5 por ciento y Ra\u00fal Mor\u00f3n 30.6 por ciento.<\/p>\n<p>La fotograf\u00eda global resulta todav\u00eda m\u00e1s favorable para el fiscal con licencia. En el ejercicio de asignaci\u00f3n de puntos elaborado por Mitofsky, que pondera opini\u00f3n, atributos, percepci\u00f3n como buen candidato, disposici\u00f3n a votar y preferencia por la candidatura, Torres Pi\u00f1a alcanza una calificaci\u00f3n final de 8.00 puntos, mientras Fabiola Alan\u00eds obtiene 2.00; la propia tabla muestra a los dem\u00e1s perfiles sin puntaje final consignado.<\/p>\n<p>Los resultados se presentan adem\u00e1s en un escenario favorable para Morena: 41.1 por ciento considera que este partido es el que actualmente tiene mayores posibilidades de ganar la gubernatura de Michoac\u00e1n, muy por encima de PAN, PRI y el resto de las fuerzas pol\u00edticas.<\/p>\n<p>As\u00ed, en la recta final de la definici\u00f3n, la medici\u00f3n de Mitofsky coloca a Carlos Torres Pi\u00f1a como el perfil que encabeza la preferencia y varios de los principales indicadores evaluados, consolidando una tendencia favorable al exfiscal y mostrando una ventaja significativa frente al resto de los aspirantes.<\/p>\n<p>Metodolog\u00eda<\/p>\n<p>La encuesta de Consulta Mitofsky fue realizada en vivienda a 1,000 ciudadanos mayores de 18 a\u00f1os, residentes en Michoac\u00e1n y con credencial para votar, entre el 27 y el 31 de agosto de 2026. El dise\u00f1o seleccion\u00f3 de manera sistem\u00e1tica y aleatoria, con probabilidad proporcional al tama\u00f1o, 100 secciones electorales; en cada una se eligieron dos manzanas, cinco viviendas por manzana y una persona por vivienda. El estudio reporta un nivel de estimaci\u00f3n en el que, al menos 95 de cada 100 veces, el error para las estimaciones generales no supera \u00b13.1 por ciento.<\/p>\n<p><img loading=\"lazy\" decoding=\"async\" class=\"alignnone size-medium wp-image-98873\" src=\"https:\/\/medianews.mx\/wp-content\/uploads\/2026\/09\/WhatsApp-Image-2026-09-03-at-12.26.49-PM-200x300.jpeg\" alt=\"\" width=\"200\" height=\"300\" srcset=\"https:\/\/medianews.mx\/wp-content\/uploads\/2026\/09\/WhatsApp-Image-2026-09-03-at-12.26.49-PM-200x300.jpeg 200w, https:\/\/medianews.mx\/wp-content\/uploads\/2026\/09\/WhatsApp-Image-2026-09-03-at-12.26.49-PM-683x1024.jpeg 683w, https:\/\/medianews.mx\/wp-content\/uploads\/2026\/09\/WhatsApp-Image-2026-09-03-at-12.26.49-PM-768x1152.jpeg 768w, https:\/\/medianews.mx\/wp-content\/uploads\/2026\/09\/WhatsApp-Image-2026-09-03-at-12.26.49-PM-150x225.jpeg 150w, https:\/\/medianews.mx\/wp-content\/uploads\/2026\/09\/WhatsApp-Image-2026-09-03-at-12.26.49-PM-300x450.jpeg 300w, https:\/\/medianews.mx\/wp-content\/uploads\/2026\/09\/WhatsApp-Image-2026-09-03-at-12.26.49-PM-696x1044.jpeg 696w, https:\/\/medianews.mx\/wp-content\/uploads\/2026\/09\/WhatsApp-Image-2026-09-03-at-12.26.49-PM.jpeg 1024w\" sizes=\"auto, (max-width: 200px) 100vw, 200px\" \/><\/p>\n","protected":false},"excerpt":{"rendered":"<p>Morelia, Michoac\u00e1n, 3 de septiembre de 2026.- A tan s\u00f3lo unos d\u00edas de que se defina al coordinador o coordinadora en Defensa de la 4T en Michoac\u00e1n, la m\u00e1s reciente encuesta de Consulta Mitofsky confirma el crecimiento de Carlos Torres Pi\u00f1a y lo coloca con una amplia ventaja entre quienes aspiran a encabezar el proyecto [&hellip;]<\/p>\n","protected":false},"author":2,"featured_media":98873,"comment_status":"closed","ping_status":"closed","sticky":false,"template":"","format":"standard","meta":{"om_disable_all_campaigns":false,"_monsterinsights_skip_tracking":false,"_uf_show_specific_survey":0,"_uf_disable_surveys":false,"_jetpack_memberships_contains_paid_content":false,"footnotes":"","jetpack_publicize_message":"","jetpack_publicize_feature_enabled":true,"jetpack_social_post_already_shared":true,"jetpack_social_options":{"image_generator_settings":{"template":"highway","default_image_id":0,"enabled":false},"version":2}},"categories":[15,63],"tags":[156,1805,1804,1806,90],"class_list":["post-98872","post","type-post","status-publish","format-standard","has-post-thumbnail","category-michoacan","category-politica","tag-4t","tag-amplia-ventaja","tag-mitofsky","tag-rumbo-a-la-definicion","tag-torres-pina"],"aioseo_notices":[],"jetpack_publicize_connections":[],"jetpack_featured_media_url":"https:\/\/medianews.mx\/wp-content\/uploads\/2026\/09\/WhatsApp-Image-2026-09-03-at-12.26.49-PM.jpeg","jetpack_sharing_enabled":true,"_links":{"self":[{"href":"https:\/\/medianews.mx\/index.php\/wp-json\/wp\/v2\/posts\/98872","targetHints":{"allow":["GET"]}}],"collection":[{"href":"https:\/\/medianews.mx\/index.php\/wp-json\/wp\/v2\/posts"}],"about":[{"href":"https:\/\/medianews.mx\/index.php\/wp-json\/wp\/v2\/types\/post"}],"author":[{"embeddable":true,"href":"https:\/\/medianews.mx\/index.php\/wp-json\/wp\/v2\/users\/2"}],"replies":[{"embeddable":true,"href":"https:\/\/medianews.mx\/index.php\/wp-json\/wp\/v2\/comments?post=98872"}],"version-history":[{"count":1,"href":"https:\/\/medianews.mx\/index.php\/wp-json\/wp\/v2\/posts\/98872\/revisions"}],"predecessor-version":[{"id":98874,"href":"https:\/\/medianews.mx\/index.php\/wp-json\/wp\/v2\/posts\/98872\/revisions\/98874"}],"wp:featuredmedia":[{"embeddable":true,"href":"https:\/\/medianews.mx\/index.php\/wp-json\/wp\/v2\/media\/98873"}],"wp:attachment":[{"href":"https:\/\/medianews.mx\/index.php\/wp-json\/wp\/v2\/media?parent=98872"}],"wp:term":[{"taxonomy":"category","embeddable":true,"href":"https:\/\/medianews.mx\/index.php\/wp-json\/wp\/v2\/categories?post=98872"},{"taxonomy":"post_tag","embeddable":true,"href":"https:\/\/medianews.mx\/index.php\/wp-json\/wp\/v2\/tags?post=98872"}],"curies":[{"name":"wp","href":"https:\/\/api.w.org\/{rel}","templated":true}]}}