{"id":98875,"date":"2026-09-03T12:47:19","date_gmt":"2026-09-03T18:47:19","guid":{"rendered":"https:\/\/medianews.mx\/?p=98875"},"modified":"2026-09-03T12:47:19","modified_gmt":"2026-09-03T18:47:19","slug":"ejecutan-a-hombre-desconocido-en-la-colonia-carlos-alberto-madrazo-de-uruapan","status":"publish","type":"post","link":"https:\/\/medianews.mx\/index.php\/2026\/09\/03\/ejecutan-a-hombre-desconocido-en-la-colonia-carlos-alberto-madrazo-de-uruapan\/","title":{"rendered":"Ejecutan a hombre desconocido en la colonia Carlos Alberto Madrazo de Uruapan"},"content":{"rendered":"<p>RED 113 MICHOAC\u00c1N\/Redacci\u00f3n<\/p>\n<p>Uruapan, Mich.- 03 de septiembre de 2026.- Durante las primeras horas de este jueves, un hombre hasta el momento desconocido fue ejecutado a balazos en la v\u00eda p\u00fablica de la colonia Carlos Albero Madrazo, aleda\u00f1a a la Ampliaci\u00f3n Cuauht\u00e9moc, al norte de la ciudad de Uruapan.<\/p>\n<p>Sobre el crimen se pudo conocer que masculino se encontraba en la prolongaci\u00f3n de la calle Francisco Villa cuando fue baleado por sujetos armados y tras recibir varios impactos qued\u00f3 tendido sobre la banqueta.<\/p>\n<p>Vecinos reportaron el ataque armado a los sistemas de emergencia y al lugar se desplazaron param\u00e9dicos del DIF Municipal y Rescate Michoac\u00e1n, Delegaci\u00f3n Uruapan, quienes valoraron al agraviado y lo subieron a una ambulancia para trasladarlo a un hospital, pero lamentablemente falleci\u00f3.<\/p>\n<p>Polic\u00edas acordonaron la escena para dar paso a las investigaciones por parte de la Fiscal\u00eda Regional de Justicia; otros uniformados desplegaron un operativo en la zona en busca de los homicidas, pero no lograron localizarlos. La identidad del hoy occiso es ignorada hasta el momento.<\/p>\n<p><img loading=\"lazy\" decoding=\"async\" class=\"alignnone size-medium wp-image-98876\" src=\"https:\/\/medianews.mx\/wp-content\/uploads\/2026\/09\/WhatsApp-Image-2026-09-03-at-12.33.49-PM-300x200.jpeg\" alt=\"\" width=\"300\" height=\"200\" srcset=\"https:\/\/medianews.mx\/wp-content\/uploads\/2026\/09\/WhatsApp-Image-2026-09-03-at-12.33.49-PM-300x200.jpeg 300w, https:\/\/medianews.mx\/wp-content\/uploads\/2026\/09\/WhatsApp-Image-2026-09-03-at-12.33.49-PM-150x100.jpeg 150w, https:\/\/medianews.mx\/wp-content\/uploads\/2026\/09\/WhatsApp-Image-2026-09-03-at-12.33.49-PM-696x463.jpeg 696w, https:\/\/medianews.mx\/wp-content\/uploads\/2026\/09\/WhatsApp-Image-2026-09-03-at-12.33.49-PM.jpeg 700w\" sizes=\"auto, (max-width: 300px) 100vw, 300px\" \/><\/p>\n","protected":false},"excerpt":{"rendered":"<p>RED 113 MICHOAC\u00c1N\/Redacci\u00f3n Uruapan, Mich.- 03 de septiembre de 2026.- Durante las primeras horas de este jueves, un hombre hasta el momento desconocido fue ejecutado a balazos en la v\u00eda p\u00fablica de la colonia Carlos Albero Madrazo, aleda\u00f1a a la Ampliaci\u00f3n Cuauht\u00e9moc, al norte de la ciudad de Uruapan. Sobre el crimen se pudo conocer [&hellip;]<\/p>\n","protected":false},"author":2,"featured_media":98876,"comment_status":"closed","ping_status":"closed","sticky":false,"template":"","format":"standard","meta":{"om_disable_all_campaigns":false,"_monsterinsights_skip_tracking":false,"_uf_show_specific_survey":0,"_uf_disable_surveys":false,"_jetpack_memberships_contains_paid_content":false,"footnotes":"","jetpack_publicize_message":"","jetpack_publicize_feature_enabled":true,"jetpack_social_post_already_shared":true,"jetpack_social_options":{"image_generator_settings":{"template":"highway","default_image_id":0,"enabled":false},"version":2}},"categories":[15],"tags":[1807,1808,799,186],"class_list":["post-98875","post","type-post","status-publish","format-standard","has-post-thumbnail","category-michoacan","tag-carlos-alberto-madrazo","tag-ejecutan","tag-hombre","tag-uruapan"],"aioseo_notices":[],"jetpack_publicize_connections":[],"jetpack_featured_media_url":"https:\/\/medianews.mx\/wp-content\/uploads\/2026\/09\/WhatsApp-Image-2026-09-03-at-12.33.49-PM.jpeg","jetpack_sharing_enabled":true,"_links":{"self":[{"href":"https:\/\/medianews.mx\/index.php\/wp-json\/wp\/v2\/posts\/98875","targetHints":{"allow":["GET"]}}],"collection":[{"href":"https:\/\/medianews.mx\/index.php\/wp-json\/wp\/v2\/posts"}],"about":[{"href":"https:\/\/medianews.mx\/index.php\/wp-json\/wp\/v2\/types\/post"}],"author":[{"embeddable":true,"href":"https:\/\/medianews.mx\/index.php\/wp-json\/wp\/v2\/users\/2"}],"replies":[{"embeddable":true,"href":"https:\/\/medianews.mx\/index.php\/wp-json\/wp\/v2\/comments?post=98875"}],"version-history":[{"count":1,"href":"https:\/\/medianews.mx\/index.php\/wp-json\/wp\/v2\/posts\/98875\/revisions"}],"predecessor-version":[{"id":98877,"href":"https:\/\/medianews.mx\/index.php\/wp-json\/wp\/v2\/posts\/98875\/revisions\/98877"}],"wp:featuredmedia":[{"embeddable":true,"href":"https:\/\/medianews.mx\/index.php\/wp-json\/wp\/v2\/media\/98876"}],"wp:attachment":[{"href":"https:\/\/medianews.mx\/index.php\/wp-json\/wp\/v2\/media?parent=98875"}],"wp:term":[{"taxonomy":"category","embeddable":true,"href":"https:\/\/medianews.mx\/index.php\/wp-json\/wp\/v2\/categories?post=98875"},{"taxonomy":"post_tag","embeddable":true,"href":"https:\/\/medianews.mx\/index.php\/wp-json\/wp\/v2\/tags?post=98875"}],"curies":[{"name":"wp","href":"https:\/\/api.w.org\/{rel}","templated":true}]}}