{"id":98878,"date":"2026-09-03T14:32:43","date_gmt":"2026-09-03T20:32:43","guid":{"rendered":"https:\/\/medianews.mx\/?p=98878"},"modified":"2026-09-03T14:32:43","modified_gmt":"2026-09-03T20:32:43","slug":"sheinbaum-sostiene-dialogo-con-petro-para-tratar-preocupaciones-sobre-injerencia-de-eu","status":"publish","type":"post","link":"https:\/\/medianews.mx\/index.php\/2026\/09\/03\/sheinbaum-sostiene-dialogo-con-petro-para-tratar-preocupaciones-sobre-injerencia-de-eu\/","title":{"rendered":"Sheinbaum sostiene di\u00e1logo con Petro para tratar preocupaciones sobre injerencia de EU"},"content":{"rendered":"<p>La presidenta Claudia Sheinbaum Pardo ofreci\u00f3 al ex mandatario Gustavo Petro quedarse un tiempo en M\u00e9xico para realizar actividades acad\u00e9micas, lo cual fue rechazado por el colombiano, quien tras el encuentro se traslad\u00f3 a la Universidad Nacional Aut\u00f3noma de M\u00e9xico (UNAM) para ofrecer una conferencia magistral.<\/p>\n<p>\u201c(Sheinbaum) me invit\u00f3 a unas coordinaciones intelectuales y acad\u00e9micas que no me disgusta hacer, pero yo decid\u00ed vivir en Colombia\u201d, se\u00f1al\u00f3 al salir de Palacio Nacional en un breve intercambio con representantes de los medios informativos, ya que iba con retraso a la ponencia que dio en el auditorio Alfonso Caso, en Ciudad Universitaria.<\/p>\n<p>Petro refiri\u00f3 que durante el encuentro con la jefa del Ejecutivo mexicano conversaron sobre los riesgos de injerencia desde Estados Unidos en procesos electorales de Am\u00e9rica Latina. En ese sentido, pidi\u00f3 que M\u00e9xico observe lo que ocurra en elecciones de la regi\u00f3n, como en Brasil, as\u00ed como el avance de fuerzas de derecha ante los comicios en territorio nacional en 2027 y 2030.<\/p>\n<p>\u201cEl tema de coyuntura es la nueva realidad pol\u00edtica artificial, a partir de todas estas investigaciones que se han hecho desde Bolivia que cubren a toda Am\u00e9rica, que su centro real est\u00e1 en Washington y su financiaci\u00f3n est\u00e1 en Israel y en el narcotr\u00e1fico\u201d, dijo.<\/p>\n<p>Despu\u00e9s, el ex mandatario arrib\u00f3 a la universidad nacional. Ah\u00ed, los asistentes a la conferencia magistral \u201cEl capital en el siglo XXI: econom\u00eda pol\u00edtica de la crisis clim\u00e1tica\u201d esperaron m\u00e1s de tres horas, ya que estaba prevista para las 13:30 horas. Para ingresar al recinto hicieron fila desde el mediod\u00eda,<\/p>\n<p>No obstante, alumnos, maestros y p\u00fablico en general se mantuvieron en sus butacas, as\u00ed como en las sillas que fueron colocadas bajo una carpa instalada a un costado del auditorio, para seguir la transmisi\u00f3n en vivo.<\/p>\n<p>Los espectadores tambi\u00e9n aplaudieron la presencia entre la audiencia de la embajadora de Palestina en M\u00e9xico, Nadya Rasheed.<\/p>\n<h2>Tecnofascismo y apropiaci\u00f3n de recursos naturales<\/h2>\n<p>Una vez que subi\u00f3 al escenario, los asistentes lo recibieron con la consigna \u201cPetro para el pueblo\u201d. El ex presidente colombiano alert\u00f3 que \u201cnos encontramos en un mundo que nos est\u00e1 llevando al tecnofascismo, donde hay una c\u00e1rcel global de la mente humana y proyectos que tienen el fin de apropiarse de los recursos naturales\u201d.<\/p>\n<p>V\u00eda: La Jornada<\/p>\n","protected":false},"excerpt":{"rendered":"<p>La presidenta Claudia Sheinbaum Pardo ofreci\u00f3 al ex mandatario Gustavo Petro quedarse un tiempo en M\u00e9xico para realizar actividades acad\u00e9micas, lo cual fue rechazado por el colombiano, quien tras el encuentro se traslad\u00f3 a la Universidad Nacional Aut\u00f3noma de M\u00e9xico (UNAM) para ofrecer una conferencia magistral. \u201c(Sheinbaum) me invit\u00f3 a unas coordinaciones intelectuales y acad\u00e9micas [&hellip;]<\/p>\n","protected":false},"author":2,"featured_media":98879,"comment_status":"closed","ping_status":"closed","sticky":false,"template":"","format":"standard","meta":{"om_disable_all_campaigns":false,"_monsterinsights_skip_tracking":false,"_uf_show_specific_survey":0,"_uf_disable_surveys":false,"_jetpack_memberships_contains_paid_content":false,"footnotes":"","jetpack_publicize_message":"Sheinbaum sostiene di\u00e1logo con Petro para tratar preocupaciones sobre injerencia de EU","jetpack_publicize_feature_enabled":true,"jetpack_social_post_already_shared":true,"jetpack_social_options":{"image_generator_settings":{"template":"highway","default_image_id":0,"enabled":false},"version":2}},"categories":[6,63],"tags":[],"class_list":["post-98878","post","type-post","status-publish","format-standard","has-post-thumbnail","category-global","category-politica"],"aioseo_notices":[],"jetpack_publicize_connections":[],"jetpack_featured_media_url":"https:\/\/medianews.mx\/wp-content\/uploads\/2026\/09\/Captura-de-pantalla_3-9-2026_143327_www.jornada.com_.mx_.jpeg","jetpack_sharing_enabled":true,"_links":{"self":[{"href":"https:\/\/medianews.mx\/index.php\/wp-json\/wp\/v2\/posts\/98878","targetHints":{"allow":["GET"]}}],"collection":[{"href":"https:\/\/medianews.mx\/index.php\/wp-json\/wp\/v2\/posts"}],"about":[{"href":"https:\/\/medianews.mx\/index.php\/wp-json\/wp\/v2\/types\/post"}],"author":[{"embeddable":true,"href":"https:\/\/medianews.mx\/index.php\/wp-json\/wp\/v2\/users\/2"}],"replies":[{"embeddable":true,"href":"https:\/\/medianews.mx\/index.php\/wp-json\/wp\/v2\/comments?post=98878"}],"version-history":[{"count":1,"href":"https:\/\/medianews.mx\/index.php\/wp-json\/wp\/v2\/posts\/98878\/revisions"}],"predecessor-version":[{"id":98880,"href":"https:\/\/medianews.mx\/index.php\/wp-json\/wp\/v2\/posts\/98878\/revisions\/98880"}],"wp:featuredmedia":[{"embeddable":true,"href":"https:\/\/medianews.mx\/index.php\/wp-json\/wp\/v2\/media\/98879"}],"wp:attachment":[{"href":"https:\/\/medianews.mx\/index.php\/wp-json\/wp\/v2\/media?parent=98878"}],"wp:term":[{"taxonomy":"category","embeddable":true,"href":"https:\/\/medianews.mx\/index.php\/wp-json\/wp\/v2\/categories?post=98878"},{"taxonomy":"post_tag","embeddable":true,"href":"https:\/\/medianews.mx\/index.php\/wp-json\/wp\/v2\/tags?post=98878"}],"curies":[{"name":"wp","href":"https:\/\/api.w.org\/{rel}","templated":true}]}}