{"id":98888,"date":"2026-09-03T14:48:58","date_gmt":"2026-09-03T20:48:58","guid":{"rendered":"https:\/\/medianews.mx\/?p=98888"},"modified":"2026-09-03T14:48:58","modified_gmt":"2026-09-03T20:48:58","slug":"con-moron-unidad-y-organizacion-para-consolidar-la-transformacion-en-michoacanjc-barragan","status":"publish","type":"post","link":"https:\/\/medianews.mx\/index.php\/2026\/09\/03\/con-moron-unidad-y-organizacion-para-consolidar-la-transformacion-en-michoacanjc-barragan\/","title":{"rendered":"Con Mor\u00f3n unidad y organizaci\u00f3n para consolidar la transformaci\u00f3n en Michoac\u00e1n:JC Barrag\u00e1n"},"content":{"rendered":"<p>Morelia, Michoac\u00e1n; 3 de septiembre de 2026.- El diputado Juan Carlos Barrag\u00e1n hizo un llamado a fortalecer la unidad, la organizaci\u00f3n y la lealtad al proyecto de transformaci\u00f3n, convencido de que solo con un movimiento unido y cercano al pueblo ser\u00e1 posible consolidar los avances alcanzados en Michoac\u00e1n.<\/p>\n<p>Barrag\u00e1n destac\u00f3 la figura del profesor Ra\u00fal Mor\u00f3n Orozco como un referente de la transformaci\u00f3n en Michoac\u00e1n, con trayectoria, experiencia y capacidad para convocar a distintos sectores del movimiento.<\/p>\n<p>\u201cRa\u00fal Mor\u00f3n representa unidad, organizaci\u00f3n y experiencia. Es un hombre que conoce el territorio, que camina con la gente y que ha demostrado que sabe construir acuerdos y mantener unido al movimiento\u201d, afirm\u00f3.<\/p>\n<p>El legislador se\u00f1al\u00f3 que el momento actual exige dejar de lado intereses personales y anteponer el proyecto de transformaci\u00f3n, as\u00ed como el bienestar del pueblo de Michoac\u00e1n.<\/p>\n<p>\u201cAqu\u00ed cabemos todas y todos. La unidad no significa pensar igual en todo, significa tener claro que tenemos un proyecto com\u00fan y que la transformaci\u00f3n est\u00e1 por encima de cualquier inter\u00e9s personal\u201d, sostuvo.<\/p>\n<p>Juan Carlos Barrag\u00e1n reiter\u00f3 su respaldo a la Presidenta Claudia Sheinbaum y llam\u00f3 a cerrar filas en torno a los principios de Morena: unidad, organizaci\u00f3n, honestidad y amor al pueblo.<\/p>\n<p><img loading=\"lazy\" decoding=\"async\" class=\"alignnone size-medium wp-image-98889\" src=\"https:\/\/medianews.mx\/wp-content\/uploads\/2026\/09\/WhatsApp-Image-2026-09-03-at-2.04.33-PM-300x200.jpeg\" alt=\"\" width=\"300\" height=\"200\" srcset=\"https:\/\/medianews.mx\/wp-content\/uploads\/2026\/09\/WhatsApp-Image-2026-09-03-at-2.04.33-PM-300x200.jpeg 300w, https:\/\/medianews.mx\/wp-content\/uploads\/2026\/09\/WhatsApp-Image-2026-09-03-at-2.04.33-PM-1024x682.jpeg 1024w, https:\/\/medianews.mx\/wp-content\/uploads\/2026\/09\/WhatsApp-Image-2026-09-03-at-2.04.33-PM-768x512.jpeg 768w, https:\/\/medianews.mx\/wp-content\/uploads\/2026\/09\/WhatsApp-Image-2026-09-03-at-2.04.33-PM-1536x1023.jpeg 1536w, https:\/\/medianews.mx\/wp-content\/uploads\/2026\/09\/WhatsApp-Image-2026-09-03-at-2.04.33-PM-150x100.jpeg 150w, https:\/\/medianews.mx\/wp-content\/uploads\/2026\/09\/WhatsApp-Image-2026-09-03-at-2.04.33-PM-696x464.jpeg 696w, https:\/\/medianews.mx\/wp-content\/uploads\/2026\/09\/WhatsApp-Image-2026-09-03-at-2.04.33-PM-1068x712.jpeg 1068w, https:\/\/medianews.mx\/wp-content\/uploads\/2026\/09\/WhatsApp-Image-2026-09-03-at-2.04.33-PM.jpeg 1600w\" sizes=\"auto, (max-width: 300px) 100vw, 300px\" \/><\/p>\n","protected":false},"excerpt":{"rendered":"<p>Morelia, Michoac\u00e1n; 3 de septiembre de 2026.- El diputado Juan Carlos Barrag\u00e1n hizo un llamado a fortalecer la unidad, la organizaci\u00f3n y la lealtad al proyecto de transformaci\u00f3n, convencido de que solo con un movimiento unido y cercano al pueblo ser\u00e1 posible consolidar los avances alcanzados en Michoac\u00e1n. Barrag\u00e1n destac\u00f3 la figura del profesor Ra\u00fal [&hellip;]<\/p>\n","protected":false},"author":2,"featured_media":98889,"comment_status":"closed","ping_status":"closed","sticky":false,"template":"","format":"standard","meta":{"om_disable_all_campaigns":false,"_monsterinsights_skip_tracking":false,"_uf_show_specific_survey":0,"_uf_disable_surveys":false,"_jetpack_memberships_contains_paid_content":false,"footnotes":"","jetpack_publicize_message":"Con Mor\u00f3n unidad y organizaci\u00f3n para consolidar la transformaci\u00f3n en Michoac\u00e1n:JC Barrag\u00e1n\r\n\r\nLa unidad no significa pensar igual en todo, significa tener claro que tenemos un proyecto com\u00fan y que la transformaci\u00f3n est\u00e1 por encima de cualquier inter\u00e9s personal, dijo Barrag\u00e1n","jetpack_publicize_feature_enabled":true,"jetpack_social_post_already_shared":true,"jetpack_social_options":{"image_generator_settings":{"template":"highway","default_image_id":0,"enabled":false},"version":2}},"categories":[15],"tags":[],"class_list":["post-98888","post","type-post","status-publish","format-standard","has-post-thumbnail","category-michoacan"],"aioseo_notices":[],"jetpack_publicize_connections":[],"jetpack_featured_media_url":"https:\/\/medianews.mx\/wp-content\/uploads\/2026\/09\/WhatsApp-Image-2026-09-03-at-2.04.33-PM.jpeg","jetpack_sharing_enabled":true,"_links":{"self":[{"href":"https:\/\/medianews.mx\/index.php\/wp-json\/wp\/v2\/posts\/98888","targetHints":{"allow":["GET"]}}],"collection":[{"href":"https:\/\/medianews.mx\/index.php\/wp-json\/wp\/v2\/posts"}],"about":[{"href":"https:\/\/medianews.mx\/index.php\/wp-json\/wp\/v2\/types\/post"}],"author":[{"embeddable":true,"href":"https:\/\/medianews.mx\/index.php\/wp-json\/wp\/v2\/users\/2"}],"replies":[{"embeddable":true,"href":"https:\/\/medianews.mx\/index.php\/wp-json\/wp\/v2\/comments?post=98888"}],"version-history":[{"count":1,"href":"https:\/\/medianews.mx\/index.php\/wp-json\/wp\/v2\/posts\/98888\/revisions"}],"predecessor-version":[{"id":98890,"href":"https:\/\/medianews.mx\/index.php\/wp-json\/wp\/v2\/posts\/98888\/revisions\/98890"}],"wp:featuredmedia":[{"embeddable":true,"href":"https:\/\/medianews.mx\/index.php\/wp-json\/wp\/v2\/media\/98889"}],"wp:attachment":[{"href":"https:\/\/medianews.mx\/index.php\/wp-json\/wp\/v2\/media?parent=98888"}],"wp:term":[{"taxonomy":"category","embeddable":true,"href":"https:\/\/medianews.mx\/index.php\/wp-json\/wp\/v2\/categories?post=98888"},{"taxonomy":"post_tag","embeddable":true,"href":"https:\/\/medianews.mx\/index.php\/wp-json\/wp\/v2\/tags?post=98888"}],"curies":[{"name":"wp","href":"https:\/\/api.w.org\/{rel}","templated":true}]}}