{"id":98915,"date":"2026-09-04T09:38:34","date_gmt":"2026-09-04T15:38:34","guid":{"rendered":"https:\/\/medianews.mx\/?p=98915"},"modified":"2026-09-04T09:38:34","modified_gmt":"2026-09-04T15:38:34","slug":"choque-entre-dos-vehiculos-deja-tres-muertos-en-la-tuzantla-tiquicheo","status":"publish","type":"post","link":"https:\/\/medianews.mx\/index.php\/2026\/09\/04\/choque-entre-dos-vehiculos-deja-tres-muertos-en-la-tuzantla-tiquicheo\/","title":{"rendered":"Choque entre dos veh\u00edculos deja tres muertos en la Tuzantla-Tiquicheo"},"content":{"rendered":"<p>RED 113 MICHOAC\u00c1N\/Redacci\u00f3n<\/p>\n<p>Tuzantla, Mich.- Viernes 04 de septiembre de 2026.- Un choque entre un cami\u00f3n de carga y un veh\u00edculo particular dej\u00f3 como saldo tres personas fallecidas, entre ellas dos mujeres, tragedia que ocurri\u00f3 sobre la carretera Tuzantla-Tiquicheo, informaron autoridades policiales.<\/p>\n<p>El accidente se registr\u00f3 durante la noche de ayer jueves en las cercan\u00edas de la comunidad de La Colonia, perteneciente a la regi\u00f3n de Tuzantla, y fue reportado por automovilistas que transitaban por la zona al n\u00famero de emergencias 911.<\/p>\n<p>Posteriormente acudieron patrulleros y param\u00e9dicos, quienes confirmaron el deceso de las v\u00edctimas, identificadas como Yolanda (42 a\u00f1os), Reina y Lorenzo (adulto mayor). Todos eran vecinos de la comunidad de La Polilla, indicaron las fuentes.<\/p>\n<p>Trascendi\u00f3 que uno de los automotores involucrados es un veh\u00edculo Nissan con placas NF-1012-A, mientras que la otra unidad corresponde a un cami\u00f3n Freightliner con matr\u00edcula 21-BH-2X.<\/p>\n<p>Los oficiales acordonaron el per\u00edmetro y dieron aviso a la Fiscal\u00eda Regional, cuyos especialistas realizaron las diligencias correspondientes y trasladaron los cad\u00e1veres al Servicio M\u00e9dico Forense (Semefo) para la pr\u00e1ctica de la necropsia de ley.<\/p>\n<p><img loading=\"lazy\" decoding=\"async\" class=\"alignnone size-medium wp-image-98916\" src=\"https:\/\/medianews.mx\/wp-content\/uploads\/2026\/09\/WhatsApp-Image-2026-09-04-at-9.24.14-AM-300x225.jpeg\" alt=\"\" width=\"300\" height=\"225\" srcset=\"https:\/\/medianews.mx\/wp-content\/uploads\/2026\/09\/WhatsApp-Image-2026-09-04-at-9.24.14-AM-300x225.jpeg 300w, https:\/\/medianews.mx\/wp-content\/uploads\/2026\/09\/WhatsApp-Image-2026-09-04-at-9.24.14-AM-1024x768.jpeg 1024w, https:\/\/medianews.mx\/wp-content\/uploads\/2026\/09\/WhatsApp-Image-2026-09-04-at-9.24.14-AM-768x576.jpeg 768w, https:\/\/medianews.mx\/wp-content\/uploads\/2026\/09\/WhatsApp-Image-2026-09-04-at-9.24.14-AM-1536x1152.jpeg 1536w, https:\/\/medianews.mx\/wp-content\/uploads\/2026\/09\/WhatsApp-Image-2026-09-04-at-9.24.14-AM-150x113.jpeg 150w, https:\/\/medianews.mx\/wp-content\/uploads\/2026\/09\/WhatsApp-Image-2026-09-04-at-9.24.14-AM-696x522.jpeg 696w, https:\/\/medianews.mx\/wp-content\/uploads\/2026\/09\/WhatsApp-Image-2026-09-04-at-9.24.14-AM-1068x801.jpeg 1068w, https:\/\/medianews.mx\/wp-content\/uploads\/2026\/09\/WhatsApp-Image-2026-09-04-at-9.24.14-AM.jpeg 1600w\" sizes=\"auto, (max-width: 300px) 100vw, 300px\" \/><\/p>\n","protected":false},"excerpt":{"rendered":"<p>RED 113 MICHOAC\u00c1N\/Redacci\u00f3n Tuzantla, Mich.- Viernes 04 de septiembre de 2026.- Un choque entre un cami\u00f3n de carga y un veh\u00edculo particular dej\u00f3 como saldo tres personas fallecidas, entre ellas dos mujeres, tragedia que ocurri\u00f3 sobre la carretera Tuzantla-Tiquicheo, informaron autoridades policiales. El accidente se registr\u00f3 durante la noche de ayer jueves en las cercan\u00edas [&hellip;]<\/p>\n","protected":false},"author":2,"featured_media":98916,"comment_status":"closed","ping_status":"closed","sticky":false,"template":"","format":"standard","meta":{"om_disable_all_campaigns":false,"_monsterinsights_skip_tracking":false,"_uf_show_specific_survey":0,"_uf_disable_surveys":false,"_jetpack_memberships_contains_paid_content":false,"footnotes":"","jetpack_publicize_message":"Choque entre dos veh\u00edculos deja tres muertos en la Tuzantla-Tiquicheo\r\n\r\n  + Sucedi\u00f3 cerca de la comunidad de La Colonia. \r\n  + Los ahora finados eran vecinos de la poblaci\u00f3n de La Polilla.","jetpack_publicize_feature_enabled":true,"jetpack_social_post_already_shared":true,"jetpack_social_options":{"image_generator_settings":{"template":"highway","default_image_id":0,"enabled":false},"version":2}},"categories":[15],"tags":[1816,206,1815,1814],"class_list":["post-98915","post","type-post","status-publish","format-standard","has-post-thumbnail","category-michoacan","tag-3-muertos","tag-choque","tag-dos-vehiculos","tag-tuzantla-tiquicheo"],"aioseo_notices":[],"jetpack_publicize_connections":[],"jetpack_featured_media_url":"https:\/\/medianews.mx\/wp-content\/uploads\/2026\/09\/WhatsApp-Image-2026-09-04-at-9.24.14-AM.jpeg","jetpack_sharing_enabled":true,"_links":{"self":[{"href":"https:\/\/medianews.mx\/index.php\/wp-json\/wp\/v2\/posts\/98915","targetHints":{"allow":["GET"]}}],"collection":[{"href":"https:\/\/medianews.mx\/index.php\/wp-json\/wp\/v2\/posts"}],"about":[{"href":"https:\/\/medianews.mx\/index.php\/wp-json\/wp\/v2\/types\/post"}],"author":[{"embeddable":true,"href":"https:\/\/medianews.mx\/index.php\/wp-json\/wp\/v2\/users\/2"}],"replies":[{"embeddable":true,"href":"https:\/\/medianews.mx\/index.php\/wp-json\/wp\/v2\/comments?post=98915"}],"version-history":[{"count":1,"href":"https:\/\/medianews.mx\/index.php\/wp-json\/wp\/v2\/posts\/98915\/revisions"}],"predecessor-version":[{"id":98917,"href":"https:\/\/medianews.mx\/index.php\/wp-json\/wp\/v2\/posts\/98915\/revisions\/98917"}],"wp:featuredmedia":[{"embeddable":true,"href":"https:\/\/medianews.mx\/index.php\/wp-json\/wp\/v2\/media\/98916"}],"wp:attachment":[{"href":"https:\/\/medianews.mx\/index.php\/wp-json\/wp\/v2\/media?parent=98915"}],"wp:term":[{"taxonomy":"category","embeddable":true,"href":"https:\/\/medianews.mx\/index.php\/wp-json\/wp\/v2\/categories?post=98915"},{"taxonomy":"post_tag","embeddable":true,"href":"https:\/\/medianews.mx\/index.php\/wp-json\/wp\/v2\/tags?post=98915"}],"curies":[{"name":"wp","href":"https:\/\/api.w.org\/{rel}","templated":true}]}}