{"id":98921,"date":"2026-09-04T10:46:17","date_gmt":"2026-09-04T16:46:17","guid":{"rendered":"https:\/\/medianews.mx\/?p=98921"},"modified":"2026-09-04T10:46:17","modified_gmt":"2026-09-04T16:46:17","slug":"libertad-de-expresion-musical-debe-garantizarse-sin-hacer-apologia-del-delito-baltazar-gaona","status":"publish","type":"post","link":"https:\/\/medianews.mx\/index.php\/2026\/09\/04\/libertad-de-expresion-musical-debe-garantizarse-sin-hacer-apologia-del-delito-baltazar-gaona\/","title":{"rendered":"Libertad de expresi\u00f3n musical debe garantizarse sin hacer apolog\u00eda del delito: Baltazar Gaona"},"content":{"rendered":"<p>Morelia, Michoac\u00e1n, a 4 de septiembre de 2026.- El presidente de la Mesa Directiva del Congreso del Estado, diputado Baltazar Gaona Garc\u00eda, se pronunci\u00f3 a favor de garantizar las distintas expresiones musicales y culturales en Michoac\u00e1n, as\u00ed como el derecho al trabajo de quienes dependen de esta industria y la posibilidad de que la poblaci\u00f3n cuente con espacios de entretenimiento y diversi\u00f3n.<\/p>\n<p>\u201cYo estoy a favor de que la m\u00fasica se pueda escuchar y disfrutar, de que los artistas puedan trabajar y de que la gente tenga espacios para divertirse. Lo que no podemos permitir es que desde un escenario se haga un llamado a cometer delitos, se incentive el consumo de drogas, se exhiban armas o se denigre a las mujeres\u201d, expres\u00f3.<\/p>\n<p>Gaona Garc\u00eda aclar\u00f3 que su postura no significa estar a favor de los narcocorridos ni de contenidos que hagan apolog\u00eda del delito. Explic\u00f3 que su planteamiento parte de distinguir entre una expresi\u00f3n musical y aquellas conductas que pueden convertirse en una incitaci\u00f3n directa a la violencia o a la comisi\u00f3n de il\u00edcitos.<\/p>\n<p>El legislador record\u00f3 que vot\u00f3 a favor de regular la apolog\u00eda del delito bajo ese principio, pero consider\u00f3 necesario revisar la manera en que se est\u00e1 aplicando para evitar que una disposici\u00f3n encaminada a combatir la violencia termine convirti\u00e9ndose en una restricci\u00f3n generalizada de determinadas expresiones musicales.<\/p>\n<p>\u201cNo se trata de abrirle la puerta a la apolog\u00eda del delito. Se trata de encontrar un equilibrio: que haya m\u00fasica, conciertos, trabajo y diversi\u00f3n para la gente, pero sin armas, sin llamados a la violencia, sin promover las drogas y sin expresiones que denigren a las mujeres o a cualquier grupo vulnerable\u201d, puntualiz\u00f3 Baltazar Gaona.<\/p>\n<p>Finalmente, el presidente del Congreso reiter\u00f3 que Michoac\u00e1n puede garantizar espacios para la cultura, la m\u00fasica y el entretenimiento sin renunciar a la responsabilidad de combatir cualquier expresi\u00f3n que promueva conductas delictivas, por lo que llam\u00f3 a privilegiar una aplicaci\u00f3n equilibrada de la legislaci\u00f3n que proteja tanto la convivencia social como las libertades y el derecho al trabajo.<\/p>\n<p><img loading=\"lazy\" decoding=\"async\" class=\"alignnone size-medium wp-image-98922\" src=\"https:\/\/medianews.mx\/wp-content\/uploads\/2026\/09\/WhatsApp-Image-2026-09-04-at-10.43.28-AM-300x200.jpeg\" alt=\"\" width=\"300\" height=\"200\" srcset=\"https:\/\/medianews.mx\/wp-content\/uploads\/2026\/09\/WhatsApp-Image-2026-09-04-at-10.43.28-AM-300x200.jpeg 300w, https:\/\/medianews.mx\/wp-content\/uploads\/2026\/09\/WhatsApp-Image-2026-09-04-at-10.43.28-AM-1024x683.jpeg 1024w, https:\/\/medianews.mx\/wp-content\/uploads\/2026\/09\/WhatsApp-Image-2026-09-04-at-10.43.28-AM-768x512.jpeg 768w, https:\/\/medianews.mx\/wp-content\/uploads\/2026\/09\/WhatsApp-Image-2026-09-04-at-10.43.28-AM-150x100.jpeg 150w, https:\/\/medianews.mx\/wp-content\/uploads\/2026\/09\/WhatsApp-Image-2026-09-04-at-10.43.28-AM-696x464.jpeg 696w, https:\/\/medianews.mx\/wp-content\/uploads\/2026\/09\/WhatsApp-Image-2026-09-04-at-10.43.28-AM-1068x713.jpeg 1068w, https:\/\/medianews.mx\/wp-content\/uploads\/2026\/09\/WhatsApp-Image-2026-09-04-at-10.43.28-AM.jpeg 1280w\" sizes=\"auto, (max-width: 300px) 100vw, 300px\" \/><\/p>\n","protected":false},"excerpt":{"rendered":"<p>Morelia, Michoac\u00e1n, a 4 de septiembre de 2026.- El presidente de la Mesa Directiva del Congreso del Estado, diputado Baltazar Gaona Garc\u00eda, se pronunci\u00f3 a favor de garantizar las distintas expresiones musicales y culturales en Michoac\u00e1n, as\u00ed como el derecho al trabajo de quienes dependen de esta industria y la posibilidad de que la poblaci\u00f3n [&hellip;]<\/p>\n","protected":false},"author":2,"featured_media":98922,"comment_status":"closed","ping_status":"closed","sticky":false,"template":"","format":"standard","meta":{"om_disable_all_campaigns":false,"_monsterinsights_skip_tracking":false,"_uf_show_specific_survey":0,"_uf_disable_surveys":false,"_jetpack_memberships_contains_paid_content":false,"footnotes":"","jetpack_publicize_message":"Libertad de expresi\u00f3n musical debe garantizarse sin hacer apolog\u00eda del delito: Baltazar Gaona\r\n\u2022\u2060  \u2060El legislador aclar\u00f3 que no est\u00e1 a favor de los narcocorridos, sino de garantizar las expresiones musicales, las fuentes de empleo y espacios de entretenimiento para la poblaci\u00f3n.","jetpack_publicize_feature_enabled":true,"jetpack_social_post_already_shared":true,"jetpack_social_options":{"image_generator_settings":{"template":"highway","default_image_id":0,"enabled":false},"version":2}},"categories":[15],"tags":[1820,490,1819,1818],"class_list":["post-98921","post","type-post","status-publish","format-standard","has-post-thumbnail","category-michoacan","tag-apologia-del-delito","tag-baltazar-gaona","tag-garantizarse","tag-libertad-de-expresion-musical"],"aioseo_notices":[],"jetpack_publicize_connections":[],"jetpack_featured_media_url":"https:\/\/medianews.mx\/wp-content\/uploads\/2026\/09\/WhatsApp-Image-2026-09-04-at-10.43.28-AM.jpeg","jetpack_sharing_enabled":true,"_links":{"self":[{"href":"https:\/\/medianews.mx\/index.php\/wp-json\/wp\/v2\/posts\/98921","targetHints":{"allow":["GET"]}}],"collection":[{"href":"https:\/\/medianews.mx\/index.php\/wp-json\/wp\/v2\/posts"}],"about":[{"href":"https:\/\/medianews.mx\/index.php\/wp-json\/wp\/v2\/types\/post"}],"author":[{"embeddable":true,"href":"https:\/\/medianews.mx\/index.php\/wp-json\/wp\/v2\/users\/2"}],"replies":[{"embeddable":true,"href":"https:\/\/medianews.mx\/index.php\/wp-json\/wp\/v2\/comments?post=98921"}],"version-history":[{"count":2,"href":"https:\/\/medianews.mx\/index.php\/wp-json\/wp\/v2\/posts\/98921\/revisions"}],"predecessor-version":[{"id":98924,"href":"https:\/\/medianews.mx\/index.php\/wp-json\/wp\/v2\/posts\/98921\/revisions\/98924"}],"wp:featuredmedia":[{"embeddable":true,"href":"https:\/\/medianews.mx\/index.php\/wp-json\/wp\/v2\/media\/98922"}],"wp:attachment":[{"href":"https:\/\/medianews.mx\/index.php\/wp-json\/wp\/v2\/media?parent=98921"}],"wp:term":[{"taxonomy":"category","embeddable":true,"href":"https:\/\/medianews.mx\/index.php\/wp-json\/wp\/v2\/categories?post=98921"},{"taxonomy":"post_tag","embeddable":true,"href":"https:\/\/medianews.mx\/index.php\/wp-json\/wp\/v2\/tags?post=98921"}],"curies":[{"name":"wp","href":"https:\/\/api.w.org\/{rel}","templated":true}]}}