{"id":98925,"date":"2026-09-04T10:49:10","date_gmt":"2026-09-04T16:49:10","guid":{"rendered":"https:\/\/medianews.mx\/?p=98925"},"modified":"2026-09-04T10:49:10","modified_gmt":"2026-09-04T16:49:10","slug":"asesinan-a-pareja-de-hermanos-y-hieren-a-una-bebe-en-vivienda-de-la-colonia-el-vergel-de-zamora","status":"publish","type":"post","link":"https:\/\/medianews.mx\/index.php\/2026\/09\/04\/asesinan-a-pareja-de-hermanos-y-hieren-a-una-bebe-en-vivienda-de-la-colonia-el-vergel-de-zamora\/","title":{"rendered":"Asesinan a pareja de hermanos y hieren a una beb\u00e9, en vivienda de la colonia El Vergel de Zamora"},"content":{"rendered":"<p>RED 113 MICHOAC\u00c1N\/Redacci\u00f3n<\/p>\n<p>Zamora, Mich.- 4 de septiembre de 2026.- Dos hermanos, hombre y una mujer fueron asesinados a tiros al interior de un domicilio de la colonia El Vergel, en esta ciudad de Zamora. Durante la agresi\u00f3n una beb\u00e9 result\u00f3 herida; en el sitio fueron encontrados varios indicios bal\u00edsticos.<\/p>\n<p>De acuerdo con la informaci\u00f3n obtenida por este medio, el crimen tuvo lugar en un domicilio ubicado sobre la calle De las Camelinas, hasta donde se movilizaron autoridades tras ser alertadas sobre una agresi\u00f3n armada.<\/p>\n<p>A su arribo param\u00e9dicos de rescate confirmaron la muerte de Daniel Israel A., de 19 a\u00f1os de edad y su hermana Diana Soledad A., de 23 a\u00f1os de edad, cuyos cad\u00e1veres yac\u00edan en camas de las habitaciones.<\/p>\n<p>Aunado a lo anterior familiares de los fallecidos informaron a las autoridades que a un hospital local hab\u00eda sido trasladada una menor de 8 meses de edad, hija de Diana, misma que result\u00f3 lesionada de una pierna.<\/p>\n<p>El \u00e1rea qued\u00f3 bajo resguardo para permitir la intervenci\u00f3n de especialistas de la Fiscal\u00eda General del Estado (FGE), quienes realizaron el procesamiento de la escena.<\/p>\n<p>Durante las diligencias fueron recolectados ocho casquillos percutidos calibre .9 mil\u00edmetros, as\u00ed como una ojiva, elementos que quedaron asegurados para su an\u00e1lisis e integraci\u00f3n a las investigaciones.<\/p>\n<p>Posteriormente, los cuerpos de la mujer y del hombre fueron trasladados al Servicio M\u00e9dico Forense (SEMEFO) para la pr\u00e1ctica de las necropsias correspondientes.<\/p>\n<p>La Fiscal\u00eda mantiene abiertas las investigaciones para esclarecer el doble homicidio y determinar el m\u00f3vil, as\u00ed como la identidad de quien o quienes resulten responsables.<\/p>\n<p><img loading=\"lazy\" decoding=\"async\" class=\"alignnone size-medium wp-image-98926\" src=\"https:\/\/medianews.mx\/wp-content\/uploads\/2026\/09\/WhatsApp-Image-2026-09-04-at-10.13.50-AM-300x169.jpeg\" alt=\"\" width=\"300\" height=\"169\" srcset=\"https:\/\/medianews.mx\/wp-content\/uploads\/2026\/09\/WhatsApp-Image-2026-09-04-at-10.13.50-AM-300x169.jpeg 300w, https:\/\/medianews.mx\/wp-content\/uploads\/2026\/09\/WhatsApp-Image-2026-09-04-at-10.13.50-AM-1024x576.jpeg 1024w, https:\/\/medianews.mx\/wp-content\/uploads\/2026\/09\/WhatsApp-Image-2026-09-04-at-10.13.50-AM-768x432.jpeg 768w, https:\/\/medianews.mx\/wp-content\/uploads\/2026\/09\/WhatsApp-Image-2026-09-04-at-10.13.50-AM-1536x864.jpeg 1536w, https:\/\/medianews.mx\/wp-content\/uploads\/2026\/09\/WhatsApp-Image-2026-09-04-at-10.13.50-AM-150x84.jpeg 150w, https:\/\/medianews.mx\/wp-content\/uploads\/2026\/09\/WhatsApp-Image-2026-09-04-at-10.13.50-AM-696x392.jpeg 696w, https:\/\/medianews.mx\/wp-content\/uploads\/2026\/09\/WhatsApp-Image-2026-09-04-at-10.13.50-AM-1068x601.jpeg 1068w, https:\/\/medianews.mx\/wp-content\/uploads\/2026\/09\/WhatsApp-Image-2026-09-04-at-10.13.50-AM.jpeg 1600w\" sizes=\"auto, (max-width: 300px) 100vw, 300px\" \/><\/p>\n","protected":false},"excerpt":{"rendered":"<p>RED 113 MICHOAC\u00c1N\/Redacci\u00f3n Zamora, Mich.- 4 de septiembre de 2026.- Dos hermanos, hombre y una mujer fueron asesinados a tiros al interior de un domicilio de la colonia El Vergel, en esta ciudad de Zamora. Durante la agresi\u00f3n una beb\u00e9 result\u00f3 herida; en el sitio fueron encontrados varios indicios bal\u00edsticos. De acuerdo con la informaci\u00f3n [&hellip;]<\/p>\n","protected":false},"author":2,"featured_media":98926,"comment_status":"closed","ping_status":"closed","sticky":false,"template":"","format":"standard","meta":{"om_disable_all_campaigns":false,"_monsterinsights_skip_tracking":false,"_uf_show_specific_survey":0,"_uf_disable_surveys":false,"_jetpack_memberships_contains_paid_content":false,"footnotes":"","jetpack_publicize_message":"","jetpack_publicize_feature_enabled":true,"jetpack_social_post_already_shared":true,"jetpack_social_options":{"image_generator_settings":{"template":"highway","default_image_id":0,"enabled":false},"version":2}},"categories":[15],"tags":[333,1821,1822,680,386],"class_list":["post-98925","post","type-post","status-publish","format-standard","has-post-thumbnail","category-michoacan","tag-asesinan","tag-el-vergel-de-zamora","tag-hieren-a-bebe","tag-pareja","tag-vivienda"],"aioseo_notices":[],"jetpack_publicize_connections":[],"jetpack_featured_media_url":"https:\/\/medianews.mx\/wp-content\/uploads\/2026\/09\/WhatsApp-Image-2026-09-04-at-10.13.50-AM.jpeg","jetpack_sharing_enabled":true,"_links":{"self":[{"href":"https:\/\/medianews.mx\/index.php\/wp-json\/wp\/v2\/posts\/98925","targetHints":{"allow":["GET"]}}],"collection":[{"href":"https:\/\/medianews.mx\/index.php\/wp-json\/wp\/v2\/posts"}],"about":[{"href":"https:\/\/medianews.mx\/index.php\/wp-json\/wp\/v2\/types\/post"}],"author":[{"embeddable":true,"href":"https:\/\/medianews.mx\/index.php\/wp-json\/wp\/v2\/users\/2"}],"replies":[{"embeddable":true,"href":"https:\/\/medianews.mx\/index.php\/wp-json\/wp\/v2\/comments?post=98925"}],"version-history":[{"count":1,"href":"https:\/\/medianews.mx\/index.php\/wp-json\/wp\/v2\/posts\/98925\/revisions"}],"predecessor-version":[{"id":98927,"href":"https:\/\/medianews.mx\/index.php\/wp-json\/wp\/v2\/posts\/98925\/revisions\/98927"}],"wp:featuredmedia":[{"embeddable":true,"href":"https:\/\/medianews.mx\/index.php\/wp-json\/wp\/v2\/media\/98926"}],"wp:attachment":[{"href":"https:\/\/medianews.mx\/index.php\/wp-json\/wp\/v2\/media?parent=98925"}],"wp:term":[{"taxonomy":"category","embeddable":true,"href":"https:\/\/medianews.mx\/index.php\/wp-json\/wp\/v2\/categories?post=98925"},{"taxonomy":"post_tag","embeddable":true,"href":"https:\/\/medianews.mx\/index.php\/wp-json\/wp\/v2\/tags?post=98925"}],"curies":[{"name":"wp","href":"https:\/\/api.w.org\/{rel}","templated":true}]}}