{"id":98928,"date":"2026-09-04T11:03:36","date_gmt":"2026-09-04T17:03:36","guid":{"rendered":"https:\/\/medianews.mx\/?p=98928"},"modified":"2026-09-04T11:03:36","modified_gmt":"2026-09-04T17:03:36","slug":"bienestar-llega-a-quienes-estaban-olvidados-gaby-molina","status":"publish","type":"post","link":"https:\/\/medianews.mx\/index.php\/2026\/09\/04\/bienestar-llega-a-quienes-estaban-olvidados-gaby-molina\/","title":{"rendered":"Bienestar llega a quienes estaban olvidados: Gaby Molina"},"content":{"rendered":"<p>Morelia, Michoac\u00e1n, 4 de septiembre de 2026.- La Transformaci\u00f3n se refleja cuando los derechos llegan a la vida cotidiana de las familias, afirm\u00f3 Gaby Molina, al destacar que m\u00e1s de un mill\u00f3n de michoacanos son beneficiarios de los Programas para el Bienestar, impulsados por la presidenta Claudia Sheinbaum Pardo.<\/p>\n<p>Para la morenista, estos resultados muestran un cambio de fondo en la pol\u00edtica social: el bienestar no debe entenderse como una d\u00e1diva, sino como un derecho y una herramienta de justicia social. Adultos mayores, personas con discapacidad, mujeres, estudiantes y familias de distintas regiones reciben respaldo de una pol\u00edtica p\u00fablica que busca reducir desigualdades y reconocer a quienes durante a\u00f1os sostuvieron sus comunidades sin estar en el centro de las prioridades gubernamentales.<\/p>\n<p>La aspirante a la Coordinaci\u00f3n Estatal en Defensa de la Transformaci\u00f3n y la Soberan\u00eda Nacional sostuvo que mantener esta ruta compartida por la Presidenta en su Segundo Informe de Gobierno, exige cercan\u00eda y capacidad para escuchar al territorio, porque cada regi\u00f3n enfrenta realidades distintas. La pol\u00edtica social, dijo, debe acompa\u00f1arse de organizaci\u00f3n, di\u00e1logo y presencia comunitaria.<\/p>\n<p>Las cifras muestran la dimensi\u00f3n de esta estrategia: hay una inversi\u00f3n de superior a los 30 mil millones de pesos, de acuerdo con las cifras del Plan Michoac\u00e1n por la Paz y la Justicia. \u201cEl bienestar tiene que sentirse donde viven las familias\u201d, plante\u00f3, porque transformar tambi\u00e9n significa que quienes durante a\u00f1os fueron escuchados poco, hoy tengan derechos, respaldo institucional y condiciones para construir una vida con mayor dignidad.<\/p>\n<p><img loading=\"lazy\" decoding=\"async\" class=\"alignnone size-medium wp-image-98929\" src=\"https:\/\/medianews.mx\/wp-content\/uploads\/2026\/09\/WhatsApp-Image-2026-09-04-at-11.01.16-AM-300x265.jpeg\" alt=\"\" width=\"300\" height=\"265\" srcset=\"https:\/\/medianews.mx\/wp-content\/uploads\/2026\/09\/WhatsApp-Image-2026-09-04-at-11.01.16-AM-300x265.jpeg 300w, https:\/\/medianews.mx\/wp-content\/uploads\/2026\/09\/WhatsApp-Image-2026-09-04-at-11.01.16-AM-1024x906.jpeg 1024w, https:\/\/medianews.mx\/wp-content\/uploads\/2026\/09\/WhatsApp-Image-2026-09-04-at-11.01.16-AM-768x679.jpeg 768w, https:\/\/medianews.mx\/wp-content\/uploads\/2026\/09\/WhatsApp-Image-2026-09-04-at-11.01.16-AM-1536x1359.jpeg 1536w, https:\/\/medianews.mx\/wp-content\/uploads\/2026\/09\/WhatsApp-Image-2026-09-04-at-11.01.16-AM-2048x1812.jpeg 2048w, https:\/\/medianews.mx\/wp-content\/uploads\/2026\/09\/WhatsApp-Image-2026-09-04-at-11.01.16-AM-150x133.jpeg 150w, https:\/\/medianews.mx\/wp-content\/uploads\/2026\/09\/WhatsApp-Image-2026-09-04-at-11.01.16-AM-696x616.jpeg 696w, https:\/\/medianews.mx\/wp-content\/uploads\/2026\/09\/WhatsApp-Image-2026-09-04-at-11.01.16-AM-1068x945.jpeg 1068w, https:\/\/medianews.mx\/wp-content\/uploads\/2026\/09\/WhatsApp-Image-2026-09-04-at-11.01.16-AM-1920x1699.jpeg 1920w\" sizes=\"auto, (max-width: 300px) 100vw, 300px\" \/><\/p>\n","protected":false},"excerpt":{"rendered":"<p>Morelia, Michoac\u00e1n, 4 de septiembre de 2026.- La Transformaci\u00f3n se refleja cuando los derechos llegan a la vida cotidiana de las familias, afirm\u00f3 Gaby Molina, al destacar que m\u00e1s de un mill\u00f3n de michoacanos son beneficiarios de los Programas para el Bienestar, impulsados por la presidenta Claudia Sheinbaum Pardo. Para la morenista, estos resultados muestran [&hellip;]<\/p>\n","protected":false},"author":2,"featured_media":98929,"comment_status":"closed","ping_status":"closed","sticky":false,"template":"","format":"standard","meta":{"om_disable_all_campaigns":false,"_monsterinsights_skip_tracking":false,"_uf_show_specific_survey":0,"_uf_disable_surveys":false,"_jetpack_memberships_contains_paid_content":false,"footnotes":"","jetpack_publicize_message":"Bienestar llega a quienes estaban olvidados: Gaby Molina\r\n\r\nM\u00e1s de un mill\u00f3n de michoacanos reciben Programas para el Bienestar, con una inversi\u00f3n superior a 30 mil millones de pesos.","jetpack_publicize_feature_enabled":true,"jetpack_social_post_already_shared":true,"jetpack_social_options":{"image_generator_settings":{"template":"highway","default_image_id":0,"enabled":false},"version":2}},"categories":[15],"tags":[283,297,198,1823],"class_list":["post-98928","post","type-post","status-publish","format-standard","has-post-thumbnail","category-michoacan","tag-bienestar","tag-gaby-molina","tag-morena","tag-olvidados"],"aioseo_notices":[],"jetpack_publicize_connections":[],"jetpack_featured_media_url":"https:\/\/medianews.mx\/wp-content\/uploads\/2026\/09\/WhatsApp-Image-2026-09-04-at-11.01.16-AM-scaled.jpeg","jetpack_sharing_enabled":true,"_links":{"self":[{"href":"https:\/\/medianews.mx\/index.php\/wp-json\/wp\/v2\/posts\/98928","targetHints":{"allow":["GET"]}}],"collection":[{"href":"https:\/\/medianews.mx\/index.php\/wp-json\/wp\/v2\/posts"}],"about":[{"href":"https:\/\/medianews.mx\/index.php\/wp-json\/wp\/v2\/types\/post"}],"author":[{"embeddable":true,"href":"https:\/\/medianews.mx\/index.php\/wp-json\/wp\/v2\/users\/2"}],"replies":[{"embeddable":true,"href":"https:\/\/medianews.mx\/index.php\/wp-json\/wp\/v2\/comments?post=98928"}],"version-history":[{"count":1,"href":"https:\/\/medianews.mx\/index.php\/wp-json\/wp\/v2\/posts\/98928\/revisions"}],"predecessor-version":[{"id":98930,"href":"https:\/\/medianews.mx\/index.php\/wp-json\/wp\/v2\/posts\/98928\/revisions\/98930"}],"wp:featuredmedia":[{"embeddable":true,"href":"https:\/\/medianews.mx\/index.php\/wp-json\/wp\/v2\/media\/98929"}],"wp:attachment":[{"href":"https:\/\/medianews.mx\/index.php\/wp-json\/wp\/v2\/media?parent=98928"}],"wp:term":[{"taxonomy":"category","embeddable":true,"href":"https:\/\/medianews.mx\/index.php\/wp-json\/wp\/v2\/categories?post=98928"},{"taxonomy":"post_tag","embeddable":true,"href":"https:\/\/medianews.mx\/index.php\/wp-json\/wp\/v2\/tags?post=98928"}],"curies":[{"name":"wp","href":"https:\/\/api.w.org\/{rel}","templated":true}]}}